{"id":1837,"date":"2010-05-25T19:29:39","date_gmt":"2010-05-25T19:29:39","guid":{"rendered":"http:\/\/elcronistadigital.com\/?p=1837"},"modified":"2011-06-03T19:29:53","modified_gmt":"2011-06-03T19:29:53","slug":"seminario-taller-sobre-gestion-cultural","status":"publish","type":"post","link":"https:\/\/elcronistadigital.com\/?p=1837","title":{"rendered":"Seminario taller sobre gesti\u00f3n cultural"},"content":{"rendered":"<p><a href=\"https:\/\/elcronistadigital.com\/wp-content\/uploads\/2011\/06\/libros.jpg\"><img loading=\"lazy\" decoding=\"async\" class=\"alignleft size-full wp-image-1838\" title=\"libros\" src=\"https:\/\/elcronistadigital.com\/wp-content\/uploads\/2011\/06\/libros.jpg\" alt=\"\" width=\"300\" height=\"262\" \/><\/a><\/p>\n<p style=\"text-align: justify;\">Expertos nicarag\u00fcenses y de otros pa\u00edses latinoamericanos est\u00e1n reunidos en Managua en la realizaci\u00f3n del seminario taller Diagn\u00f3stico de procesos formativos en gesti\u00f3n cultural, organizado por el Centro Cultural de Espa\u00f1a en Nicaragua (CCEN), con el objetivo profundizar y reflexionar sobre\u00a0 necesidades y estrategias formativas en el \u00e1mbito cultural.<\/p>\n<p style=\"text-align: justify;\">El evento se realizar\u00e1 del 24 al 28 de mayo en el Instituto Nicarag\u00fcense de Cultura Hisp\u00e1nica (INCH), con la participaci\u00f3n de numerosos gestores culturales, miembros del Instituto Nicarag\u00fcense de Cultura (INC), representantes de instituciones, organizaciones, universidades y los propios creadores, que compartir\u00e1n su compromiso y experiencia en el mundo cultural nicarag\u00fcense. Aprovechando este espacio de encuentro, se har\u00e1 un ejercicio de levantamiento de datos que permitir\u00e1 conocer con m\u00e1s precisi\u00f3n los perfiles y las necesidades de los asistentes.<\/p>\n<p style=\"text-align: justify;\">La coordinadora acad\u00e9mica del evento, Cissi Montilla, explica que el Seminario taller tiene una agenda que enfoca temas relacionados con la gesti\u00f3n cultural en Iberoam\u00e9rica y su relaci\u00f3n con la profesionalizaci\u00f3n, la formaci\u00f3n, las industrias creativas, entre otros temas.<\/p>\n<p style=\"text-align: justify;\">Este evento brinda continuidad a la Mesa T\u00e9cnica-taller celebrada en octubre de 2009 en la que gestores culturales, con el apoyo del CCEN, iniciaron un trabajo de identificaci\u00f3n de necesidades,\u00a0 expectativas y propuestas de desarrollo en el campo de la gesti\u00f3n cultural en Nicaragua. Esta serie de iniciativas responde a una etapa en d\u00f3nde el CCEN, est\u00e1 definiendo a trav\u00e9s de encuentros, seminarios y talleres, las l\u00edneas estrat\u00e9gicas a desarrollar en los pr\u00f3ximos a\u00f1os.\u00a0<\/p>\n<p style=\"text-align: justify;\">Los asistentes al seminario taller, podr\u00e1n compartir con expertos como Francisco Lacayo y Mayra Calero, de Nicaragua; George Y\u00fadice, de Estados Unidos; Am\u00e9rica Mej\u00eda, de Honduras; Winston Licona Calpe y Clara M\u00f3nica Zapata, de Colombia; Jos\u00e9 Antonio MacGregor, Cissi Montilla y Eliud Silva, de M\u00e9xico; Sylvie Dur\u00e1n, de Costa Rica; Miguel Huezo Mixco, de El Salvador y H\u00e9ctor Ariel Olmos, de Argentina.<\/p>\n<p style=\"text-align: justify;\">Todos los invitados a este encuentro cuentan con una amplia experiencia en el desarrollo de la gesti\u00f3n cultural en Iberoam\u00e9rica y han estado estrechamente vinculados a procesos de formaci\u00f3n y dise\u00f1o de pol\u00edticas p\u00fablicas en cada uno de sus pa\u00edses.<\/p>\n<p style=\"text-align: justify;\">La informaci\u00f3n obtenida como resultado del seminario taller, quedar\u00e1 a disposici\u00f3n y uso de aquellas organizaciones y\/o personas que as\u00ed lo deseen.<\/p>\n","protected":false},"excerpt":{"rendered":"<p>Expertos nicarag\u00fcenses y de otros pa\u00edses latinoamericanos est\u00e1n reunidos en Managua en la realizaci\u00f3n del seminario taller Diagn\u00f3stico de procesos formativos en gesti\u00f3n cultural, organizado por el Centro Cultural de Espa\u00f1a en Nicaragua (CCEN), con el objetivo profundizar y reflexionar sobre\u00a0 necesidades y estrategias formativas en el \u00e1mbito cultural. El evento se realizar\u00e1 del 24 [&hellip;]<\/p>\n","protected":false},"author":1,"featured_media":1838,"comment_status":"open","ping_status":"open","sticky":false,"template":"","format":"standard","meta":{"om_disable_all_campaigns":false,"_monsterinsights_skip_tracking":false,"_monsterinsights_sitenote_active":false,"_monsterinsights_sitenote_note":"","_monsterinsights_sitenote_category":0,"footnotes":""},"categories":[10],"tags":[],"class_list":["post-1837","post","type-post","status-publish","format-standard","has-post-thumbnail","hentry","category-cultura"],"aioseo_notices":[],"_links":{"self":[{"href":"https:\/\/elcronistadigital.com\/index.php?rest_route=\/wp\/v2\/posts\/1837","targetHints":{"allow":["GET"]}}],"collection":[{"href":"https:\/\/elcronistadigital.com\/index.php?rest_route=\/wp\/v2\/posts"}],"about":[{"href":"https:\/\/elcronistadigital.com\/index.php?rest_route=\/wp\/v2\/types\/post"}],"author":[{"embeddable":true,"href":"https:\/\/elcronistadigital.com\/index.php?rest_route=\/wp\/v2\/users\/1"}],"replies":[{"embeddable":true,"href":"https:\/\/elcronistadigital.com\/index.php?rest_route=%2Fwp%2Fv2%2Fcomments&post=1837"}],"version-history":[{"count":2,"href":"https:\/\/elcronistadigital.com\/index.php?rest_route=\/wp\/v2\/posts\/1837\/revisions"}],"predecessor-version":[{"id":1840,"href":"https:\/\/elcronistadigital.com\/index.php?rest_route=\/wp\/v2\/posts\/1837\/revisions\/1840"}],"wp:featuredmedia":[{"embeddable":true,"href":"https:\/\/elcronistadigital.com\/index.php?rest_route=\/wp\/v2\/media\/1838"}],"wp:attachment":[{"href":"https:\/\/elcronistadigital.com\/index.php?rest_route=%2Fwp%2Fv2%2Fmedia&parent=1837"}],"wp:term":[{"taxonomy":"category","embeddable":true,"href":"https:\/\/elcronistadigital.com\/index.php?rest_route=%2Fwp%2Fv2%2Fcategories&post=1837"},{"taxonomy":"post_tag","embeddable":true,"href":"https:\/\/elcronistadigital.com\/index.php?rest_route=%2Fwp%2Fv2%2Ftags&post=1837"}],"curies":[{"name":"wp","href":"https:\/\/api.w.org\/{rel}","templated":true}]}}