{"id":18680,"date":"2013-06-03T09:21:26","date_gmt":"2013-06-03T15:21:26","guid":{"rendered":"http:\/\/elcronistadigital.com\/?p=18680"},"modified":"2013-06-03T09:21:26","modified_gmt":"2013-06-03T15:21:26","slug":"guatemala-tambien-veja-a-los-migrantes","status":"publish","type":"post","link":"https:\/\/elcronistadigital.com\/?p=18680","title":{"rendered":"Guatemala tambi\u00e9n veja a los migrantes"},"content":{"rendered":"<div id=\"attachment_18681\" style=\"width: 310px\" class=\"wp-caption alignleft\"><a href=\"https:\/\/elcronistadigital.com\/?attachment_id=18681\" rel=\"attachment wp-att-18681\"><img loading=\"lazy\" decoding=\"async\" aria-describedby=\"caption-attachment-18681\" class=\"size-medium wp-image-18681\" title=\"r\u00edo Suchiate\" src=\"https:\/\/elcronistadigital.com\/wp-content\/uploads\/2013\/06\/r\u00edo-Suchiate-300x204.jpg\" alt=\"\" width=\"300\" height=\"204\" srcset=\"https:\/\/elcronistadigital.com\/wp-content\/uploads\/2013\/06\/r\u00edo-Suchiate-300x204.jpg 300w, https:\/\/elcronistadigital.com\/wp-content\/uploads\/2013\/06\/r\u00edo-Suchiate-342x232.jpg 342w, https:\/\/elcronistadigital.com\/wp-content\/uploads\/2013\/06\/r\u00edo-Suchiate.jpg 473w\" sizes=\"auto, (max-width: 300px) 100vw, 300px\" \/><\/a><p id=\"caption-attachment-18681\" class=\"wp-caption-text\">Migrantes centroamericanos en balsa sobre el r\u00edo Suchiate, en frontera entre Guatemala y M\u00e9xico.<\/p><\/div>\n<p>* Nicarag\u00fcenses retoman la b\u00fasqueda del esquivo y peligroso \u201csue\u00f1o americano\u201d<\/p>\n<p>El tr\u00e1nsito de migrantes centroamericanos hacia EE. UU., contin\u00faa a pesar del endurecimiento de leyes y acciones de las autoridades de ese pa\u00eds y de M\u00e9xico para detenerlo, inform\u00f3 el sacerdote Ademar Barilli, director de la Casa del Migrante, en el paso fronterizo de Tec\u00fan Um\u00e1n, San Marcos, Guatemala.<\/p>\n<p>El religioso indic\u00f3 que no tiene el n\u00famero exacto de migrantes que han cruzado este a\u00f1o la frontera Guatemala-M\u00e9xico, pero s\u00ed el de los deportados por v\u00eda terrestre, entre enero del 2012 y abril de este a\u00f1o, el cual asciende a 26 mil 746.<\/p>\n<p>De esa cifra, seis mil 211 recibieron ayuda de esa entidad el a\u00f1o pasado, y dos mil 315, entre el 1 de enero y el 20 de mayo del 2013, lo que suma ocho mil 517.<\/p>\n<p>Gemayel Fuentes, del departamento jur\u00eddico de la Casa del Migrante, dijo que, de los seis mil 211 atendidos por esa instituci\u00f3n el a\u00f1o pasado, el 32 por ciento era hondure\u00f1o; el 28 por ciento, guatemalteco; el 26 por ciento, salvadore\u00f1o; el 9 por ciento, cubano, y el 4 por ciento, nicarag\u00fcense.<\/p>\n<p>De los dos mil 315 retornados este a\u00f1o, el 35 por ciento era hondure\u00f1o; el 26 por ciento, guatemalteco; el 25 por ciento, salvadore\u00f1o; 7 por ciento, nicarag\u00fcense, y 6 por ciento, cubano.<\/p>\n<p>Barilli se\u00f1al\u00f3 que los migrantes de Honduras, El Salvador y Nicaragua son vejados y extorsionados por las autoridades guatemaltecas.<\/p>\n<p>Afirm\u00f3 que eso no deber\u00eda ocurrir, pues est\u00e1n protegidos por las leyes, ya que la Constituci\u00f3n considera a todos los centroamericanos como guatemaltecos, como lo determina el convenio CA-4.<\/p>\n","protected":false},"excerpt":{"rendered":"<p>* Nicarag\u00fcenses retoman la b\u00fasqueda del esquivo y peligroso \u201csue\u00f1o americano\u201d El tr\u00e1nsito de migrantes centroamericanos hacia EE. UU., contin\u00faa a pesar del endurecimiento de leyes y acciones de las autoridades de ese pa\u00eds y de M\u00e9xico para detenerlo, inform\u00f3 el sacerdote Ademar Barilli, director de la Casa del Migrante, en el paso fronterizo de [&hellip;]<\/p>\n","protected":false},"author":1,"featured_media":18681,"comment_status":"open","ping_status":"open","sticky":false,"template":"","format":"standard","meta":{"om_disable_all_campaigns":false,"_monsterinsights_skip_tracking":false,"_monsterinsights_sitenote_active":false,"_monsterinsights_sitenote_note":"","_monsterinsights_sitenote_category":0,"footnotes":""},"categories":[3,16],"tags":[1001,2954,2955],"class_list":["post-18680","post","type-post","status-publish","format-standard","has-post-thumbnail","hentry","category-nacionales","category-migrante","tag-migrantes-centroamericanos","tag-sueno-americano","tag-violencia-en-guatemala"],"aioseo_notices":[],"_links":{"self":[{"href":"https:\/\/elcronistadigital.com\/index.php?rest_route=\/wp\/v2\/posts\/18680","targetHints":{"allow":["GET"]}}],"collection":[{"href":"https:\/\/elcronistadigital.com\/index.php?rest_route=\/wp\/v2\/posts"}],"about":[{"href":"https:\/\/elcronistadigital.com\/index.php?rest_route=\/wp\/v2\/types\/post"}],"author":[{"embeddable":true,"href":"https:\/\/elcronistadigital.com\/index.php?rest_route=\/wp\/v2\/users\/1"}],"replies":[{"embeddable":true,"href":"https:\/\/elcronistadigital.com\/index.php?rest_route=%2Fwp%2Fv2%2Fcomments&post=18680"}],"version-history":[{"count":3,"href":"https:\/\/elcronistadigital.com\/index.php?rest_route=\/wp\/v2\/posts\/18680\/revisions"}],"predecessor-version":[{"id":18684,"href":"https:\/\/elcronistadigital.com\/index.php?rest_route=\/wp\/v2\/posts\/18680\/revisions\/18684"}],"wp:featuredmedia":[{"embeddable":true,"href":"https:\/\/elcronistadigital.com\/index.php?rest_route=\/wp\/v2\/media\/18681"}],"wp:attachment":[{"href":"https:\/\/elcronistadigital.com\/index.php?rest_route=%2Fwp%2Fv2%2Fmedia&parent=18680"}],"wp:term":[{"taxonomy":"category","embeddable":true,"href":"https:\/\/elcronistadigital.com\/index.php?rest_route=%2Fwp%2Fv2%2Fcategories&post=18680"},{"taxonomy":"post_tag","embeddable":true,"href":"https:\/\/elcronistadigital.com\/index.php?rest_route=%2Fwp%2Fv2%2Ftags&post=18680"}],"curies":[{"name":"wp","href":"https:\/\/api.w.org\/{rel}","templated":true}]}}