{"id":1955,"date":"2011-01-26T20:53:22","date_gmt":"2011-01-26T20:53:22","guid":{"rendered":"http:\/\/elcronistadigital.com\/?p=1955"},"modified":"2011-06-03T20:56:49","modified_gmt":"2011-06-03T20:56:49","slug":"solo-para-mujeres-arte-en-ti-misma-encontrar-lo-que-llevamos-dentro","status":"publish","type":"post","link":"https:\/\/elcronistadigital.com\/?p=1955","title":{"rendered":"S\u00f3lo para mujeres: Arte en ti misma, encontrar lo que llevamos dentro"},"content":{"rendered":"<div class=\"art-article\">\n<p style=\"text-align: justify;\"><a href=\"https:\/\/elcronistadigital.com\/wp-content\/uploads\/2011\/06\/CODObraArianeGarnier61.jpg\"><img loading=\"lazy\" decoding=\"async\" class=\"alignleft size-medium wp-image-1956\" title=\"CODObraArianeGarnier6[1]\" src=\"https:\/\/elcronistadigital.com\/wp-content\/uploads\/2011\/06\/CODObraArianeGarnier61-240x300.jpg\" alt=\"\" width=\"240\" height=\"300\" srcset=\"https:\/\/elcronistadigital.com\/wp-content\/uploads\/2011\/06\/CODObraArianeGarnier61-240x300.jpg 240w, https:\/\/elcronistadigital.com\/wp-content\/uploads\/2011\/06\/CODObraArianeGarnier61.jpg 300w\" sizes=\"auto, (max-width: 240px) 100vw, 240px\" \/><\/a><\/p>\n<p style=\"text-align: justify;\">Arte en ti misma, encontrar lo que llevamos dentro es el nombre del taller que organiza Galer\u00eda C\u00f3dice para iniciar el ciclo de actividades en celebraci\u00f3n a su 20 aniversario, como una casa dedicada a la promoci\u00f3n cultural.<\/p>\n<p style=\"text-align: justify;\">El taller, que se realizar\u00e1 el viernes 28 de enero en la terraza de Galer\u00eda C\u00f3dice, estar\u00e1 a cargo de la artista costarricense Ariane Garnier, quien el jueves 27 inaugurar\u00e1 tambi\u00e9n la muestra Teor\u00eda M\u00e1gica, pintura y trabajos en cedazo.<\/p>\n<p style=\"text-align: justify;\">Juanita Berm\u00fadez, directora de Galer\u00eda C\u00f3dice, se\u00f1ala que el trabajo de Ariane Garnier est\u00e1 orientado a la potenciaci\u00f3n de la creatividad y la autoestima.<\/p>\n<p style=\"text-align: justify;\">\u00abEste taller est\u00e1 dirigido a todas las mujeres. Con Ariane, tendremos la oportunidad de encontrar nuestra fuerza interior y motivarnos a abandonar nuestras ataduras y alcanzar as\u00ed nuestras metas y objetivos\u00bb, agrega Juanita, quien recibi\u00f3 este mes la Medalla a la Excelencia Art\u00edstica 2011 por su importante su amplio trabajo de promoci\u00f3n a las Artes Pl\u00e1sticas, Visuales y Contempor\u00e1neas desde Galer\u00eda C\u00f3dice.<\/p>\n<p style=\"text-align: justify;\">Arte y empoderamiento<\/p>\n<p style=\"text-align: justify;\">Ariane ha desarrollado importantes proyectos creativos como el Bosque de las Mujeres, de la Fundaci\u00f3n Tayutic en Turrialba, Costa Rica, performance\/instalaci\u00f3n colectiva de empoderamiento personal con la participaci\u00f3n de las mujeres de los pueblos de Sitio de Mata y El Silencio en Turrialba y grupos de mujeres josefinas.<\/p>\n<p style=\"text-align: justify;\">Como profesora, imparte clases privadas de arte y creatividad en su taller. Es adem\u00e1s curadora de la Fundaci\u00f3n por el Patrimonio de la Casa Presidencial de Costa Rica. Es creadora y coach del concepto de team building a trav\u00e9s del arte (trabajo en equipo), que viabiliza en encuentro consigo mismo y con \u00abel otro\u00bb, un programa para empresas e instituciones.<\/p>\n<p style=\"text-align: justify;\">Ariane Garnier tiene diecis\u00e9is exposiciones individuales en Costa Rica, Guatemala, Argentina y Estados Unidos.Treinta y cuatro exhibiciones colectivas en Costa Rica, Guatemala, Espa\u00f1a, Ecuador, Venezuela, Francia, Bolivia, Argentina, y Estados Unidos.<\/p>\n<p style=\"text-align: justify;\">Es Licenciada en Artes Pl\u00e1sticas con \u00e9nfasis en Pintura, por la Universidad de Costa Rica; especializada en lenguaje relacional por entrenarte, del MIT de la Universidad de las Palmas de Gran Canaria y Art Marketing Association, UK.<\/p>\n<p style=\"text-align: justify;\">Las mujeres interesadas en participar en el taller Arte en ti misma, encontrar lo que llevamos dentro pueden enviar un correo a la direcci\u00f3n<script type=\"text\/javascript\"><\/script> <a href=\"mailto:juanita@galeriacodice.com\">juanita@galeriacodice.com<\/a><script type=\"text\/javascript\"><\/script> <span style=\"display: none;\">Esta direcci\u00f3n electr\u00f3nica esta protegida contra spam bots. Necesita activar JavaScript para visualizarla<script type=\"text\/javascript\"><\/script> <\/span>o llamar al tel\u00e9fono 2267 2635.<\/p>\n<\/div>\n","protected":false},"excerpt":{"rendered":"<p>Arte en ti misma, encontrar lo que llevamos dentro es el nombre del taller que organiza Galer\u00eda C\u00f3dice para iniciar el ciclo de actividades en celebraci\u00f3n a su 20 aniversario, como una casa dedicada a la promoci\u00f3n cultural. El taller, que se realizar\u00e1 el viernes 28 de enero en la terraza de Galer\u00eda C\u00f3dice, estar\u00e1 [&hellip;]<\/p>\n","protected":false},"author":1,"featured_media":1956,"comment_status":"open","ping_status":"open","sticky":false,"template":"","format":"standard","meta":{"om_disable_all_campaigns":false,"_monsterinsights_skip_tracking":false,"_monsterinsights_sitenote_active":false,"_monsterinsights_sitenote_note":"","_monsterinsights_sitenote_category":0,"footnotes":""},"categories":[10],"tags":[],"class_list":["post-1955","post","type-post","status-publish","format-standard","has-post-thumbnail","hentry","category-cultura"],"aioseo_notices":[],"_links":{"self":[{"href":"https:\/\/elcronistadigital.com\/index.php?rest_route=\/wp\/v2\/posts\/1955","targetHints":{"allow":["GET"]}}],"collection":[{"href":"https:\/\/elcronistadigital.com\/index.php?rest_route=\/wp\/v2\/posts"}],"about":[{"href":"https:\/\/elcronistadigital.com\/index.php?rest_route=\/wp\/v2\/types\/post"}],"author":[{"embeddable":true,"href":"https:\/\/elcronistadigital.com\/index.php?rest_route=\/wp\/v2\/users\/1"}],"replies":[{"embeddable":true,"href":"https:\/\/elcronistadigital.com\/index.php?rest_route=%2Fwp%2Fv2%2Fcomments&post=1955"}],"version-history":[{"count":4,"href":"https:\/\/elcronistadigital.com\/index.php?rest_route=\/wp\/v2\/posts\/1955\/revisions"}],"predecessor-version":[{"id":1966,"href":"https:\/\/elcronistadigital.com\/index.php?rest_route=\/wp\/v2\/posts\/1955\/revisions\/1966"}],"wp:featuredmedia":[{"embeddable":true,"href":"https:\/\/elcronistadigital.com\/index.php?rest_route=\/wp\/v2\/media\/1956"}],"wp:attachment":[{"href":"https:\/\/elcronistadigital.com\/index.php?rest_route=%2Fwp%2Fv2%2Fmedia&parent=1955"}],"wp:term":[{"taxonomy":"category","embeddable":true,"href":"https:\/\/elcronistadigital.com\/index.php?rest_route=%2Fwp%2Fv2%2Fcategories&post=1955"},{"taxonomy":"post_tag","embeddable":true,"href":"https:\/\/elcronistadigital.com\/index.php?rest_route=%2Fwp%2Fv2%2Ftags&post=1955"}],"curies":[{"name":"wp","href":"https:\/\/api.w.org\/{rel}","templated":true}]}}