{"id":1976,"date":"2011-03-29T21:00:42","date_gmt":"2011-03-29T21:00:42","guid":{"rendered":"http:\/\/elcronistadigital.com\/?p=1976"},"modified":"2011-06-03T21:02:40","modified_gmt":"2011-06-03T21:02:40","slug":"las-bondades-del-te","status":"publish","type":"post","link":"https:\/\/elcronistadigital.com\/?p=1976","title":{"rendered":"Las bondades del t\u00e9"},"content":{"rendered":"<p><span>\u00a0<\/span><\/p>\n<p><a href=\"https:\/\/elcronistadigital.com\/wp-content\/uploads\/2011\/06\/Te.jpg\"><img loading=\"lazy\" decoding=\"async\" class=\"alignleft size-medium wp-image-1977\" title=\"Te\" src=\"https:\/\/elcronistadigital.com\/wp-content\/uploads\/2011\/06\/Te-181x300.jpg\" alt=\"\" width=\"181\" height=\"300\" srcset=\"https:\/\/elcronistadigital.com\/wp-content\/uploads\/2011\/06\/Te-181x300.jpg 181w, https:\/\/elcronistadigital.com\/wp-content\/uploads\/2011\/06\/Te.jpg 281w\" sizes=\"auto, (max-width: 181px) 100vw, 181px\" \/><\/a><\/p>\n<p style=\"text-align: justify;\">\u00bfQu\u00e9 es un espacio cultural? Es decir, \u00bfcu\u00e1l es el lugar id\u00f3neo para presentar y\/o experimentar manifestaciones culturales tales como teatro, pintura, poes\u00eda, entre otras? \u00bfUna galer\u00eda, el auditorio de una universidad, el porche de tu casa? No lo s\u00e9, la vastedad de propuestas es simplemente abrumadora. Creo que es muy dif\u00edcil sintetizar una sola respuesta, pero cada d\u00eda aparecen m\u00e1s y m\u00e1s lugares con iniciativas de apertura cultural.<\/p>\n<p style=\"text-align: justify;\">\u00a0<\/p>\n<p style=\"text-align: justify;\">Tal es el caso de la Teter\u00eda Cultural SocraT\u00e9s. S\u00ed, una teter\u00eda. Inmediatamente me pregunt\u00e9 dos cosas: 1. \u00bfqui\u00e9n rayos toma t\u00e9?; y 2. \u00bfpor qu\u00e9 una teter\u00eda y no un \u00abbar cultural\u00bb? Bueno, vamos por partes.<\/p>\n<p style=\"text-align: justify;\">El proyecto Socrat\u00e9s es una iniciativa impulsada por estudiantes de la carrera de Humanidades y Filosof\u00eda de la Universidad Centroamericana, con el prop\u00f3sito de crear un espacio f\u00edsico donde puedan converger diferentes expresiones culturales y art\u00edsticas, adem\u00e1s de formar un ambiente de di\u00e1logo y convivencia.<\/p>\n<p style=\"text-align: justify;\">Socrat\u00e9s ya ha realizado algunas actividades itinerantes, siendo la primera el a\u00f1o pasado. Ahora la experiencia se repite, propiamente este mi\u00e9rcoles 13 de abril en la Universidad Centroamericana.<\/p>\n<p style=\"text-align: justify;\">-Todas las actividades las hacen los estudiantes de Humanidades y Filosof\u00eda, y se logra una din\u00e1mica participativa que incluye al p\u00fablico, al final terminamos en un ambiente bastante tranquilo y peculiar, nada que te encontr\u00e9s en otro lado- dice F\u00e1tima Elizondo, estudiante de la carrera de Humanidades y Filosof\u00eda.<\/p>\n<p style=\"text-align: justify;\">-Lo bonito es que ya hay algunas personas que experimentaron el primer SocraT\u00e9s y que lo disfrutaron mucho, por lo que hemos visto y escuchado; c\u00f3mo tomamos muy en cuenta sus sugerencias para este segundo evento, fijo que lo van a disfrutar m\u00e1s- asegura F\u00e1tima.<\/p>\n<p style=\"text-align: justify;\">Esta iniciativa involucra a todos los estudiantes de la carrera de Humanidades y Filosof\u00eda, todos trabajan por igual y juntos ven los resultados finales.<\/p>\n<p style=\"text-align: justify;\">Sinceramente, no me gusta mucho el t\u00e9, pero s\u00ed SocraT\u00e9s. \u00bfPor qu\u00e9?, porque no me parece m\u00e1s que el esfuerzo conjunto de varios chavalos para proponer algo nuevo en una Managua ya repleta de \u00abbares culturales\u00bb (hago \u00e9nfasis en las comillas).<\/p>\n<p style=\"text-align: justify;\">La cita para el segundo Socrat\u00e9s itinerante es este mi\u00e9rcoles 13 de abril a las 4 de la tarde en el Paseo de la Memoria frente al INCH, en la UCA. El precio de introducci\u00f3n es de 15 c\u00f3rdobas y, seg\u00fan mis fuentes, habr\u00e1 barra libre de t\u00e9 y reposter\u00eda.<\/p>\n<p style=\"text-align: justify;\">\u00bfQu\u00e9 ser\u00e1 entonces, aprovecharemos las bondades del t\u00e9?<\/p>\n","protected":false},"excerpt":{"rendered":"<p>\u00a0 \u00bfQu\u00e9 es un espacio cultural? Es decir, \u00bfcu\u00e1l es el lugar id\u00f3neo para presentar y\/o experimentar manifestaciones culturales tales como teatro, pintura, poes\u00eda, entre otras? \u00bfUna galer\u00eda, el auditorio de una universidad, el porche de tu casa? No lo s\u00e9, la vastedad de propuestas es simplemente abrumadora. Creo que es muy dif\u00edcil sintetizar una [&hellip;]<\/p>\n","protected":false},"author":1,"featured_media":1977,"comment_status":"open","ping_status":"open","sticky":false,"template":"","format":"standard","meta":{"om_disable_all_campaigns":false,"_monsterinsights_skip_tracking":false,"_monsterinsights_sitenote_active":false,"_monsterinsights_sitenote_note":"","_monsterinsights_sitenote_category":0,"footnotes":""},"categories":[10],"tags":[],"class_list":["post-1976","post","type-post","status-publish","format-standard","has-post-thumbnail","hentry","category-cultura"],"aioseo_notices":[],"_links":{"self":[{"href":"https:\/\/elcronistadigital.com\/index.php?rest_route=\/wp\/v2\/posts\/1976","targetHints":{"allow":["GET"]}}],"collection":[{"href":"https:\/\/elcronistadigital.com\/index.php?rest_route=\/wp\/v2\/posts"}],"about":[{"href":"https:\/\/elcronistadigital.com\/index.php?rest_route=\/wp\/v2\/types\/post"}],"author":[{"embeddable":true,"href":"https:\/\/elcronistadigital.com\/index.php?rest_route=\/wp\/v2\/users\/1"}],"replies":[{"embeddable":true,"href":"https:\/\/elcronistadigital.com\/index.php?rest_route=%2Fwp%2Fv2%2Fcomments&post=1976"}],"version-history":[{"count":3,"href":"https:\/\/elcronistadigital.com\/index.php?rest_route=\/wp\/v2\/posts\/1976\/revisions"}],"predecessor-version":[{"id":1985,"href":"https:\/\/elcronistadigital.com\/index.php?rest_route=\/wp\/v2\/posts\/1976\/revisions\/1985"}],"wp:featuredmedia":[{"embeddable":true,"href":"https:\/\/elcronistadigital.com\/index.php?rest_route=\/wp\/v2\/media\/1977"}],"wp:attachment":[{"href":"https:\/\/elcronistadigital.com\/index.php?rest_route=%2Fwp%2Fv2%2Fmedia&parent=1976"}],"wp:term":[{"taxonomy":"category","embeddable":true,"href":"https:\/\/elcronistadigital.com\/index.php?rest_route=%2Fwp%2Fv2%2Fcategories&post=1976"},{"taxonomy":"post_tag","embeddable":true,"href":"https:\/\/elcronistadigital.com\/index.php?rest_route=%2Fwp%2Fv2%2Ftags&post=1976"}],"curies":[{"name":"wp","href":"https:\/\/api.w.org\/{rel}","templated":true}]}}