{"id":19935,"date":"2013-06-26T11:53:58","date_gmt":"2013-06-26T17:53:58","guid":{"rendered":"http:\/\/elcronistadigital.com\/?p=19935"},"modified":"2013-06-26T11:53:58","modified_gmt":"2013-06-26T17:53:58","slug":"no-son-migrantes-ilegales-sino-desplazados-por-desigualdades","status":"publish","type":"post","link":"https:\/\/elcronistadigital.com\/?p=19935","title":{"rendered":"No son \u201cmigrantes ilegales\u201d sino \u201cdesplazados por desigualdades\u201d"},"content":{"rendered":"<p><a href=\"https:\/\/elcronistadigital.com\/?attachment_id=19936\" rel=\"attachment wp-att-19936\"><img loading=\"lazy\" decoding=\"async\" class=\"alignleft size-full wp-image-19936\" title=\"migrantes 7\" src=\"https:\/\/elcronistadigital.com\/wp-content\/uploads\/2013\/06\/migrantes-7.jpg\" alt=\"\" width=\"272\" height=\"185\" \/><\/a>* Pa\u00edses receptores les aplican medidas de \u201csoberan\u00eda nacional\u201d que generan violaciones graves de los derechos humanos, se\u00f1alan en M\u00e9xico<\/p>\n<p>Se debe de garantizar la protecci\u00f3n de las personas migrantes en su ruta por M\u00e9xico hacia Estados Unidos, dijo el Presidente de la Comisi\u00f3n de Derechos Humanos del Distrito Federal (CDHDF), Luis Gonz\u00e1lez Placencia, durante una reuni\u00f3n a Embajadores y C\u00f3nsules de Centroam\u00e9rica.<\/p>\n<p>Ante representantes diplom\u00e1ticos de Guatemala, Honduras, El Salvador, Panam\u00e1, Nicaragua, Costa Rica y Ecuador, se refiri\u00f3 a la necesidad de una estrategia regional, que garantice un trabajo mucho m\u00e1s efectivo sobre el fen\u00f3meno migratorio, y de la participaci\u00f3n de la Red DH Migrantes desde Panam\u00e1 y hasta la frontera norte de M\u00e9xico con Estados Unidos.<\/p>\n<p>Dijo que aunque los flujos migratorios tienen caracter\u00edsticas propias en cada pa\u00eds, ya como expulsores o receptores de personas migrantes, deben considerar siempre el principio de no hablar de \u2018seres humanos ilegales\u2019, sino en todo caso de \u2018indocumentados o personas expulsadas\u2019 por las desigualdades econ\u00f3micas, principalmente, y de que la observancia del respeto a sus derechos humanos es fundamental.<\/p>\n<p>\u201cA la hora de articular las pol\u00edticas migratorias en cada pa\u00eds suelen hacerse desde una perspectiva tradicional, en t\u00e9rminos de una soberan\u00eda nacional, que genera violaciones graves de los derechos humanos de las personas migrantes sin documentos\u201d, advirti\u00f3 el Ombudsman capitalino.<\/p>\n<p>Record\u00f3 que una preocupaci\u00f3n de la CDHDF es el derecho a la seguridad de las personas migrantes, sobre todo por el riesgo que desde hace por lo menos 10 a\u00f1os viven ante los grupos de la criminalidad organizada.<\/p>\n<p>Sobre la aprobaci\u00f3n del Senado de Estados Unidos para reforzar militarmente su frontera con M\u00e9xico, a trav\u00e9s de la enmienda Corker-Hoeven, se\u00f1al\u00f3: \u201cEsperamos que la posici\u00f3n del Gobierno federal sea firme en torno de la defensa de los derechos de las personas migrantes en Estados Unidos, toda vez que all\u00e1 est\u00e1n privilegiando el tema de la seguridad y el control de sus fronteras\u201d.<\/p>\n<p>\u201cTenemos que tomar en consideraci\u00f3n la posibilidad del incremento de violaciones de derechos humanos por parte de autoridades y entidades gubernamentales, as\u00ed como de agresiones de los poderes f\u00e1cticos\u201d, reconoci\u00f3 como las prioridades de la Red DH Migrantes, respecto de la citada enmienda.<\/p>\n<p>Al Encuentro con Embajadores y C\u00f3nsules, acudieron la Ministra Consejera de la Embajada de Honduras en M\u00e9xico, Ritza Carolina Ard\u00f3n Mendoza; el Embajador de El Salvador en M\u00e9xico, Carlos Antonio Ascencio Gir\u00f3n; el C\u00f3nsul General de la Embajada de El Salvador, Alfredo D\u00edaz Barrera; el C\u00f3nsul General de la Embajada de Guatemala en M\u00e9xico, Noack Whalter; y el Tercer Secretario de la Embajada de Guatemala en M\u00e9xico, Vinicio Iv\u00e1n Ord\u00f3\u00f1ez Gregorio.<\/p>\n<p>Tambi\u00e9n estuvieron presentes el Embajador de Panam\u00e1 en M\u00e9xico, Francisco Troya Aguirre; la Embajadora de Nicaragua en M\u00e9xico, Tamara Hawkins de Brenes; el Consejero Ministro de la Embajada de Nicaragua, Juan Carlos Guti\u00e9rrez Madrigal; el C\u00f3nsul Adjunto de la Embajadsa de Ecuador en M\u00e9xico, Jorge mu\u00f1oz Marf\u00e1; la C\u00f3nsul General de la Embajada de Costa Rica en M\u00e9xico, Mar\u00eda Amelia Hidalgo; y el Ministro Consejero y C\u00f3nsul de la Embajada de Costa Rica, Andr\u00e9s Vargas.<\/p>\n","protected":false},"excerpt":{"rendered":"<p>* Pa\u00edses receptores les aplican medidas de \u201csoberan\u00eda nacional\u201d que generan violaciones graves de los derechos humanos, se\u00f1alan en M\u00e9xico Se debe de garantizar la protecci\u00f3n de las personas migrantes en su ruta por M\u00e9xico hacia Estados Unidos, dijo el Presidente de la Comisi\u00f3n de Derechos Humanos del Distrito Federal (CDHDF), Luis Gonz\u00e1lez Placencia, durante [&hellip;]<\/p>\n","protected":false},"author":1,"featured_media":19936,"comment_status":"open","ping_status":"open","sticky":false,"template":"","format":"standard","meta":{"om_disable_all_campaigns":false,"_monsterinsights_skip_tracking":false,"_monsterinsights_sitenote_active":false,"_monsterinsights_sitenote_note":"","_monsterinsights_sitenote_category":0,"footnotes":""},"categories":[15,16],"tags":[25,1001],"class_list":["post-19935","post","type-post","status-publish","format-standard","has-post-thumbnail","hentry","category-politca","category-migrante","tag-migrantes","tag-migrantes-centroamericanos"],"aioseo_notices":[],"_links":{"self":[{"href":"https:\/\/elcronistadigital.com\/index.php?rest_route=\/wp\/v2\/posts\/19935","targetHints":{"allow":["GET"]}}],"collection":[{"href":"https:\/\/elcronistadigital.com\/index.php?rest_route=\/wp\/v2\/posts"}],"about":[{"href":"https:\/\/elcronistadigital.com\/index.php?rest_route=\/wp\/v2\/types\/post"}],"author":[{"embeddable":true,"href":"https:\/\/elcronistadigital.com\/index.php?rest_route=\/wp\/v2\/users\/1"}],"replies":[{"embeddable":true,"href":"https:\/\/elcronistadigital.com\/index.php?rest_route=%2Fwp%2Fv2%2Fcomments&post=19935"}],"version-history":[{"count":3,"href":"https:\/\/elcronistadigital.com\/index.php?rest_route=\/wp\/v2\/posts\/19935\/revisions"}],"predecessor-version":[{"id":19939,"href":"https:\/\/elcronistadigital.com\/index.php?rest_route=\/wp\/v2\/posts\/19935\/revisions\/19939"}],"wp:featuredmedia":[{"embeddable":true,"href":"https:\/\/elcronistadigital.com\/index.php?rest_route=\/wp\/v2\/media\/19936"}],"wp:attachment":[{"href":"https:\/\/elcronistadigital.com\/index.php?rest_route=%2Fwp%2Fv2%2Fmedia&parent=19935"}],"wp:term":[{"taxonomy":"category","embeddable":true,"href":"https:\/\/elcronistadigital.com\/index.php?rest_route=%2Fwp%2Fv2%2Fcategories&post=19935"},{"taxonomy":"post_tag","embeddable":true,"href":"https:\/\/elcronistadigital.com\/index.php?rest_route=%2Fwp%2Fv2%2Ftags&post=19935"}],"curies":[{"name":"wp","href":"https:\/\/api.w.org\/{rel}","templated":true}]}}