{"id":20040,"date":"2013-06-29T08:55:25","date_gmt":"2013-06-29T14:55:25","guid":{"rendered":"http:\/\/elcronistadigital.com\/?p=20040"},"modified":"2013-06-29T09:05:12","modified_gmt":"2013-06-29T15:05:12","slug":"la-noble-y-peligrosa-profesion-del-magisterio","status":"publish","type":"post","link":"https:\/\/elcronistadigital.com\/?p=20040","title":{"rendered":"La noble y peligrosa profesi\u00f3n del magisterio"},"content":{"rendered":"<div id=\"attachment_20041\" style=\"width: 290px\" class=\"wp-caption alignleft\"><a href=\"https:\/\/elcronistadigital.com\/?attachment_id=20041\" rel=\"attachment wp-att-20041\"><img loading=\"lazy\" decoding=\"async\" aria-describedby=\"caption-attachment-20041\" class=\"size-full wp-image-20041\" title=\"Dr. Vicente Maltez Montiel 4\" src=\"https:\/\/elcronistadigital.com\/wp-content\/uploads\/2013\/06\/Dr.-Vicente-Maltez-Montiel-4.png\" alt=\"\" width=\"280\" height=\"275\" srcset=\"https:\/\/elcronistadigital.com\/wp-content\/uploads\/2013\/06\/Dr.-Vicente-Maltez-Montiel-4.png 280w, https:\/\/elcronistadigital.com\/wp-content\/uploads\/2013\/06\/Dr.-Vicente-Maltez-Montiel-4-50x50.png 50w, https:\/\/elcronistadigital.com\/wp-content\/uploads\/2013\/06\/Dr.-Vicente-Maltez-Montiel-4-70x70.png 70w, https:\/\/elcronistadigital.com\/wp-content\/uploads\/2013\/06\/Dr.-Vicente-Maltez-Montiel-4-55x55.png 55w\" sizes=\"auto, (max-width: 280px) 100vw, 280px\" \/><\/a><p id=\"caption-attachment-20041\" class=\"wp-caption-text\">Dr. Vicente Maltez Montiel.<\/p><\/div>\n<p>* 29 de junio D\u00eda Nacional del Maestro Nicarag\u00fcense<\/p>\n<p>Vicente Maltez Montiel (*)<br \/>\nUna vez m\u00e1s se celebra este 29 de junio el d\u00eda del maestro nicarag\u00fcense, noble profesi\u00f3n a la cual se dedican m\u00e1s de cincuenta mil hombres y mujeres de nuestro pa\u00eds que sufren factores de riesgo y enfermedades profesionales no reconocidas por la sociedad y el Estado, que afectan su calidad de vida y derechos.<\/p>\n<p>Los nobles maestros y maestras que siembran \u201cideas grandes y nobles\u201d, seg\u00fan Rub\u00e9n Dar\u00edo, no son ajenos a las conclusiones de diversas investigaciones mundiales que han demostrado que existe una relaci\u00f3n causa-efecto entre trabajo docente y trastornos de la salud.<\/p>\n<p>El parlamento somocista decret\u00f3 en noviembre de 1977 \u201cel D\u00eda del Maestro Nicarag\u00fcense\u201d para recordar la gesta patri\u00f3tica del maestro y h\u00e9roe Emmanuel Mongalo y Rubio, quien con una tea incendia en Rivas el mes\u00f3n donde se encontraban los filibusteros de William Walker. Fue hace 158 a\u00f1os, un d\u00eda 29 de junio de 1855.<\/p>\n<p>La inmortal valent\u00eda y generosidad del maestro Mongalo constituye unos de los pilares del orgullo nacional, nos marca a todos pero no se corresponde con la forma de vida y trabajo de quienes ejercen la delicada y estrat\u00e9gica funci\u00f3n social de preparar a las futuras generaciones.<\/p>\n<p>Enmanuel Mongalo es un ejemplo para todos por su amor a la patria y en especial por su desprendimiento, ya que despu\u00e9s de convertirse en h\u00e9roe nacional se retira a escribir textos de geograf\u00eda e historia y muere un primero de febrero de 1872, a los 38 a\u00f1os.<\/p>\n<p>Uno de los peores salarios de Nicaragua es el de los maestros porque no cubre la canasta b\u00e1sica de un hogar, pero adem\u00e1s es importante destacar que se trata de una profesi\u00f3n con altos niveles de peligrosidad laboral por las consecuencias f\u00edsicas, psicol\u00f3gicas y sociales que conlleva el trabajo de ense\u00f1ar.<\/p>\n<p>Los maestros y maestras nicarag\u00fcenses nos acompa\u00f1ar\u00e1n siempre. Inevitable recuerdo a Miguel Ram\u00edrez Goyena, Maestro Gabriel, las inolvidables \u201cOsoritos\u201d, do\u00f1a Hermisenda y do\u00f1a Hermelinda, \u201cmaitro Julio\u201d y licenciada Miriam Sandoval de Sandoval en la vieja Managua.<\/p>\n<p>En nuestro pa\u00eds la doctora Nydia Palacios Vivas, profesor Edgardo \u201cPuchito\u201d Fuentes Montoya, doctores Sergio Palacios y Am\u00edn Hassan, el doctor William Villagra Guti\u00e9rrez y licenciado Alfonso Malesp\u00edn.<\/p>\n<p>En el extranjero no puedo olvidar a los doctores Marx Jan en Rusia y en Cuba a Sergio Salas Vilela, Jaime Wajner Zelicka y Jos\u00e9 Manuel Buchaca.<\/p>\n<p>Como m\u00e9dico internista asumo el concepto promovido por Harrison, que establece que \u201cdebemos compartir informaci\u00f3n y conocimientos con los colegas, estudiantes y profesionales de ramas afines, as\u00ed como con los pacientes\u201d.<\/p>\n<p>Esta fue la filosof\u00eda de vida y trabajo de los profesores doctores del Hospital Manolo Morales de Managua, fallecidos el pasado a\u00f1o, Sergio Palacios Miranda y Am\u00edn Hassan Morales, a quienes recuerdo con mucho cari\u00f1o por su aporte decisivo a la formaci\u00f3n de generaciones de m\u00e9dicos generales y especialistas en Medicina Interna.<\/p>\n<p>Es necesario cambiar la triste situaci\u00f3n de salarios miserables y carencias de todo tipo, largas caminatas de maestros rurales y sus enfermedades profesionales olvidadas e incomprendidas.<\/p>\n<p>Desde el punto de vista f\u00edsico suelen ser frecuentes padecimientos como enfermedades cardiovasculares, respiratorias, dolores lumbares y de la nuca (cervicales), trastornos digestivos tipo gastritis y \u00falceras p\u00e9pticas del est\u00f3mago o duodeno, insuficiencia venosa de miembros inferiores y disfon\u00edas cr\u00f3nicas por el uso y abuso de la voz.<\/p>\n<p>Las alteraciones de la salud mental podemos ejemplificarlas en el siguiente caso: en una ocasi\u00f3n lleg\u00f3 a mi cl\u00ednica una distinguida catedr\u00e1tica que hab\u00eda asumido la responsabilidad de impartir clases en un famoso colegio privado.<\/p>\n<p>Mientras presentaba im\u00e1genes que ilustraban su clase, un estudiante saboteaba el medio audiovisual con un control remoto personal. Al enterarse de la mala intenci\u00f3n del estudiante la profesora sufri\u00f3 un desmayo como consecuencia de una crisis de presi\u00f3n alta.<\/p>\n<p>El estr\u00e9s o tensi\u00f3n nerviosa, la depresi\u00f3n, ansiedad y sentirse \u201cquemado o quemada\u201d, (s\u00edndrome de Bournot), y las consecuencias psicosom\u00e1ticas, emocionales y de la conducta no solo afectan al maestro o maestra, se reflejan en sus alumnos y en el producto de su trabajo, que disminuye en cantidad y calidad.<\/p>\n<p>Las aulas cargadas de alumnos, algunas de ellas con el concepto de \u201cense\u00f1anza inclusiva\u201d que incluyen alumnos con discapacidades variadas y la falta de condiciones ambientales id\u00f3neas (luz, ventilaci\u00f3n, ac\u00fastica y otras), conllevan insatisfacci\u00f3n, disminuci\u00f3n de la productividad y ausentismo laborales, as\u00ed como pasividad, frustraci\u00f3n y conflicto en sus vidas personales.<\/p>\n<p>Nuestros maestros merecen mejor y mayor consideraci\u00f3n socio-econ\u00f3mica y moral. Cualquier intenci\u00f3n que aspire a la transformaci\u00f3n y desarrollo pasan por un sistema educativo eficiente, humanista y en correspondencia con los intereses superiores nacionales donde los educadores son el principal componente. \u00a1Felicidades maestros y maestras!<\/p>\n<p>(*) Especialista y profesor en Medicina Interna, licenciado en Comunicaci\u00f3n Social. Autor del libro \u201cLarga vida y prosperidad, consejos de salud\u201d<br \/>\nCl\u00ednica M\u00e9dica Calle principal de Altamira, frente a la CECA, Managua, tel\u00e9fonos: 2278-0830 y 2267-0251.<br \/>\nmaltezvic@hotmail.com<\/p>\n","protected":false},"excerpt":{"rendered":"<p>* 29 de junio D\u00eda Nacional del Maestro Nicarag\u00fcense Vicente Maltez Montiel (*) Una vez m\u00e1s se celebra este 29 de junio el d\u00eda del maestro nicarag\u00fcense, noble profesi\u00f3n a la cual se dedican m\u00e1s de cincuenta mil hombres y mujeres de nuestro pa\u00eds que sufren factores de riesgo y enfermedades profesionales no reconocidas por [&hellip;]<\/p>\n","protected":false},"author":1,"featured_media":20041,"comment_status":"open","ping_status":"open","sticky":false,"template":"","format":"standard","meta":{"om_disable_all_campaigns":false,"_monsterinsights_skip_tracking":false,"_monsterinsights_sitenote_active":false,"_monsterinsights_sitenote_note":"","_monsterinsights_sitenote_category":0,"footnotes":""},"categories":[3,12],"tags":[3255,3254],"class_list":["post-20040","post","type-post","status-publish","format-standard","has-post-thumbnail","hentry","category-nacionales","category-blugs","tag-dia-del-maestro","tag-dia-del-maestro-nicaraguense"],"aioseo_notices":[],"_links":{"self":[{"href":"https:\/\/elcronistadigital.com\/index.php?rest_route=\/wp\/v2\/posts\/20040","targetHints":{"allow":["GET"]}}],"collection":[{"href":"https:\/\/elcronistadigital.com\/index.php?rest_route=\/wp\/v2\/posts"}],"about":[{"href":"https:\/\/elcronistadigital.com\/index.php?rest_route=\/wp\/v2\/types\/post"}],"author":[{"embeddable":true,"href":"https:\/\/elcronistadigital.com\/index.php?rest_route=\/wp\/v2\/users\/1"}],"replies":[{"embeddable":true,"href":"https:\/\/elcronistadigital.com\/index.php?rest_route=%2Fwp%2Fv2%2Fcomments&post=20040"}],"version-history":[{"count":5,"href":"https:\/\/elcronistadigital.com\/index.php?rest_route=\/wp\/v2\/posts\/20040\/revisions"}],"predecessor-version":[{"id":20044,"href":"https:\/\/elcronistadigital.com\/index.php?rest_route=\/wp\/v2\/posts\/20040\/revisions\/20044"}],"wp:featuredmedia":[{"embeddable":true,"href":"https:\/\/elcronistadigital.com\/index.php?rest_route=\/wp\/v2\/media\/20041"}],"wp:attachment":[{"href":"https:\/\/elcronistadigital.com\/index.php?rest_route=%2Fwp%2Fv2%2Fmedia&parent=20040"}],"wp:term":[{"taxonomy":"category","embeddable":true,"href":"https:\/\/elcronistadigital.com\/index.php?rest_route=%2Fwp%2Fv2%2Fcategories&post=20040"},{"taxonomy":"post_tag","embeddable":true,"href":"https:\/\/elcronistadigital.com\/index.php?rest_route=%2Fwp%2Fv2%2Ftags&post=20040"}],"curies":[{"name":"wp","href":"https:\/\/api.w.org\/{rel}","templated":true}]}}