{"id":2114,"date":"2010-05-08T22:21:44","date_gmt":"2010-05-08T22:21:44","guid":{"rendered":"http:\/\/elcronistadigital.com\/?p=2114"},"modified":"2011-06-03T22:21:58","modified_gmt":"2011-06-03T22:21:58","slug":"nace-la-%e2%80%9cgrannacional%e2%80%9d-albanisa","status":"publish","type":"post","link":"https:\/\/elcronistadigital.com\/?p=2114","title":{"rendered":"Nace la \u201cGrannacional\u201d ALBANISA"},"content":{"rendered":"<p><a href=\"https:\/\/elcronistadigital.com\/wp-content\/uploads\/2011\/06\/ALBA.jpg\"><img loading=\"lazy\" decoding=\"async\" class=\"alignleft size-full wp-image-2115\" title=\"ALBA\" src=\"https:\/\/elcronistadigital.com\/wp-content\/uploads\/2011\/06\/ALBA.jpg\" alt=\"\" width=\"300\" height=\"270\" \/><\/a><\/p>\n<p style=\"text-align: justify;\">El presidente de Nicaragua inaugur\u00f3 el a\u00f1o lectivo de las especialidades m\u00e9dicas en la Universidad Cat\u00f3lica (Unica), con la participaci\u00f3n de unos trescientos m\u00e9dicos, gracias a los fondos del ALBA, seg\u00fan revel\u00f3.<\/p>\n<p style=\"text-align: justify;\">Ortega dijo a los galenos que los fondos del Presupuesto General de la Rep\u00fablica solo daban para financiar la formaci\u00f3n de 50 especialistas, por lo que tuvo que echar mano de la\u201dGrannacional\u201d Albanisa para elevar la cifra a 300.<\/p>\n<p style=\"text-align: justify;\">Y esos 300 m\u00e9dicos aspirantes a obtener una especialidad, fueron llevados a la Unica a escuchar el discurso del mandatario, quien de seguro volver\u00e1 a crear pol\u00e9mica debido a la utilizaci\u00f3n de dinero extra presupuestario.<\/p>\n<p style=\"text-align: justify;\">El presidente Hugo Ch\u00e1vez llama \u201cGrannacional\u201d ALBA a la asociaci\u00f3n econ\u00f3mica que surgi\u00f3 como alternativa frente a la Alternativa de Libre Comercio para las Am\u00e9ricas (ALCA), considerada de corte capitalista por el gobernante venezolano, quien maneja una alta factura petrolera.<\/p>\n<p style=\"text-align: justify;\">Tenemos una \u201cGrannacional\u201d<\/p>\n<p style=\"text-align: justify;\">Ahora ese t\u00e9rmino se traslada a nuestro pa\u00eds para aplic\u00e1rselo a Alba de Nicaragua S.A. (Albanisa), la empresa que ha estado financiando proyectos aparentemente personales\u00a0 de dirigentes sandinistas, y partidarios del FSLN.<\/p>\n<p style=\"text-align: justify;\">Lo de \u201cGrannacional\u201d, seg\u00fan Ch\u00e1vez, es la respuesta o lo opuesto a las transnacionales, que trabajan en funci\u00f3n de enriquecer a unas cuantas personas.<\/p>\n<p style=\"text-align: justify;\">Se entiende que la \u201cGrannacional\u201d Albanisa deber\u00eda actuar a favor de la poblaci\u00f3n de Nicaragua -sin distingos pol\u00edticos-, lo que es dif\u00edcil de precisar porque nadie conoce c\u00f3mo funcionan las ganancias de dicho conglomerado econ\u00f3mico.<\/p>\n<p style=\"text-align: justify;\">Ortega se\u00f1al\u00f3 que si Albanisa fuera una empresa transnacional, no facilitar\u00eda los recursos para mejorar el salario de los trabajadores de la Salud, Educaci\u00f3n y otros.<\/p>\n<p style=\"text-align: justify;\">Reto a transnacionales<\/p>\n<p style=\"text-align: justify;\">Adem\u00e1s \u201cret\u00f3\u201d a las transnacionales, \u201ca los defensores del capitalismo salvaje, a hacer lo mismo, a apoyar a los trabajadores a mejorar sus salarios\u201d.<\/p>\n<p style=\"text-align: justify;\">La verdad es que Nicaragua es un pa\u00eds con la econom\u00eda tan deprimida, que ya operan pocas multinacionales y las franquicias de algunas, como la de los Seminoles, fueron absorbidas por la nueva \u201cGrannacional\u201d.<\/p>\n<p style=\"text-align: justify;\">El mandatario sandinista dijo a los m\u00e9dicos en la Unica, que el pr\u00f3ximo a\u00f1o, \u201cde mejorarse las condiciones econ\u00f3micas, a como venimos trabajando, se logre mejorar el ingreso salarial de todos los trabajadores\u201d.<\/p>\n<p style=\"text-align: justify;\">La semana pasada Ortega levant\u00f3 un verdadero avispero al regalar a t\u00edtulo personal un bono \u201csolidario\u201d a 120 trabajadores del Estado. Los fondos al parecer provinieron de la \u201cGrannacional\u201d Albanisa.<\/p>\n<p style=\"text-align: justify;\">Uno de los regalos a los m\u00e9dicos, seg\u00fan anunci\u00f3, ser\u00e1n libros de texto y un malet\u00edn nuevo b\u00e1sico para diagn\u00f3stico.<\/p>\n","protected":false},"excerpt":{"rendered":"<p>El presidente de Nicaragua inaugur\u00f3 el a\u00f1o lectivo de las especialidades m\u00e9dicas en la Universidad Cat\u00f3lica (Unica), con la participaci\u00f3n de unos trescientos m\u00e9dicos, gracias a los fondos del ALBA, seg\u00fan revel\u00f3. Ortega dijo a los galenos que los fondos del Presupuesto General de la Rep\u00fablica solo daban para financiar la formaci\u00f3n de 50 especialistas, [&hellip;]<\/p>\n","protected":false},"author":1,"featured_media":2115,"comment_status":"open","ping_status":"open","sticky":false,"template":"","format":"standard","meta":{"om_disable_all_campaigns":false,"_monsterinsights_skip_tracking":false,"_monsterinsights_sitenote_active":false,"_monsterinsights_sitenote_note":"","_monsterinsights_sitenote_category":0,"footnotes":""},"categories":[13],"tags":[],"class_list":["post-2114","post","type-post","status-publish","format-standard","has-post-thumbnail","hentry","category-portada"],"aioseo_notices":[],"_links":{"self":[{"href":"https:\/\/elcronistadigital.com\/index.php?rest_route=\/wp\/v2\/posts\/2114","targetHints":{"allow":["GET"]}}],"collection":[{"href":"https:\/\/elcronistadigital.com\/index.php?rest_route=\/wp\/v2\/posts"}],"about":[{"href":"https:\/\/elcronistadigital.com\/index.php?rest_route=\/wp\/v2\/types\/post"}],"author":[{"embeddable":true,"href":"https:\/\/elcronistadigital.com\/index.php?rest_route=\/wp\/v2\/users\/1"}],"replies":[{"embeddable":true,"href":"https:\/\/elcronistadigital.com\/index.php?rest_route=%2Fwp%2Fv2%2Fcomments&post=2114"}],"version-history":[{"count":2,"href":"https:\/\/elcronistadigital.com\/index.php?rest_route=\/wp\/v2\/posts\/2114\/revisions"}],"predecessor-version":[{"id":2117,"href":"https:\/\/elcronistadigital.com\/index.php?rest_route=\/wp\/v2\/posts\/2114\/revisions\/2117"}],"wp:featuredmedia":[{"embeddable":true,"href":"https:\/\/elcronistadigital.com\/index.php?rest_route=\/wp\/v2\/media\/2115"}],"wp:attachment":[{"href":"https:\/\/elcronistadigital.com\/index.php?rest_route=%2Fwp%2Fv2%2Fmedia&parent=2114"}],"wp:term":[{"taxonomy":"category","embeddable":true,"href":"https:\/\/elcronistadigital.com\/index.php?rest_route=%2Fwp%2Fv2%2Fcategories&post=2114"},{"taxonomy":"post_tag","embeddable":true,"href":"https:\/\/elcronistadigital.com\/index.php?rest_route=%2Fwp%2Fv2%2Ftags&post=2114"}],"curies":[{"name":"wp","href":"https:\/\/api.w.org\/{rel}","templated":true}]}}