{"id":2121,"date":"2010-05-21T22:24:11","date_gmt":"2010-05-21T22:24:11","guid":{"rendered":"http:\/\/elcronistadigital.com\/?p=2121"},"modified":"2011-06-03T22:24:26","modified_gmt":"2011-06-03T22:24:26","slug":"espeluznante-cornada","status":"publish","type":"post","link":"https:\/\/elcronistadigital.com\/?p=2121","title":{"rendered":"Espeluznante cornada"},"content":{"rendered":"<p>\u00a0<\/p>\n<div><a href=\"https:\/\/elcronistadigital.com\/wp-content\/uploads\/2011\/06\/Torero.jpg\"><img loading=\"lazy\" decoding=\"async\" class=\"alignleft size-full wp-image-2122\" title=\"Torero\" src=\"https:\/\/elcronistadigital.com\/wp-content\/uploads\/2011\/06\/Torero.jpg\" alt=\"\" width=\"300\" height=\"187\" \/><\/a>\u00a0<\/div>\n<p style=\"text-align: justify;\">Simplemente horroroso, pero el salvajismo continuar\u00e1.<\/p>\n<p style=\"text-align: justify;\">Que es un espect\u00e1culo de salvajes todo el mundo lo sabe.\u00a0 Que hay un maltrato inaudito en contra de los toros tambi\u00e9n es cosa sabida. Pero no por eso dejan de impactarnos las eventuales venganzas de los astados, como la ocurrida ayer en Espa\u00f1a en contra del torero Julio Aparicio.<\/p>\n<p style=\"text-align: justify;\">\u00a0<\/p>\n<p style=\"text-align: justify;\">Seg\u00fan reportes period\u00edsticos,\u00a0 el matador muleteaba con la mano izquierda, iniciaba una tanda por ese lado, cuando el toro lo bot\u00f3 con los cuartos traseros.<\/p>\n<p style=\"text-align: justify;\">Aparicio cay\u00f3 frente al animal, intent\u00f3 levantarse y finalmente gate\u00f3 hacia atr\u00e1s angustiado y el toro lo atraves\u00f3 brutalmente por la mand\u00edbula, sac\u00e1ndole el cuerno por la boca. La foto es m\u00e1s que dram\u00e1tica y dudamos que pese a la bestialidad de este \u201cdeporte\u201d, haya otra igual.<\/p>\n<p style=\"text-align: justify;\">Hasta el viernes por la tarde el hombre del traje de luces estaba estable un una cl\u00ednica, pese que la herida fue para matarlo.<\/p>\n<p style=\"text-align: justify;\">El equipo m\u00e9dico indic\u00f3 que el torero espa\u00f1ol\u00a0 ten\u00eda las siguientes lesiones: \u00abHerida en regi\u00f3n submandibular con una trayectoria ascendente que penetra en cavidad bucal, atraviesa la lengua, alcanza el paladar con fractura del maxilar superior. Pron\u00f3stico muy grave\u00bb.<\/p>\n<p style=\"text-align: justify;\">\u00abNo tenemos por qu\u00e9 temer ni por su vida, ni por posibles secuelas, aunque tendr\u00e1 una recuperaci\u00f3n muy lenta\u00bb, dijo un m\u00e9dico que le atendi\u00f3.<\/p>\n<p style=\"text-align: justify;\">\u00abEs una cornada muy seria. Le ha roto pr\u00e1cticamente toda la boca, la lengua, el paladar y el maxilar superior. Le hemos entubado en la enfermer\u00eda y hemos conseguido estabilizarlo. Ahora en el hospital 12 de Octubre tendr\u00e1n que seguir con la intervenci\u00f3n y ver hasta d\u00f3nde llega la fractura del maxilar. A\u00fan es pronto para hacer valoraciones m\u00e1s concisas. Hay que esperar\u00bb, dijo el galeno.<\/p>\n","protected":false},"excerpt":{"rendered":"<p>\u00a0 \u00a0 Simplemente horroroso, pero el salvajismo continuar\u00e1. Que es un espect\u00e1culo de salvajes todo el mundo lo sabe.\u00a0 Que hay un maltrato inaudito en contra de los toros tambi\u00e9n es cosa sabida. Pero no por eso dejan de impactarnos las eventuales venganzas de los astados, como la ocurrida ayer en Espa\u00f1a en contra del [&hellip;]<\/p>\n","protected":false},"author":1,"featured_media":2122,"comment_status":"open","ping_status":"open","sticky":false,"template":"","format":"standard","meta":{"om_disable_all_campaigns":false,"_monsterinsights_skip_tracking":false,"_monsterinsights_sitenote_active":false,"_monsterinsights_sitenote_note":"","_monsterinsights_sitenote_category":0,"footnotes":""},"categories":[13],"tags":[],"class_list":["post-2121","post","type-post","status-publish","format-standard","has-post-thumbnail","hentry","category-portada"],"aioseo_notices":[],"_links":{"self":[{"href":"https:\/\/elcronistadigital.com\/index.php?rest_route=\/wp\/v2\/posts\/2121","targetHints":{"allow":["GET"]}}],"collection":[{"href":"https:\/\/elcronistadigital.com\/index.php?rest_route=\/wp\/v2\/posts"}],"about":[{"href":"https:\/\/elcronistadigital.com\/index.php?rest_route=\/wp\/v2\/types\/post"}],"author":[{"embeddable":true,"href":"https:\/\/elcronistadigital.com\/index.php?rest_route=\/wp\/v2\/users\/1"}],"replies":[{"embeddable":true,"href":"https:\/\/elcronistadigital.com\/index.php?rest_route=%2Fwp%2Fv2%2Fcomments&post=2121"}],"version-history":[{"count":2,"href":"https:\/\/elcronistadigital.com\/index.php?rest_route=\/wp\/v2\/posts\/2121\/revisions"}],"predecessor-version":[{"id":2124,"href":"https:\/\/elcronistadigital.com\/index.php?rest_route=\/wp\/v2\/posts\/2121\/revisions\/2124"}],"wp:featuredmedia":[{"embeddable":true,"href":"https:\/\/elcronistadigital.com\/index.php?rest_route=\/wp\/v2\/media\/2122"}],"wp:attachment":[{"href":"https:\/\/elcronistadigital.com\/index.php?rest_route=%2Fwp%2Fv2%2Fmedia&parent=2121"}],"wp:term":[{"taxonomy":"category","embeddable":true,"href":"https:\/\/elcronistadigital.com\/index.php?rest_route=%2Fwp%2Fv2%2Fcategories&post=2121"},{"taxonomy":"post_tag","embeddable":true,"href":"https:\/\/elcronistadigital.com\/index.php?rest_route=%2Fwp%2Fv2%2Ftags&post=2121"}],"curies":[{"name":"wp","href":"https:\/\/api.w.org\/{rel}","templated":true}]}}