{"id":21280,"date":"2013-07-31T10:07:59","date_gmt":"2013-07-31T16:07:59","guid":{"rendered":"http:\/\/elcronistadigital.com\/?p=21280"},"modified":"2013-07-31T10:08:00","modified_gmt":"2013-07-31T16:08:00","slug":"sinfonica-de-costa-rica-aplaudida-en-el-tnrd","status":"publish","type":"post","link":"https:\/\/elcronistadigital.com\/?p=21280","title":{"rendered":"Sinf\u00f3nica de Costa Rica aplaudida en el TNRD"},"content":{"rendered":"<p><a href=\"https:\/\/elcronistadigital.com\/?attachment_id=21281\" rel=\"attachment wp-att-21281\"><img loading=\"lazy\" decoding=\"async\" class=\"alignleft size-medium wp-image-21281\" title=\"Sinfonica de Costa Rica\" src=\"https:\/\/elcronistadigital.com\/wp-content\/uploads\/2013\/07\/Sinfonica-de-Costa-Rica-300x124.jpg\" alt=\"\" width=\"300\" height=\"124\" srcset=\"https:\/\/elcronistadigital.com\/wp-content\/uploads\/2013\/07\/Sinfonica-de-Costa-Rica-300x124.jpg 300w, https:\/\/elcronistadigital.com\/wp-content\/uploads\/2013\/07\/Sinfonica-de-Costa-Rica-342x141.jpg 342w, https:\/\/elcronistadigital.com\/wp-content\/uploads\/2013\/07\/Sinfonica-de-Costa-Rica.jpg 797w\" sizes=\"auto, (max-width: 300px) 100vw, 300px\" \/><\/a>* Artistas del pa\u00eds vecino se van impresionados por la calidad ac\u00fastica de nuestro Teatro Nacional<\/p>\n<p>Un completo \u00e9xito constituy\u00f3 la presentaci\u00f3n en Nicaragua la presentaci\u00f3n de la Sinf\u00f3nica de Costa Rica, que realiz\u00f3 dos presentaciones en el Teatro Nacional Rub\u00e9n Dar\u00edo, cuya calidad ac\u00fastica impresion\u00f3 a los artistas visitantes.<\/p>\n<p>Tal y como se lo propon\u00edan, los m\u00fasicos costarricenses han funcionado como embajadores de la paz y confirmaron una vez m\u00e1s que no existen mayores diferencias entre los pueblos, am\u00e9n de las disputas de los pol\u00edticos por hechos muchas veces magnificados con tal de llevar agua a su molino-<\/p>\n<p>El domingo, la orquesta dio un concierto para el p\u00fablico general, al que acudieron unas 600 personas; mientras que el lunes, 1.300 ni\u00f1os disfrutaron del concierto did\u00e1ctico de la agrupaci\u00f3n tica, se\u00f1ala el diario La Naci\u00f3n.<\/p>\n<p>Ambas citas tuvieron lugar en el Teatro Rub\u00e9n Dar\u00edo, en la capital Managua. La noche del martes la orquesta se preparaba para su \u00faltima cita, esta vez en la iglesia de Jinotepe.<\/p>\n<p>\u201cPara nosotros ha sido muy importante e interesante esta experiencia. El Teatro Rub\u00e9n Dar\u00edo es maravilloso, con una ac\u00fastica impresionante; nos sentimos muy bien y el p\u00fablico respondi\u00f3 de forma positiva. Toda la orquesta est\u00e1 muy entusiasmada con esto\u201d, coment\u00f3 Jos\u00e9 Aurelio Castillo, concertino del grupo.<\/p>\n<p>En este periplo por Nicaragua, la Sinf\u00f3nica tica trajo un repertorio que incluye conocidas obras como la Sinfon\u00eda del Nuevo Mundo , de Anton\u00edn Dvorak, y piezas costarricenses como Curubandeando , del compositor Vinicio Meza, y Los caminos de la noche, de Eddie Mora, que fueron muy bien recibidas por el p\u00fablico en la ciudad de Managua.<\/p>\n<p>\u201cLa obra de de Vinicio Meza est\u00e1 llena de ritmos latinoamericanos y la gente se enfrent\u00f3 a ella con gran inter\u00e9s. La m\u00eda es diferente; con ella, algunos de los espectadores se me acercaron al final del concierto y me dijeron que se hab\u00edan sentido transportados a esa sensaci\u00f3n nocturna que refleja la pieza\u201d, asegur\u00f3 Eddie Mora, quien en esta ocasi\u00f3n participa tambi\u00e9n como director invitado.<\/p>\n<p>Sobre su experiencia a la batuta de los ticos, Mora asegur\u00f3 que una de las cosas que m\u00e1s le ha admirado es la calidad ac\u00fastica del Teatro Rub\u00e9n Dar\u00edo.<\/p>\n<p>\u201cCuando tengo la oportunidad de presenciar un concierto en un teatro adecuado, me entra una especie de ansiedad porque en Costa Rica ese es un tema por definir. Tener un teatro que ofrezca mejores condiciones hace que todo el mundo mejore, tanto la orquesta, pues tendr\u00e1 que tener una mayor presencia y precisi\u00f3n de las obras, como el p\u00fablico que mejorar\u00e1 la percepci\u00f3n de las obras musicales, desde las cl\u00e1sicas hasta lo contempor\u00e1neo\u201d, enfatiz\u00f3 Mora.<\/p>\n<p>Guillermo Madriz, director del Centro Nacional de la M\u00fasica, asegur\u00f3 que este viaje a Nicaragua les ha dejado tan buena impresi\u00f3n que no dudar\u00e1n en volver pr\u00f3ximamente.<\/p>\n<p>\u201cLa gente nos ha preguntado por qu\u00e9 nunca hab\u00edamos venido y eso es una respuesta muy especial y un reconocimiento a la calidad de la orquesta. En el futuro, quisi\u00e9ramos volver con otros programas del Centro Nacional de la M\u00fasica como el Coro Sinf\u00f3nico o la Orquesta Sinf\u00f3nica Juvenil, que ya hab\u00eda venido a Nicaragua anteriormente\u201d, concluy\u00f3 el director.<\/p>\n","protected":false},"excerpt":{"rendered":"<p>* Artistas del pa\u00eds vecino se van impresionados por la calidad ac\u00fastica de nuestro Teatro Nacional Un completo \u00e9xito constituy\u00f3 la presentaci\u00f3n en Nicaragua la presentaci\u00f3n de la Sinf\u00f3nica de Costa Rica, que realiz\u00f3 dos presentaciones en el Teatro Nacional Rub\u00e9n Dar\u00edo, cuya calidad ac\u00fastica impresion\u00f3 a los artistas visitantes. Tal y como se lo [&hellip;]<\/p>\n","protected":false},"author":1,"featured_media":21281,"comment_status":"open","ping_status":"open","sticky":false,"template":"","format":"standard","meta":{"om_disable_all_campaigns":false,"_monsterinsights_skip_tracking":false,"_monsterinsights_sitenote_active":false,"_monsterinsights_sitenote_note":"","_monsterinsights_sitenote_category":0,"footnotes":""},"categories":[3],"tags":[],"class_list":["post-21280","post","type-post","status-publish","format-standard","has-post-thumbnail","hentry","category-nacionales"],"aioseo_notices":[],"_links":{"self":[{"href":"https:\/\/elcronistadigital.com\/index.php?rest_route=\/wp\/v2\/posts\/21280","targetHints":{"allow":["GET"]}}],"collection":[{"href":"https:\/\/elcronistadigital.com\/index.php?rest_route=\/wp\/v2\/posts"}],"about":[{"href":"https:\/\/elcronistadigital.com\/index.php?rest_route=\/wp\/v2\/types\/post"}],"author":[{"embeddable":true,"href":"https:\/\/elcronistadigital.com\/index.php?rest_route=\/wp\/v2\/users\/1"}],"replies":[{"embeddable":true,"href":"https:\/\/elcronistadigital.com\/index.php?rest_route=%2Fwp%2Fv2%2Fcomments&post=21280"}],"version-history":[{"count":3,"href":"https:\/\/elcronistadigital.com\/index.php?rest_route=\/wp\/v2\/posts\/21280\/revisions"}],"predecessor-version":[{"id":21284,"href":"https:\/\/elcronistadigital.com\/index.php?rest_route=\/wp\/v2\/posts\/21280\/revisions\/21284"}],"wp:featuredmedia":[{"embeddable":true,"href":"https:\/\/elcronistadigital.com\/index.php?rest_route=\/wp\/v2\/media\/21281"}],"wp:attachment":[{"href":"https:\/\/elcronistadigital.com\/index.php?rest_route=%2Fwp%2Fv2%2Fmedia&parent=21280"}],"wp:term":[{"taxonomy":"category","embeddable":true,"href":"https:\/\/elcronistadigital.com\/index.php?rest_route=%2Fwp%2Fv2%2Fcategories&post=21280"},{"taxonomy":"post_tag","embeddable":true,"href":"https:\/\/elcronistadigital.com\/index.php?rest_route=%2Fwp%2Fv2%2Ftags&post=21280"}],"curies":[{"name":"wp","href":"https:\/\/api.w.org\/{rel}","templated":true}]}}