{"id":2141,"date":"2010-05-28T22:31:04","date_gmt":"2010-05-28T22:31:04","guid":{"rendered":"http:\/\/elcronistadigital.com\/?p=2141"},"modified":"2011-06-15T06:57:46","modified_gmt":"2011-06-15T06:57:46","slug":"buscan-a-quien-ordeno-mataran-a-victor-jara","status":"publish","type":"post","link":"https:\/\/elcronistadigital.com\/?p=2141","title":{"rendered":"Buscan a quien orden\u00f3 mataran a V\u00edctor Jara"},"content":{"rendered":"<p>\u00a0<\/p>\n<div><a href=\"https:\/\/elcronistadigital.com\/wp-content\/uploads\/2011\/06\/victor-jara.jpg\"><img loading=\"lazy\" decoding=\"async\" class=\"alignleft size-medium wp-image-2142\" title=\"victor-jara\" src=\"https:\/\/elcronistadigital.com\/wp-content\/uploads\/2011\/06\/victor-jara-205x300.jpg\" alt=\"\" width=\"205\" height=\"300\" srcset=\"https:\/\/elcronistadigital.com\/wp-content\/uploads\/2011\/06\/victor-jara-205x300.jpg 205w, https:\/\/elcronistadigital.com\/wp-content\/uploads\/2011\/06\/victor-jara.jpg 300w\" sizes=\"auto, (max-width: 205px) 100vw, 205px\" \/><\/a>\u00a0<\/div>\n<p style=\"text-align: justify;\">El cantautor chileno V\u00edctor Jara.<\/p>\n<p style=\"text-align: justify;\">\u00bfQui\u00e9n era \u201cEl Pr\u00edncipe\u201d que lider\u00f3 el acribillamiento a balazos del cantautor chileno V\u00edctor Jara? Es una de las cosas que trata de averiguar el juez especial que investiga el asesinato ocurrido durante el r\u00e9gimen militar (1973-1990) que presidi\u00f3 el dictador Augusto Pinochet tras el cruento derrocamiento de Salvador Allende.<\/p>\n<p style=\"text-align: justify;\">\u00a0<\/p>\n<p style=\"text-align: justify;\">Jara recibi\u00f3 44 disparos mientras era prisionero junto con otros 5.000 chilenos en un estadio que hoy lleva su nombre, en un barrio de clase media baja, Estaci\u00f3n Central. Todos hab\u00edan resistido mal armados a los militares que bombardearon La Moneda y despu\u00e9s dispararon contra el pueblo.<\/p>\n<p style=\"text-align: justify;\">\u201cEl Pr\u00edncipe\u201d lider\u00f3 la masacre del artista mientras jugaba a la \u201cruleta rusa\u201d. Ninguno de los interrogados por el golpe de Estado ha aceptado conocerlo.<\/p>\n<p style=\"text-align: justify;\">El juez especial interrog\u00f3 este jueves como testigo, al actual viceministro de Defensa, Oscar Izurieta, ex comandante en jefe del Ej\u00e9rcito.<\/p>\n<p style=\"text-align: justify;\">\u00abLe tom\u00e9 declaraci\u00f3n personalmente aunque \u00e9l ten\u00eda la posibilidad de hacerlo a trav\u00e9s de un informe\u00bb, inform\u00f3 el propio juez del caso, Juan Fuentes Belmar.<\/p>\n<p style=\"text-align: justify;\">La diligencia, pedida por un abogado del Ministerio del Interior, fue realizada en privado en el Comando Administrativo del Ej\u00e9rcito por casi una hora. La acci\u00f3n, solicitada por un abogado de rango menor, descoloc\u00f3 inicialmente a las autoridades del actual gobierno de derecha, seg\u00fan informes de agencias de prensa.<\/p>\n<p style=\"text-align: justify;\">De hecho, el propio ministro del Interior, Rodrigo Hinzpeter, supo por la prensa la decisi\u00f3n del abogado, quien es funcionario del programa de derechos humanos del Ministerio del Interior, \u00f3rgano creado por la ex presidenta socialista Michelle Bachelet.<\/p>\n<p style=\"text-align: justify;\">V\u00edctor Jara fue un intelectual comunista que apoy\u00f3 el gobierno socialista de Salvador Allende (1970-1973), derrocado por el golpe militar liderado por el general Augusto Pinochet, fallecido en 2006.<\/p>\n<p style=\"text-align: justify;\">Entre sus creaciones destacan \u00abTe recuerdo Amanda\u00bb, \u00abPlegaria del Labrador\u00bb y \u00abEl cigarrito\u00bb, inmortalizadas en diferentes versiones por el m\u00fasico cubano Silvio Rodr\u00edguez, la fallecida argentina Mercedes Sosa y los espa\u00f1oles Joan Manuel Serrat y Ana Bel\u00e9n.<\/p>\n<p style=\"text-align: justify;\">\u00a0<\/p>\n","protected":false},"excerpt":{"rendered":"<p>\u00a0 \u00a0 El cantautor chileno V\u00edctor Jara. \u00bfQui\u00e9n era \u201cEl Pr\u00edncipe\u201d que lider\u00f3 el acribillamiento a balazos del cantautor chileno V\u00edctor Jara? Es una de las cosas que trata de averiguar el juez especial que investiga el asesinato ocurrido durante el r\u00e9gimen militar (1973-1990) que presidi\u00f3 el dictador Augusto Pinochet tras el cruento derrocamiento de [&hellip;]<\/p>\n","protected":false},"author":1,"featured_media":2142,"comment_status":"open","ping_status":"open","sticky":false,"template":"","format":"standard","meta":{"om_disable_all_campaigns":false,"_monsterinsights_skip_tracking":false,"_monsterinsights_sitenote_active":false,"_monsterinsights_sitenote_note":"","_monsterinsights_sitenote_category":0,"footnotes":""},"categories":[3,13],"tags":[],"class_list":["post-2141","post","type-post","status-publish","format-standard","has-post-thumbnail","hentry","category-nacionales","category-portada"],"aioseo_notices":[],"_links":{"self":[{"href":"https:\/\/elcronistadigital.com\/index.php?rest_route=\/wp\/v2\/posts\/2141","targetHints":{"allow":["GET"]}}],"collection":[{"href":"https:\/\/elcronistadigital.com\/index.php?rest_route=\/wp\/v2\/posts"}],"about":[{"href":"https:\/\/elcronistadigital.com\/index.php?rest_route=\/wp\/v2\/types\/post"}],"author":[{"embeddable":true,"href":"https:\/\/elcronistadigital.com\/index.php?rest_route=\/wp\/v2\/users\/1"}],"replies":[{"embeddable":true,"href":"https:\/\/elcronistadigital.com\/index.php?rest_route=%2Fwp%2Fv2%2Fcomments&post=2141"}],"version-history":[{"count":4,"href":"https:\/\/elcronistadigital.com\/index.php?rest_route=\/wp\/v2\/posts\/2141\/revisions"}],"predecessor-version":[{"id":2636,"href":"https:\/\/elcronistadigital.com\/index.php?rest_route=\/wp\/v2\/posts\/2141\/revisions\/2636"}],"wp:featuredmedia":[{"embeddable":true,"href":"https:\/\/elcronistadigital.com\/index.php?rest_route=\/wp\/v2\/media\/2142"}],"wp:attachment":[{"href":"https:\/\/elcronistadigital.com\/index.php?rest_route=%2Fwp%2Fv2%2Fmedia&parent=2141"}],"wp:term":[{"taxonomy":"category","embeddable":true,"href":"https:\/\/elcronistadigital.com\/index.php?rest_route=%2Fwp%2Fv2%2Fcategories&post=2141"},{"taxonomy":"post_tag","embeddable":true,"href":"https:\/\/elcronistadigital.com\/index.php?rest_route=%2Fwp%2Fv2%2Ftags&post=2141"}],"curies":[{"name":"wp","href":"https:\/\/api.w.org\/{rel}","templated":true}]}}