{"id":21435,"date":"2013-08-06T09:06:25","date_gmt":"2013-08-06T15:06:25","guid":{"rendered":"http:\/\/elcronistadigital.com\/?p=21435"},"modified":"2013-08-06T09:06:25","modified_gmt":"2013-08-06T15:06:25","slug":"migrante-nica-cuenta-su-drama-en-nacion-azteca","status":"publish","type":"post","link":"https:\/\/elcronistadigital.com\/?p=21435","title":{"rendered":"Migrante nica cuenta su drama en naci\u00f3n azteca"},"content":{"rendered":"<div id=\"attachment_21436\" style=\"width: 310px\" class=\"wp-caption alignleft\"><a href=\"https:\/\/elcronistadigital.com\/?attachment_id=21436\" rel=\"attachment wp-att-21436\"><img loading=\"lazy\" decoding=\"async\" aria-describedby=\"caption-attachment-21436\" class=\"size-medium wp-image-21436\" title=\"Alejandro Ord\u00f3\u00f1ez\" src=\"https:\/\/elcronistadigital.com\/wp-content\/uploads\/2013\/08\/Alejandro-Ord\u00f3\u00f1ez-300x250.jpg\" alt=\"\" width=\"300\" height=\"250\" srcset=\"https:\/\/elcronistadigital.com\/wp-content\/uploads\/2013\/08\/Alejandro-Ord\u00f3\u00f1ez-300x250.jpg 300w, https:\/\/elcronistadigital.com\/wp-content\/uploads\/2013\/08\/Alejandro-Ord\u00f3\u00f1ez-342x285.jpg 342w, https:\/\/elcronistadigital.com\/wp-content\/uploads\/2013\/08\/Alejandro-Ord\u00f3\u00f1ez.jpg 600w\" sizes=\"auto, (max-width: 300px) 100vw, 300px\" \/><\/a><p id=\"caption-attachment-21436\" class=\"wp-caption-text\">En el extremo izquierdo el nicarag\u00fcense Alejandro Ord\u00f3\u00f1ez.<\/p><\/div>\n<p>Bertha Becerra |El Sol de M\u00e9xico<\/p>\n<p>Cd. de M\u00e9xico.- \u00ab&#8230;Entrar a M\u00e9xico es hacerlo a un futuro incierto. Estuve ocho d\u00edas secuestrado y despu\u00e9s siete noches caminando aguantando el hambre y todo por buscar llegar a los Estados Unidos&#8230;\u00bb, refiri\u00f3 Alejandro Ordo\u00f1ez, migrante de Nicaragua, quien dijo que en el transcurrir por territorio mexicano constantemente fueron violados sus derechos humanos.<\/p>\n<p>\u00abNuestro objetivo no es M\u00e9xico, sino llegar a los Estados Unidos\u00bb, dijo este hombre de piel curtida y rostro triste, quien mostr\u00f3 una cicatriz en la cabeza. \u00abMe rompieron la cabeza la primera vez, fui a denunciar esto y me deportaron. Sencillamente se pierden valores en el camino\u00bb, expres\u00f3.<\/p>\n<p>El migrante nicarag\u00fcense estuvo presente en la conferencia de prensa que ofreci\u00f3 la senadora panista Mariana G\u00f3mez del Campo junto con la legisladora Layda Sansores, de Movimiento Ciudadano, en el Senado de la Rep\u00fablica, donde anunci\u00f3 la presentaci\u00f3n de un punto de acuerdo el mi\u00e9rcoles ante la Comisi\u00f3n Permanente para la creaci\u00f3n de la Fiscal\u00eda Especial de Delitos contra los Migrantes, que depender\u00eda de la Procuradur\u00eda General de la Rep\u00fablica.<\/p>\n","protected":false},"excerpt":{"rendered":"<p>Bertha Becerra |El Sol de M\u00e9xico Cd. de M\u00e9xico.- \u00ab&#8230;Entrar a M\u00e9xico es hacerlo a un futuro incierto. Estuve ocho d\u00edas secuestrado y despu\u00e9s siete noches caminando aguantando el hambre y todo por buscar llegar a los Estados Unidos&#8230;\u00bb, refiri\u00f3 Alejandro Ordo\u00f1ez, migrante de Nicaragua, quien dijo que en el transcurrir por territorio mexicano constantemente [&hellip;]<\/p>\n","protected":false},"author":1,"featured_media":21436,"comment_status":"open","ping_status":"open","sticky":false,"template":"","format":"standard","meta":{"om_disable_all_campaigns":false,"_monsterinsights_skip_tracking":false,"_monsterinsights_sitenote_active":false,"_monsterinsights_sitenote_note":"","_monsterinsights_sitenote_category":0,"footnotes":""},"categories":[3,16],"tags":[],"class_list":["post-21435","post","type-post","status-publish","format-standard","has-post-thumbnail","hentry","category-nacionales","category-migrante"],"aioseo_notices":[],"_links":{"self":[{"href":"https:\/\/elcronistadigital.com\/index.php?rest_route=\/wp\/v2\/posts\/21435","targetHints":{"allow":["GET"]}}],"collection":[{"href":"https:\/\/elcronistadigital.com\/index.php?rest_route=\/wp\/v2\/posts"}],"about":[{"href":"https:\/\/elcronistadigital.com\/index.php?rest_route=\/wp\/v2\/types\/post"}],"author":[{"embeddable":true,"href":"https:\/\/elcronistadigital.com\/index.php?rest_route=\/wp\/v2\/users\/1"}],"replies":[{"embeddable":true,"href":"https:\/\/elcronistadigital.com\/index.php?rest_route=%2Fwp%2Fv2%2Fcomments&post=21435"}],"version-history":[{"count":3,"href":"https:\/\/elcronistadigital.com\/index.php?rest_route=\/wp\/v2\/posts\/21435\/revisions"}],"predecessor-version":[{"id":21439,"href":"https:\/\/elcronistadigital.com\/index.php?rest_route=\/wp\/v2\/posts\/21435\/revisions\/21439"}],"wp:featuredmedia":[{"embeddable":true,"href":"https:\/\/elcronistadigital.com\/index.php?rest_route=\/wp\/v2\/media\/21436"}],"wp:attachment":[{"href":"https:\/\/elcronistadigital.com\/index.php?rest_route=%2Fwp%2Fv2%2Fmedia&parent=21435"}],"wp:term":[{"taxonomy":"category","embeddable":true,"href":"https:\/\/elcronistadigital.com\/index.php?rest_route=%2Fwp%2Fv2%2Fcategories&post=21435"},{"taxonomy":"post_tag","embeddable":true,"href":"https:\/\/elcronistadigital.com\/index.php?rest_route=%2Fwp%2Fv2%2Ftags&post=21435"}],"curies":[{"name":"wp","href":"https:\/\/api.w.org\/{rel}","templated":true}]}}