{"id":21653,"date":"2013-08-12T07:12:20","date_gmt":"2013-08-12T13:12:20","guid":{"rendered":"http:\/\/elcronistadigital.com\/?p=21653"},"modified":"2013-08-12T07:12:21","modified_gmt":"2013-08-12T13:12:21","slug":"ninos-se-van-solos-a-eu-a-buscar-a-padres","status":"publish","type":"post","link":"https:\/\/elcronistadigital.com\/?p=21653","title":{"rendered":"Ni\u00f1os se van solos a EU a buscar a padres"},"content":{"rendered":"<p><a href=\"https:\/\/elcronistadigital.com\/?attachment_id=21654\" rel=\"attachment wp-att-21654\"><img loading=\"lazy\" decoding=\"async\" class=\"alignright size-medium wp-image-21654\" title=\"ni\u00f1os migrantes\" src=\"https:\/\/elcronistadigital.com\/wp-content\/uploads\/2013\/08\/ni\u00f1os-migrantes-300x222.jpg\" alt=\"\" width=\"300\" height=\"222\" srcset=\"https:\/\/elcronistadigital.com\/wp-content\/uploads\/2013\/08\/ni\u00f1os-migrantes-300x222.jpg 300w, https:\/\/elcronistadigital.com\/wp-content\/uploads\/2013\/08\/ni\u00f1os-migrantes-60x45.jpg 60w, https:\/\/elcronistadigital.com\/wp-content\/uploads\/2013\/08\/ni\u00f1os-migrantes.jpg 333w\" sizes=\"auto, (max-width: 300px) 100vw, 300px\" \/><\/a>* Peque\u00f1os nicarag\u00fcenses, junto a otros centroamericanos, se arriesgan a un sinn\u00famero de peligros \u2013algunos mortales-, en los miles de kil\u00f3metros que tienen que recorrer<\/p>\n<p>La desesperaci\u00f3n por reunirse con sus padres hace que muchos ni\u00f1os centroamericanos se lancen a la aventura de intentar ingresar ilegalmente a Estados Unidos, atravesando antes miles de kil\u00f3metros de territorio hostil que les puede hacer incluso perder la vida.<\/p>\n<p>Medios mexicanos de prensa se\u00f1alan que, s\u00f3lo en Veracruz, se han registrado 798 menores extranjeros viajando clandestinamente en lo que va de 2013, de los cuales 596 (casi el 80%) lo hac\u00eda sin compa\u00f1\u00eda, seg\u00fan cifras oficiales.<\/p>\n<p>Las edades de esos menores fluct\u00faan entre los 11 y 17 a\u00f1os, y son procedentes de Guatemala, Honduras, El Salvador, Nicaragua, Ecuador, Nepal y Per\u00fa.<\/p>\n<p>11 centroamericanos<\/p>\n<p>La semana pasada, autoridades aztecas interceptaron a 11 ni\u00f1os y ni\u00f1as centroamericanos que viajaban de forma clandestina por Veracruz (al este), 2 de ellos sin acompa\u00f1ante adulto, en un intento por llegar a Estados Unidos en busca de sus padres.<\/p>\n<p>Seg\u00fan el Instituto Nacional de Migraci\u00f3n (INM), los menores fueron \u00abdetectados en el tramo carretero de la Tinaja, Veracruz, durante una revisi\u00f3n migratoria a un autob\u00fas de pasajeros\u00bb cuando los menores pretend\u00edan \u00abcruzar la frontera, o incluso el desierto para llegar a Estados Unidos y buscar a sus padres\u00bb.<\/p>\n<p>Nueve de los menores -cuyas nacionalidades no se precisan- viajaban con familiares que pretend\u00edan llegar al mismo destino, por lo que \u00ab22 centroamericanos adultos con estancia irregular en el pa\u00eds\u00bb (16 hondure\u00f1os, 5 salvadore\u00f1os y 1 guatemalteco) fueron detenidos.<\/p>\n<p>Fen\u00f3meno que crece<\/p>\n<p>Seg\u00fan las autoridades, los 11 menores y los familiares de 9 de ellos fueron trasladados a la Estaci\u00f3n Migratoria de Acayucan, Veracruz.<\/p>\n<p>El INM apunt\u00f3 que el fen\u00f3meno de los ni\u00f1os migrantes que viajan solos \u00abse ha incrementado de manera importante\u00bb.<\/p>\n<p>El 28 de agosto, las primeras damas de Centroam\u00e9rica y M\u00e9xico se reunir\u00e1n en Antigua, Guatemala, para tratar el problema de los ni\u00f1os migrantes no acompa\u00f1ados.<\/p>\n<p>Graves peligros al acecho<\/p>\n<p>La primera dama guatemalteca, Rosa Leal de P\u00e9rez, asegur\u00f3 el mi\u00e9rcoles que su pa\u00eds recibe semanalmente entre 30 y 40 menores migrantes no acompa\u00f1ados devueltos desde M\u00e9xico, adem\u00e1s de 40 a 50 deportados de Estados Unidos, v\u00eda a\u00e9rea.<\/p>\n<p>Unos 140.000 extranjeros ingresan de manera ilegal cada a\u00f1o a M\u00e9xico para tratar de llegar a Estados Unidos. En su ruta clandestina, muchos son v\u00edctimas de robo, extorsi\u00f3n, violaci\u00f3n, trata, secuestro y asesinato.<\/p>\n","protected":false},"excerpt":{"rendered":"<p>* Peque\u00f1os nicarag\u00fcenses, junto a otros centroamericanos, se arriesgan a un sinn\u00famero de peligros \u2013algunos mortales-, en los miles de kil\u00f3metros que tienen que recorrer La desesperaci\u00f3n por reunirse con sus padres hace que muchos ni\u00f1os centroamericanos se lancen a la aventura de intentar ingresar ilegalmente a Estados Unidos, atravesando antes miles de kil\u00f3metros de [&hellip;]<\/p>\n","protected":false},"author":1,"featured_media":21654,"comment_status":"open","ping_status":"open","sticky":false,"template":"","format":"standard","meta":{"om_disable_all_campaigns":false,"_monsterinsights_skip_tracking":false,"_monsterinsights_sitenote_active":false,"_monsterinsights_sitenote_note":"","_monsterinsights_sitenote_category":0,"footnotes":""},"categories":[3,16],"tags":[3401,3402],"class_list":["post-21653","post","type-post","status-publish","format-standard","has-post-thumbnail","hentry","category-nacionales","category-migrante","tag-ninos-migrantes","tag-ninos-nicaraguenses-migrantes"],"aioseo_notices":[],"_links":{"self":[{"href":"https:\/\/elcronistadigital.com\/index.php?rest_route=\/wp\/v2\/posts\/21653","targetHints":{"allow":["GET"]}}],"collection":[{"href":"https:\/\/elcronistadigital.com\/index.php?rest_route=\/wp\/v2\/posts"}],"about":[{"href":"https:\/\/elcronistadigital.com\/index.php?rest_route=\/wp\/v2\/types\/post"}],"author":[{"embeddable":true,"href":"https:\/\/elcronistadigital.com\/index.php?rest_route=\/wp\/v2\/users\/1"}],"replies":[{"embeddable":true,"href":"https:\/\/elcronistadigital.com\/index.php?rest_route=%2Fwp%2Fv2%2Fcomments&post=21653"}],"version-history":[{"count":3,"href":"https:\/\/elcronistadigital.com\/index.php?rest_route=\/wp\/v2\/posts\/21653\/revisions"}],"predecessor-version":[{"id":21657,"href":"https:\/\/elcronistadigital.com\/index.php?rest_route=\/wp\/v2\/posts\/21653\/revisions\/21657"}],"wp:featuredmedia":[{"embeddable":true,"href":"https:\/\/elcronistadigital.com\/index.php?rest_route=\/wp\/v2\/media\/21654"}],"wp:attachment":[{"href":"https:\/\/elcronistadigital.com\/index.php?rest_route=%2Fwp%2Fv2%2Fmedia&parent=21653"}],"wp:term":[{"taxonomy":"category","embeddable":true,"href":"https:\/\/elcronistadigital.com\/index.php?rest_route=%2Fwp%2Fv2%2Fcategories&post=21653"},{"taxonomy":"post_tag","embeddable":true,"href":"https:\/\/elcronistadigital.com\/index.php?rest_route=%2Fwp%2Fv2%2Ftags&post=21653"}],"curies":[{"name":"wp","href":"https:\/\/api.w.org\/{rel}","templated":true}]}}