{"id":21934,"date":"2013-08-18T12:13:04","date_gmt":"2013-08-18T18:13:04","guid":{"rendered":"http:\/\/elcronistadigital.com\/?p=21934"},"modified":"2013-08-18T12:13:04","modified_gmt":"2013-08-18T18:13:04","slug":"flota-de-rusia-entre-kamchatka-y-nicaragua","status":"publish","type":"post","link":"https:\/\/elcronistadigital.com\/?p=21934","title":{"rendered":"Flota de Rusia: entre Kamchatka y Nicaragua"},"content":{"rendered":"<p><a href=\"https:\/\/elcronistadigital.com\/?attachment_id=21935\" rel=\"attachment wp-att-21935\"><img loading=\"lazy\" decoding=\"async\" class=\"alignleft size-medium wp-image-21935\" title=\"\u00d0\u0092.\u00d0\u009f\u00d1\u0083\u00d1\u0082\u00d0\u00b8\u00d0\u00bd \u00d0\u00be\u00d0\u00b7\u00d0\u00bd\u00d0\u00b0\u00d0\u00ba\u00d0\u00be\u00d0\u00bc\u00d0\u00b8\u00d0\u00bb\u00d1\u0081\u00d1\u008f \u00d1\u0081 \u00d1\u0085\u00d0\u00be\u00d0\u00b4\u00d0\u00be\u00d0\u00bc \u00d0\u00b2\u00d0\u00be\u00d0\u00b5\u00d0\u00bd\u00d0\u00bd\u00d1\u008b\u00d1\u0085 \u00d1\u0083\u00d1\u0087\u00d0\u00b5\u00d0\u00bd\u00d0\u00b8\u00d0\u00b9 \u00d0\u00b2 \u00d0\u0092\u00d0\u00be\u00d1\u0081\u00d1\u0082\u00d0\u00be\u00d1\u0087\u00d0\u00bd\u00d0\u00be\u00d0\u00bc \u00d0\u0092\u00d0\u009e\" src=\"https:\/\/elcronistadigital.com\/wp-content\/uploads\/2013\/08\/Barcos-de-guerra-rusos-300x174.jpg\" alt=\"\" width=\"300\" height=\"174\" srcset=\"https:\/\/elcronistadigital.com\/wp-content\/uploads\/2013\/08\/Barcos-de-guerra-rusos-300x174.jpg 300w, https:\/\/elcronistadigital.com\/wp-content\/uploads\/2013\/08\/Barcos-de-guerra-rusos-342x199.jpg 342w, https:\/\/elcronistadigital.com\/wp-content\/uploads\/2013\/08\/Barcos-de-guerra-rusos.jpg 599w\" sizes=\"auto, (max-width: 300px) 100vw, 300px\" \/><\/a>La flota rusa del Pac\u00edfico contin\u00faa la temporada de ejercicios. En las nuevas maniobras participan m\u00e1s de medio centenar de buques de guerra, submarinos, lanchas y barcos de avituallamiento, m\u00e1s de una veintena de aviones y helic\u00f3pteros.<\/p>\n<p>La activaci\u00f3n de Rusia en el Extremo Oriente destaca el significado de esa regi\u00f3n, donde hoy incrementan sus fuerzas todos los principales actores.<\/p>\n<p>La preparaci\u00f3n de la defensa de las islas Kuriles ante un eventual ataque por parte de Jap\u00f3n es tradicionalmente uno de los \u201ctemas centrales de los ejercicios\u201d de la Flota del Pac\u00edfico. Las islas tienen un gran valor para Rusia no de por s\u00ed, sino por sus numerosos recursos que Rusia controla en su zona econ\u00f3mica exclusiva. Y las aguas que ba\u00f1an la cadena de las Kuriles representan una buena parte de dicho territorio.<\/p>\n<p>El furtivismo, la pesca industrial rapaz, ante todo de especies valiosas, centollos y otros pobladores marinos, son una de las mayores amenazas permanentes a la seguridad nacional. La agrupaci\u00f3n de la aviaci\u00f3n fronteriza de las unidades mar\u00edtimas del Servicio Federal de Seguridad en el Extremo Oriente es de por s\u00ed la m\u00e1s grande de Rusia y es mucho lo que hace en la lucha contra el furtivismo. Sin embargo, en virtud de las proporciones de la amenaza a veces tambi\u00e9n se incorporan a esa tarea fuerzas del Ministerio de Defensa y hoy en los ejercicios se perfecciona tal interacci\u00f3n.<\/p>\n<p>Las proporciones de la pesca ilegal, que en el Extremo Oriente se estima en 600-700 millones de d\u00f3lares anuales, en combinaci\u00f3n con las burdas transgresiones de las reglas de la pesca, obligan a hablar no solo del perjuicio econ\u00f3mico, sino tambi\u00e9n de la amenaza potencial de vulneraci\u00f3n del equilibrio ecol\u00f3gico y de la disminuci\u00f3n vertiginosa de los biorecursos de las aguas locales en una perspectiva a corto plazo. Sobre este tel\u00f3n de fondo, solo cabe saludar la armonizaci\u00f3n de la interacci\u00f3n de los organismos de seguridad en la lucha contra esta amenaza.<\/p>\n<p>En realidad, la situaci\u00f3n actual en el Extremo Oriente se asemeja en parte a la de los a\u00f1os 20-30 del siglo pasado, cuando los vecinos regionales de la Uni\u00f3n Sovi\u00e9tica practicaban una pesca rapaz incontrolada en las costas sovi\u00e9ticas. Tras la desintegraci\u00f3n de la URSS, las posibilidades de Rusia de controlar los extensos espacios acu\u00e1ticos de Sajal\u00edn a Kamchatka tambi\u00e9n se redujeron, lo que acarre\u00f3 las correspondientes consecuencias.<\/p>\n<p>La situaci\u00f3n va cambiando de a poco: la instrumentaci\u00f3n de un sistema de control y el mejoramiento de las unidades mar\u00edtimas fronterizas permitieron aminorar la pesca ilegal que a mediados de la d\u00e9cada de 2000 super\u00f3 los dos mil millones de d\u00f3lares por a\u00f1o. No obstante, a\u00fan se est\u00e1 muy lejos de normalizar la situaci\u00f3n.<\/p>\n<p>Entre Kamchatka y Nicaragua<\/p>\n<p>La actividad de Rusia en el oc\u00e9ano Pac\u00edfico no se limita a las aguas nacionales. El 16 de agosto ha finalizado la visita a Nicaragua del crucero portamisiles \u201cMoskv\u00e1\u201d de la Flota del mar Negro. El crucero entr\u00f3 en el puerto de Corinto, en las costas del Pac\u00edfico de Nicaragua, donde la tripulaci\u00f3n tom\u00f3 parte en el desfile en honor del 33 aniversario de la creaci\u00f3n de la Marina nicarag\u00fcense. La entrada en Corinto es una extraordinaria ilustraci\u00f3n de la activaci\u00f3n de Rusia en la zona oce\u00e1nica: hace mucho tiempo que buques de la Flota del mar Negro no visitan el sector oriental del Pac\u00edfico.<\/p>\n<p>Las maniobras operativas, la disposici\u00f3n permanente al traslado urgente de unidades y buques aislados a la regi\u00f3n necesaria es extraordinariamente importante para Rusia, cuyas fuerzas navales est\u00e1n dispersas en cuatro teatros aislados de operaciones militares, sin contar el cerrado mar Caspio. La r\u00e1pida traves\u00eda del \u201cMoskv\u00e1\u201d del mar Negro al golfo de M\u00e9xico con entrada en Cuba y la posterior aparici\u00f3n en Nicaragua evidencian las posibilidades, en caso de necesidad, de completar de forma operativa la Flota del Pac\u00edfico con las fuerzas de las flotas europeas de la Federaci\u00f3n de Rusia: de los mares Negro, B\u00e1ltico y del Norte. La traves\u00eda es posible en varias direcciones: por la ruta mar\u00edtima del Norte o desde el sur a trav\u00e9s del Mediterr\u00e1neo y del oc\u00e9ano \u00cdndico y, finalmente, a trav\u00e9s del Atl\u00e1ntico y el canal de Panam\u00e1.<\/p>\n<p>En combinaci\u00f3n con el reforzamiento de la ya existente agrupaci\u00f3n en el Extremo Oriente, la pr\u00e1ctica de semejantes traves\u00edas demuestra la disposici\u00f3n de Rusia, en caso de necesidad, de utilizar para la defensa de sus intereses pol\u00edticos y econ\u00f3micos en el Extremo Oriente todas las fuerzas disponibles. Y esta disposici\u00f3n es la mejor garant\u00eda de seguridad.<\/p>\n<p>Fuente: RIA Novosti.<\/p>\n","protected":false},"excerpt":{"rendered":"<p>La flota rusa del Pac\u00edfico contin\u00faa la temporada de ejercicios. En las nuevas maniobras participan m\u00e1s de medio centenar de buques de guerra, submarinos, lanchas y barcos de avituallamiento, m\u00e1s de una veintena de aviones y helic\u00f3pteros. La activaci\u00f3n de Rusia en el Extremo Oriente destaca el significado de esa regi\u00f3n, donde hoy incrementan sus [&hellip;]<\/p>\n","protected":false},"author":1,"featured_media":21935,"comment_status":"open","ping_status":"open","sticky":false,"template":"","format":"standard","meta":{"om_disable_all_campaigns":false,"_monsterinsights_skip_tracking":false,"_monsterinsights_sitenote_active":false,"_monsterinsights_sitenote_note":"","_monsterinsights_sitenote_category":0,"footnotes":""},"categories":[3],"tags":[],"class_list":["post-21934","post","type-post","status-publish","format-standard","has-post-thumbnail","hentry","category-nacionales"],"aioseo_notices":[],"_links":{"self":[{"href":"https:\/\/elcronistadigital.com\/index.php?rest_route=\/wp\/v2\/posts\/21934","targetHints":{"allow":["GET"]}}],"collection":[{"href":"https:\/\/elcronistadigital.com\/index.php?rest_route=\/wp\/v2\/posts"}],"about":[{"href":"https:\/\/elcronistadigital.com\/index.php?rest_route=\/wp\/v2\/types\/post"}],"author":[{"embeddable":true,"href":"https:\/\/elcronistadigital.com\/index.php?rest_route=\/wp\/v2\/users\/1"}],"replies":[{"embeddable":true,"href":"https:\/\/elcronistadigital.com\/index.php?rest_route=%2Fwp%2Fv2%2Fcomments&post=21934"}],"version-history":[{"count":3,"href":"https:\/\/elcronistadigital.com\/index.php?rest_route=\/wp\/v2\/posts\/21934\/revisions"}],"predecessor-version":[{"id":21938,"href":"https:\/\/elcronistadigital.com\/index.php?rest_route=\/wp\/v2\/posts\/21934\/revisions\/21938"}],"wp:featuredmedia":[{"embeddable":true,"href":"https:\/\/elcronistadigital.com\/index.php?rest_route=\/wp\/v2\/media\/21935"}],"wp:attachment":[{"href":"https:\/\/elcronistadigital.com\/index.php?rest_route=%2Fwp%2Fv2%2Fmedia&parent=21934"}],"wp:term":[{"taxonomy":"category","embeddable":true,"href":"https:\/\/elcronistadigital.com\/index.php?rest_route=%2Fwp%2Fv2%2Fcategories&post=21934"},{"taxonomy":"post_tag","embeddable":true,"href":"https:\/\/elcronistadigital.com\/index.php?rest_route=%2Fwp%2Fv2%2Ftags&post=21934"}],"curies":[{"name":"wp","href":"https:\/\/api.w.org\/{rel}","templated":true}]}}