{"id":21944,"date":"2013-08-18T13:34:17","date_gmt":"2013-08-18T19:34:17","guid":{"rendered":"http:\/\/elcronistadigital.com\/?p=21944"},"modified":"2013-08-18T13:34:17","modified_gmt":"2013-08-18T19:34:17","slug":"cargill-de-nicaragua-galardonada-como-empresa-modelo","status":"publish","type":"post","link":"https:\/\/elcronistadigital.com\/?p=21944","title":{"rendered":"Cargill de Nicaragua galardonada como Empresa Modelo"},"content":{"rendered":"<p><a href=\"https:\/\/elcronistadigital.com\/?attachment_id=21946\" rel=\"attachment wp-att-21946\"><img loading=\"lazy\" decoding=\"async\" class=\"alignleft size-medium wp-image-21946\" title=\"Cargill\" src=\"https:\/\/elcronistadigital.com\/wp-content\/uploads\/2013\/08\/Cargill-300x200.png\" alt=\"\" width=\"300\" height=\"200\" srcset=\"https:\/\/elcronistadigital.com\/wp-content\/uploads\/2013\/08\/Cargill-300x200.png 300w, https:\/\/elcronistadigital.com\/wp-content\/uploads\/2013\/08\/Cargill-342x228.png 342w, https:\/\/elcronistadigital.com\/wp-content\/uploads\/2013\/08\/Cargill.png 571w\" sizes=\"auto, (max-width: 300px) 100vw, 300px\" \/><\/a>* Reconocimiento del Consejo Nacional de Higiene y Seguridad del Trabajo<\/p>\n<p>Cargill de Nicaragua S.A., recibi\u00f3 este viernes el galard\u00f3n de Empresa Modelo en materia de Higiene y Seguridad del Trabajo a\u00f1o 2013, otorgado por el Consejo Nacional de Higiene y Seguridad del Trabajo, por su alto desempe\u00f1o en el cumplimiento de la cultura empresarial en la prevenci\u00f3n de riesgos y accidentes laborales con la participaci\u00f3n activa de sus Asociados.<\/p>\n<p>El premio fue recibido en nombre de la Gerencia General de Cargill de Nicaragua S.A., por el gerente de Planta de Proceso de Aves., Emilio Pilona; el vicepresidente Corporativo, Alfredo V\u00e9lez; el coordinador de EHS, Rodolfo L\u00f3pez Castell\u00f3n, y una representaci\u00f3n de todos los Asociados de la empresa.<\/p>\n<p>El vicepresidente corporativo de Cargill de Nicaragua S.A., Alfredo V\u00e9lez, destac\u00f3 que en la compa\u00f1\u00eda se trabaja orientado a desarrollar personas que se desempe\u00f1en con altos est\u00e1ndares;: Integridad, Compromiso, Ejecuci\u00f3n, Innovaci\u00f3n, Seguridad y visi\u00f3n hacia nuevas oportunidades.<\/p>\n<p>Agreg\u00f3 que este premio representa el compromiso que tiene Cargill de Nicaragua S.A. en el cumplimiento de las leyes y normativas laborales del pa\u00eds y que como empresa l\u00edder, existe un firme inter\u00e9s entre empleadores y asociados en crear condicionales laborales seguras e higi\u00e9nicas.<\/p>\n<p>V\u00e9lez hizo un reconocimiento a los asociados de la Comisi\u00f3n Mixta de Higiene y Seguridad del Trabajo de Cargill por su destacado aporte al cumplimiento de los todos los aspectos y normativas de higiene y seguridad del trabajo que implementa en sus plantas Cargill de Nicaragua S.A.<\/p>\n<p>El Ministerio del Trabajo, a trav\u00e9s del Consejo Nacional de Higiene y Seguridad del Trabajo, promueve cada a\u00f1o el concurso de la Empresa Modelo en materia de Higiene y Seguridad del Trabajo, con el objetivo de impulsar una aut\u00e9ntica cultural nacional de prevenci\u00f3n en materia de seguridad, higiene y salud en el trabajo, con la activa participaci\u00f3n de trabajadores y las organizaciones sindicales.<\/p>\n<p>Cargill de Nicaragua S.A. es l\u00edder en la producci\u00f3n y distribuci\u00f3n de carne de pollo y embutidos a trav\u00e9s de sus marcas l\u00edderes Tip Top y Cainsa, y es un fuerte generador de empleos sostenibles y de seguridad alimentaria de los nicarag\u00fcenses, garantizando productos c\u00e1rnicos alimenticios de calidad, siempre accesible a todos los nicarag\u00fcenses.<\/p>\n","protected":false},"excerpt":{"rendered":"<p>* Reconocimiento del Consejo Nacional de Higiene y Seguridad del Trabajo Cargill de Nicaragua S.A., recibi\u00f3 este viernes el galard\u00f3n de Empresa Modelo en materia de Higiene y Seguridad del Trabajo a\u00f1o 2013, otorgado por el Consejo Nacional de Higiene y Seguridad del Trabajo, por su alto desempe\u00f1o en el cumplimiento de la cultura empresarial [&hellip;]<\/p>\n","protected":false},"author":1,"featured_media":21946,"comment_status":"open","ping_status":"open","sticky":false,"template":"","format":"standard","meta":{"om_disable_all_campaigns":false,"_monsterinsights_skip_tracking":false,"_monsterinsights_sitenote_active":false,"_monsterinsights_sitenote_note":"","_monsterinsights_sitenote_category":0,"footnotes":""},"categories":[14],"tags":[],"class_list":["post-21944","post","type-post","status-publish","format-standard","has-post-thumbnail","hentry","category-empresas"],"aioseo_notices":[],"_links":{"self":[{"href":"https:\/\/elcronistadigital.com\/index.php?rest_route=\/wp\/v2\/posts\/21944","targetHints":{"allow":["GET"]}}],"collection":[{"href":"https:\/\/elcronistadigital.com\/index.php?rest_route=\/wp\/v2\/posts"}],"about":[{"href":"https:\/\/elcronistadigital.com\/index.php?rest_route=\/wp\/v2\/types\/post"}],"author":[{"embeddable":true,"href":"https:\/\/elcronistadigital.com\/index.php?rest_route=\/wp\/v2\/users\/1"}],"replies":[{"embeddable":true,"href":"https:\/\/elcronistadigital.com\/index.php?rest_route=%2Fwp%2Fv2%2Fcomments&post=21944"}],"version-history":[{"count":3,"href":"https:\/\/elcronistadigital.com\/index.php?rest_route=\/wp\/v2\/posts\/21944\/revisions"}],"predecessor-version":[{"id":21949,"href":"https:\/\/elcronistadigital.com\/index.php?rest_route=\/wp\/v2\/posts\/21944\/revisions\/21949"}],"wp:featuredmedia":[{"embeddable":true,"href":"https:\/\/elcronistadigital.com\/index.php?rest_route=\/wp\/v2\/media\/21946"}],"wp:attachment":[{"href":"https:\/\/elcronistadigital.com\/index.php?rest_route=%2Fwp%2Fv2%2Fmedia&parent=21944"}],"wp:term":[{"taxonomy":"category","embeddable":true,"href":"https:\/\/elcronistadigital.com\/index.php?rest_route=%2Fwp%2Fv2%2Fcategories&post=21944"},{"taxonomy":"post_tag","embeddable":true,"href":"https:\/\/elcronistadigital.com\/index.php?rest_route=%2Fwp%2Fv2%2Ftags&post=21944"}],"curies":[{"name":"wp","href":"https:\/\/api.w.org\/{rel}","templated":true}]}}