{"id":21955,"date":"2013-08-19T09:29:41","date_gmt":"2013-08-19T15:29:41","guid":{"rendered":"http:\/\/elcronistadigital.com\/?p=21955"},"modified":"2013-08-19T09:29:41","modified_gmt":"2013-08-19T15:29:41","slug":"bendana-no-duda-que-haya-orden-de-captura-en-su-contra","status":"publish","type":"post","link":"https:\/\/elcronistadigital.com\/?p=21955","title":{"rendered":"Benda\u00f1a no duda que haya orden de captura en su contra"},"content":{"rendered":"<div id=\"attachment_21956\" style=\"width: 260px\" class=\"wp-caption alignleft\"><a href=\"https:\/\/elcronistadigital.com\/?attachment_id=21956\" rel=\"attachment wp-att-21956\"><img loading=\"lazy\" decoding=\"async\" aria-describedby=\"caption-attachment-21956\" class=\"size-full wp-image-21956\" title=\"Benda\u00f1a 1\" src=\"https:\/\/elcronistadigital.com\/wp-content\/uploads\/2013\/08\/Benda\u00f1a-1.jpg\" alt=\"\" width=\"250\" height=\"238\" \/><\/a><p id=\"caption-attachment-21956\" class=\"wp-caption-text\">Roberto Benda\u00f1a niega cualquier v\u00ednculo con estafa a grupo religioso.<\/p><\/div>\n<p>* Niega cualquier asociaci\u00f3n con su cu\u00f1ado \u00c1lvaro Montealegre Rivas e insin\u00faa que podr\u00eda tratarse de una persecuci\u00f3n pol\u00edtica<\/p>\n<p>Roberto Benda\u00f1a McEwan neg\u00f3 tener alg\u00fan tipo de involucramiento en la estafa millonaria por la que es acusado junto a su cu\u00f1ado, \u00c1lvaro Montealegre Rivas, por una congregaci\u00f3n religiosa radicada en Nicaragua y agreg\u00f3 que no tiene nada que ver en los negocios de su familiar pol\u00edtico.<\/p>\n<p>Fuentes del Poder Judicial revelaron que Montealegre Rivas y Benda\u00f1a McEwan estafaron con un monto millonario en d\u00f3lares a un grupo religioso con arraigo en Nicaragua, al que enga\u00f1aron a trav\u00e9s de una \u201cempresa de malet\u00edn\u201d constituida por ambos en Panam\u00e1.<\/p>\n<p>\u201cNo tengo nada que ver con ninguna empresa paname\u00f1a, ni he hecho transacciones con \u00f3rdenes religiosas; desconozco detalles de los negocios de mi cu\u00f1ado, quien s\u00ed fue mi socio en Caf\u00e9 Don Paco, pero en ninguna otra empresa tengo nada que ver\u201d, dijo el empresario Roberto Benda\u00f1a McEwan, en torno a informaci\u00f3n<\/p>\n<p>Benda\u00f1a, quien ha hecho p\u00fablicas sus intenciones de correr como candidato presidencial en Nicaragua, neg\u00f3 reiteradamente tener que ver en ninguna estafa realizada a alg\u00fan grupo religioso y se\u00f1al\u00f3 que no duda que exista una orden de captura en su contra \u201cporque soy una persona que se est\u00e1 involucrando en pol\u00edtica\u201d.<\/p>\n<p>\u201cPor mi cu\u00f1ado (\u00c1lvaro Montealegre Rivas) no puedo decir nada\u201d, dijo Benda\u00f1a, quien ha sido asociado a \u00e9ste en varios juicios asociados a malos manejos econ\u00f3micos. \u201cDeslindo responsabilidades en la sociedad con \u00e9l en cualquier empresa\u201d, subray\u00f3 y se\u00f1al\u00f3 que a lo mejor Montealegre o uno de sus asociados podr\u00edan estar interesados en explicar lo que a ellos corresponde.<\/p>\n","protected":false},"excerpt":{"rendered":"<p>* Niega cualquier asociaci\u00f3n con su cu\u00f1ado \u00c1lvaro Montealegre Rivas e insin\u00faa que podr\u00eda tratarse de una persecuci\u00f3n pol\u00edtica Roberto Benda\u00f1a McEwan neg\u00f3 tener alg\u00fan tipo de involucramiento en la estafa millonaria por la que es acusado junto a su cu\u00f1ado, \u00c1lvaro Montealegre Rivas, por una congregaci\u00f3n religiosa radicada en Nicaragua y agreg\u00f3 que no [&hellip;]<\/p>\n","protected":false},"author":1,"featured_media":21956,"comment_status":"open","ping_status":"open","sticky":false,"template":"","format":"standard","meta":{"om_disable_all_campaigns":false,"_monsterinsights_skip_tracking":false,"_monsterinsights_sitenote_active":false,"_monsterinsights_sitenote_note":"","_monsterinsights_sitenote_category":0,"footnotes":""},"categories":[3],"tags":[],"class_list":["post-21955","post","type-post","status-publish","format-standard","has-post-thumbnail","hentry","category-nacionales"],"aioseo_notices":[],"_links":{"self":[{"href":"https:\/\/elcronistadigital.com\/index.php?rest_route=\/wp\/v2\/posts\/21955","targetHints":{"allow":["GET"]}}],"collection":[{"href":"https:\/\/elcronistadigital.com\/index.php?rest_route=\/wp\/v2\/posts"}],"about":[{"href":"https:\/\/elcronistadigital.com\/index.php?rest_route=\/wp\/v2\/types\/post"}],"author":[{"embeddable":true,"href":"https:\/\/elcronistadigital.com\/index.php?rest_route=\/wp\/v2\/users\/1"}],"replies":[{"embeddable":true,"href":"https:\/\/elcronistadigital.com\/index.php?rest_route=%2Fwp%2Fv2%2Fcomments&post=21955"}],"version-history":[{"count":3,"href":"https:\/\/elcronistadigital.com\/index.php?rest_route=\/wp\/v2\/posts\/21955\/revisions"}],"predecessor-version":[{"id":21959,"href":"https:\/\/elcronistadigital.com\/index.php?rest_route=\/wp\/v2\/posts\/21955\/revisions\/21959"}],"wp:featuredmedia":[{"embeddable":true,"href":"https:\/\/elcronistadigital.com\/index.php?rest_route=\/wp\/v2\/media\/21956"}],"wp:attachment":[{"href":"https:\/\/elcronistadigital.com\/index.php?rest_route=%2Fwp%2Fv2%2Fmedia&parent=21955"}],"wp:term":[{"taxonomy":"category","embeddable":true,"href":"https:\/\/elcronistadigital.com\/index.php?rest_route=%2Fwp%2Fv2%2Fcategories&post=21955"},{"taxonomy":"post_tag","embeddable":true,"href":"https:\/\/elcronistadigital.com\/index.php?rest_route=%2Fwp%2Fv2%2Ftags&post=21955"}],"curies":[{"name":"wp","href":"https:\/\/api.w.org\/{rel}","templated":true}]}}