{"id":21960,"date":"2013-08-19T09:57:43","date_gmt":"2013-08-19T15:57:43","guid":{"rendered":"http:\/\/elcronistadigital.com\/?p=21960"},"modified":"2013-08-19T09:57:43","modified_gmt":"2013-08-19T15:57:43","slug":"el-sainete-continua","status":"publish","type":"post","link":"https:\/\/elcronistadigital.com\/?p=21960","title":{"rendered":"El sainete contin\u00faa"},"content":{"rendered":"<div id=\"attachment_21961\" style=\"width: 180px\" class=\"wp-caption alignleft\"><a href=\"https:\/\/elcronistadigital.com\/?attachment_id=21961\" rel=\"attachment wp-att-21961\"><img loading=\"lazy\" decoding=\"async\" aria-describedby=\"caption-attachment-21961\" class=\"size-full wp-image-21961\" title=\"Mauricio Vargas\" src=\"https:\/\/elcronistadigital.com\/wp-content\/uploads\/2013\/08\/Mauricio-Vargas.jpg\" alt=\"\" width=\"170\" height=\"170\" srcset=\"https:\/\/elcronistadigital.com\/wp-content\/uploads\/2013\/08\/Mauricio-Vargas.jpg 170w, https:\/\/elcronistadigital.com\/wp-content\/uploads\/2013\/08\/Mauricio-Vargas-150x150.jpg 150w, https:\/\/elcronistadigital.com\/wp-content\/uploads\/2013\/08\/Mauricio-Vargas-50x50.jpg 50w, https:\/\/elcronistadigital.com\/wp-content\/uploads\/2013\/08\/Mauricio-Vargas-70x70.jpg 70w, https:\/\/elcronistadigital.com\/wp-content\/uploads\/2013\/08\/Mauricio-Vargas-55x55.jpg 55w\" sizes=\"auto, (max-width: 170px) 100vw, 170px\" \/><\/a><p id=\"caption-attachment-21961\" class=\"wp-caption-text\">Mauricio Vargas.<\/p><\/div>\n<p>* \u201cLo \u00fanico m\u00e1s vergonzoso que la derrota con Nicaragua en La Haya es la feria de desaciertos que le ha seguido\u201d.<\/p>\n<p>Mauricio Vargas<br \/>\nEl Tiempo<\/p>\n<p>He criticado varias veces en esta columna las actuaciones de la canciller Mar\u00eda \u00c1ngela Holgu\u00edn, lo mismo en el tema de Venezuela que en lo referente al manejo previo y posterior de la paliza que Nicaragua nos dio en La Haya. Pero en esta ocasi\u00f3n debo decir que la Ministra tiene toda la raz\u00f3n cuando sale, en entrevista radial, a reclamarles a los integrantes de la Comisi\u00f3n Asesora de Relaciones Exteriores la filtraci\u00f3n del debate interno del Gobierno con sus abogados y asesores, para definir la estrategia jur\u00eddica que busca \u2013me temo que tard\u00eda e in\u00fatilmente\u2013 contrarrestar los efectos del fallo que nos arrebat\u00f3 unos 70.000 kil\u00f3metros cuadrados de mar del archipi\u00e9lago de San Andr\u00e9s.<\/p>\n<p>Mientras Nicaragua avanza en la concesi\u00f3n de permisos para la exploraci\u00f3n petrolera en las aguas reci\u00e9n ganadas, en Colombia el Gobierno, sus amigos y sus opositores dan un lamentable espect\u00e1culo de desuni\u00f3n, bandazos e improvisaci\u00f3n. A tal punto que ya ni siquiera se les puede pedir reserva en un asunto tan delicado a los miembros de la Comisi\u00f3n Asesora. Y eso que casi todos son amigos del Gobierno, pues sabido es que a sus reuniones no asisten los expresidentes \u00c1lvaro Uribe y Andr\u00e9s Pastrana, ni la canciller Noem\u00ed San\u00edn, cr\u00edticos del manejo que Santos y su canciller le han dado al asunto.<\/p>\n<p>El sainete llevaba ya a\u00f1os, como ha quedado demostrado en numerosos an\u00e1lisis sobre la estrategia seguida por sucesivos gobiernos frente a la demanda nicarag\u00fcense. Se agrav\u00f3 cuando, advertido de lo que ven\u00eda, el gobierno de Santos se neg\u00f3 a renunciar a la jurisdicci\u00f3n de La Haya, algo que si bien generaba una controversia jur\u00eddica, era pol\u00edticamente viable como un paso previo para desconocer el fallo. Tan loca no era la idea: varios miembros del gabinete la llevaron al consejo de ministros. Pero no prosper\u00f3.<\/p>\n<p>En cambio, la Canciller produjo las desafortunadas declaraciones sobre las decisiones \u2018salom\u00f3nicas\u2019 de La Haya, y sell\u00f3 con ello la derrota colombiana. Cuando uno va perdiendo, siempre puede salirse de la cancha alegando falta de garant\u00edas: pero insultar al \u00e1rbitro y seguir en el partido es el camino seguro al sacrificio.<\/p>\n<p>Luego del fallo, la opereta alcanz\u00f3 su cl\u00edmax: mientras la oposici\u00f3n uribista convert\u00eda el asunto en un tema pre-electoral, el Gobierno se empe\u00f1\u00f3 no tanto en buscar una salida al fallo, sino en demostrar que no hab\u00eda tenido la culpa y que los responsables eran sus predecesores. Casi un siglo de pol\u00edtica exterior unitaria y suprapartidista se fue a la caneca de la basura.<\/p>\n<p>Como toda situaci\u00f3n por mala que sea es susceptible de empeorar, viene ahora este lamentable episodio de la Comisi\u00f3n Asesora, a ra\u00edz del cual la estrategia que Colombia trata de dise\u00f1ar para meterla por alguna rendija de la sentencia de La Haya ya es de dominio p\u00fablico y la conoce, c\u00f3mo no, Nicaragua. Es como si en medio de una guerra \u2013y esta lo es, por fortuna diplom\u00e1tica y jur\u00eddica\u2013 se re\u00fane el Estado Mayor de un ej\u00e9rcito y la discusi\u00f3n de su estrategia de ataque queda horas despu\u00e9s expuesta y disponible para que el enemigo la conozca. \u00a1Qu\u00e9 verg\u00fcenza!<\/p>\n<p>La \u00fanica ventaja que lo ocurrido ofrec\u00eda era que, en virtud de la filtraci\u00f3n y a pesar de su evidente costo, los colombianos nos est\u00e1bamos haciendo a la idea de que el gobierno de Santos ten\u00eda \u2013nueve meses despu\u00e9s del fallo, \u00a1ya era hora!\u2013 una estrategia definida para responderlo. Pero el propio Presidente se encarg\u00f3 de bajarnos de esa nube: \u201cOjo: Gobierno no ha tomado ninguna decisi\u00f3n frente a recomendaciones de abogados de otras opciones que se han discutido sobre Nicaragua\u201d, trin\u00f3 Santos el viernes en su cuenta de Twitter. \u00a1Qu\u00e9 horror! La pol\u00edtica exterior definida a punta de mensajitos de 140 caracteres. As\u00ed nos va a ir en La Haya con la estrategia jur\u00eddica, cuando al fin la tengamos.<\/p>\n","protected":false},"excerpt":{"rendered":"<p>* \u201cLo \u00fanico m\u00e1s vergonzoso que la derrota con Nicaragua en La Haya es la feria de desaciertos que le ha seguido\u201d. Mauricio Vargas El Tiempo He criticado varias veces en esta columna las actuaciones de la canciller Mar\u00eda \u00c1ngela Holgu\u00edn, lo mismo en el tema de Venezuela que en lo referente al manejo previo [&hellip;]<\/p>\n","protected":false},"author":1,"featured_media":21961,"comment_status":"open","ping_status":"open","sticky":false,"template":"","format":"standard","meta":{"om_disable_all_campaigns":false,"_monsterinsights_skip_tracking":false,"_monsterinsights_sitenote_active":false,"_monsterinsights_sitenote_note":"","_monsterinsights_sitenote_category":0,"footnotes":""},"categories":[12],"tags":[],"class_list":["post-21960","post","type-post","status-publish","format-standard","has-post-thumbnail","hentry","category-blugs"],"aioseo_notices":[],"_links":{"self":[{"href":"https:\/\/elcronistadigital.com\/index.php?rest_route=\/wp\/v2\/posts\/21960","targetHints":{"allow":["GET"]}}],"collection":[{"href":"https:\/\/elcronistadigital.com\/index.php?rest_route=\/wp\/v2\/posts"}],"about":[{"href":"https:\/\/elcronistadigital.com\/index.php?rest_route=\/wp\/v2\/types\/post"}],"author":[{"embeddable":true,"href":"https:\/\/elcronistadigital.com\/index.php?rest_route=\/wp\/v2\/users\/1"}],"replies":[{"embeddable":true,"href":"https:\/\/elcronistadigital.com\/index.php?rest_route=%2Fwp%2Fv2%2Fcomments&post=21960"}],"version-history":[{"count":3,"href":"https:\/\/elcronistadigital.com\/index.php?rest_route=\/wp\/v2\/posts\/21960\/revisions"}],"predecessor-version":[{"id":21964,"href":"https:\/\/elcronistadigital.com\/index.php?rest_route=\/wp\/v2\/posts\/21960\/revisions\/21964"}],"wp:featuredmedia":[{"embeddable":true,"href":"https:\/\/elcronistadigital.com\/index.php?rest_route=\/wp\/v2\/media\/21961"}],"wp:attachment":[{"href":"https:\/\/elcronistadigital.com\/index.php?rest_route=%2Fwp%2Fv2%2Fmedia&parent=21960"}],"wp:term":[{"taxonomy":"category","embeddable":true,"href":"https:\/\/elcronistadigital.com\/index.php?rest_route=%2Fwp%2Fv2%2Fcategories&post=21960"},{"taxonomy":"post_tag","embeddable":true,"href":"https:\/\/elcronistadigital.com\/index.php?rest_route=%2Fwp%2Fv2%2Ftags&post=21960"}],"curies":[{"name":"wp","href":"https:\/\/api.w.org\/{rel}","templated":true}]}}