{"id":21965,"date":"2013-08-19T10:09:00","date_gmt":"2013-08-19T16:09:00","guid":{"rendered":"http:\/\/elcronistadigital.com\/?p=21965"},"modified":"2013-08-19T10:09:00","modified_gmt":"2013-08-19T16:09:00","slug":"cemex-nicaragua-obtiene-premio-de-seguridad-industrial","status":"publish","type":"post","link":"https:\/\/elcronistadigital.com\/?p=21965","title":{"rendered":"Cemex Nicaragua obtiene premio de seguridad industrial"},"content":{"rendered":"<p><a href=\"https:\/\/elcronistadigital.com\/?attachment_id=21966\" rel=\"attachment wp-att-21966\"><img loading=\"lazy\" decoding=\"async\" class=\"alignleft size-medium wp-image-21966\" title=\"CEMPremioHigiene160813\" src=\"https:\/\/elcronistadigital.com\/wp-content\/uploads\/2013\/08\/CEMPremioHigiene160813-300x205.jpg\" alt=\"\" width=\"300\" height=\"205\" srcset=\"https:\/\/elcronistadigital.com\/wp-content\/uploads\/2013\/08\/CEMPremioHigiene160813-300x205.jpg 300w, https:\/\/elcronistadigital.com\/wp-content\/uploads\/2013\/08\/CEMPremioHigiene160813-342x234.jpg 342w, https:\/\/elcronistadigital.com\/wp-content\/uploads\/2013\/08\/CEMPremioHigiene160813.jpg 448w\" sizes=\"auto, (max-width: 300px) 100vw, 300px\" \/><\/a>Por octava ocasi\u00f3n Cemex Nicaragua obtuvo el m\u00e1ximo galard\u00f3n \u201cEmpresa L\u00edder 2013\u201d otorgado por el Ministerio del Trabajo (Mitrab), a trav\u00e9s del Concurso Empresa Modelo en Higiene y Seguridad del Trabajo que premia a las mejores empresas del pa\u00eds en esta materia a fin de promover el bienestar de los colaboradores y sus familias.<\/p>\n<p>El premio fue otorgado por el Consejo Nacional de Higiene y Seguridad en el marco del D\u00eda Nacional de la Higiene, Salud y Seguridad de los Trabajadores, a celebrase este 18 de agosto. El compromiso de Cemex Nicaragua lo ha hecho merecedor de diversos premios y certificados desde el a\u00f1o 2002 destac\u00e1ndose en las categor\u00edas de \u201cGrandes logros\u201d, \u201cExcelencia\u201d y \u201cEmpresa L\u00edder\u201d.<\/p>\n<p>\u201cSomos una empresa comprometida con el desarrollo de nuestra comunidad, la seguridad y salud de nuestros colaboradores para contribuir a mejorar su nivel de vida. Es por eso que desarrollamos programas integrales que mejoran los conocimientos y habilidades de los colaboradores y les ayudan a proteger sus vidas y mantenerse sanos y salvos para ellos y sus familias\u201d, indic\u00f3 Sergio Murillo, Gerente de Asuntos Corporativos de Cemex Nicaragua.<\/p>\n<p>Entre estos programas destacan el Sistema de Gesti\u00f3n de Seguridad Industrial y Salud (Hsms), el Programa de liderazgo de seguridad Legacy, Manejo seguro y el monitoreo con GPS. Otro punto esencial en la salud del colaborador de Cemex es un programa de capacitaci\u00f3n anual que incluye 12 temas bases para el cuido del coraz\u00f3n, la espalda, alimentaci\u00f3n, protecci\u00f3n de la piel, manejo del estr\u00e9s, protecci\u00f3n de las manos y cuido de los pulmones, entre otros.<\/p>\n<p>Asimismo Cemex Nicaragua cuenta con un amplio plan de gesti\u00f3n e implementaci\u00f3n de medidas para concientizar a sus colaboradores como es el \u201cPrograma Pap\u00e1 m\u00e1s seguro\u201d que busca incidir y fortalecer la seguridad desde el hogar en coordinaci\u00f3n con los hijos, hijas y esposas de los colaboradores a fin de que se interesen por su auto cuido.<\/p>\n<p>El premio se entreg\u00f3 durante el foro \u201cLas personas con discapacidad laborando en condiciones seguras y saludables\u201d, promovido por el Mitrab donde personas con discapacidad compartieron sus experiencias de vida al ingresar con \u00e9xito al mundo laboral como es el caso de Juan Carlos Zavala quien labora para Cemex Nicaragua desde el a\u00f1o 2011.<\/p>\n<p>Cemex es una compa\u00f1\u00eda global que ofrece materiales de alta calidad para la industria de la construcci\u00f3n. Naci\u00f3 en M\u00e9xico hace m\u00e1s de 100 a\u00f1os y hoy se destaca como una de las empresas globales l\u00edderes en la industria con productos y servicios en m\u00e1s de 50 pa\u00edses.<\/p>\n","protected":false},"excerpt":{"rendered":"<p>Por octava ocasi\u00f3n Cemex Nicaragua obtuvo el m\u00e1ximo galard\u00f3n \u201cEmpresa L\u00edder 2013\u201d otorgado por el Ministerio del Trabajo (Mitrab), a trav\u00e9s del Concurso Empresa Modelo en Higiene y Seguridad del Trabajo que premia a las mejores empresas del pa\u00eds en esta materia a fin de promover el bienestar de los colaboradores y sus familias. El [&hellip;]<\/p>\n","protected":false},"author":1,"featured_media":21966,"comment_status":"open","ping_status":"open","sticky":false,"template":"","format":"standard","meta":{"om_disable_all_campaigns":false,"_monsterinsights_skip_tracking":false,"_monsterinsights_sitenote_active":false,"_monsterinsights_sitenote_note":"","_monsterinsights_sitenote_category":0,"footnotes":""},"categories":[14],"tags":[],"class_list":["post-21965","post","type-post","status-publish","format-standard","has-post-thumbnail","hentry","category-empresas"],"aioseo_notices":[],"_links":{"self":[{"href":"https:\/\/elcronistadigital.com\/index.php?rest_route=\/wp\/v2\/posts\/21965","targetHints":{"allow":["GET"]}}],"collection":[{"href":"https:\/\/elcronistadigital.com\/index.php?rest_route=\/wp\/v2\/posts"}],"about":[{"href":"https:\/\/elcronistadigital.com\/index.php?rest_route=\/wp\/v2\/types\/post"}],"author":[{"embeddable":true,"href":"https:\/\/elcronistadigital.com\/index.php?rest_route=\/wp\/v2\/users\/1"}],"replies":[{"embeddable":true,"href":"https:\/\/elcronistadigital.com\/index.php?rest_route=%2Fwp%2Fv2%2Fcomments&post=21965"}],"version-history":[{"count":3,"href":"https:\/\/elcronistadigital.com\/index.php?rest_route=\/wp\/v2\/posts\/21965\/revisions"}],"predecessor-version":[{"id":21969,"href":"https:\/\/elcronistadigital.com\/index.php?rest_route=\/wp\/v2\/posts\/21965\/revisions\/21969"}],"wp:featuredmedia":[{"embeddable":true,"href":"https:\/\/elcronistadigital.com\/index.php?rest_route=\/wp\/v2\/media\/21966"}],"wp:attachment":[{"href":"https:\/\/elcronistadigital.com\/index.php?rest_route=%2Fwp%2Fv2%2Fmedia&parent=21965"}],"wp:term":[{"taxonomy":"category","embeddable":true,"href":"https:\/\/elcronistadigital.com\/index.php?rest_route=%2Fwp%2Fv2%2Fcategories&post=21965"},{"taxonomy":"post_tag","embeddable":true,"href":"https:\/\/elcronistadigital.com\/index.php?rest_route=%2Fwp%2Fv2%2Ftags&post=21965"}],"curies":[{"name":"wp","href":"https:\/\/api.w.org\/{rel}","templated":true}]}}