{"id":21975,"date":"2013-08-19T12:15:55","date_gmt":"2013-08-19T18:15:55","guid":{"rendered":"http:\/\/elcronistadigital.com\/?p=21975"},"modified":"2013-08-19T12:15:56","modified_gmt":"2013-08-19T18:15:56","slug":"colegio-teresiano-es-el-estafado","status":"publish","type":"post","link":"https:\/\/elcronistadigital.com\/?p=21975","title":{"rendered":"Colegio Teresiano es el estafado"},"content":{"rendered":"<p><a href=\"https:\/\/elcronistadigital.com\/?attachment_id=21976\" rel=\"attachment wp-att-21976\"><img loading=\"lazy\" decoding=\"async\" class=\"alignleft size-medium wp-image-21976\" title=\"teresiano\" src=\"https:\/\/elcronistadigital.com\/wp-content\/uploads\/2013\/08\/teresiano-300x225.jpg\" alt=\"\" width=\"300\" height=\"225\" srcset=\"https:\/\/elcronistadigital.com\/wp-content\/uploads\/2013\/08\/teresiano-300x225.jpg 300w, https:\/\/elcronistadigital.com\/wp-content\/uploads\/2013\/08\/teresiano-60x45.jpg 60w, https:\/\/elcronistadigital.com\/wp-content\/uploads\/2013\/08\/teresiano-150x113.jpg 150w, https:\/\/elcronistadigital.com\/wp-content\/uploads\/2013\/08\/teresiano-269x201.jpg 269w, https:\/\/elcronistadigital.com\/wp-content\/uploads\/2013\/08\/teresiano.jpg 320w\" sizes=\"auto, (max-width: 300px) 100vw, 300px\" \/><\/a>* Se mantiene orden de captura en contra de Roberto Benda\u00f1a y \u00c1lvaro Montealegre Rivas, y monto del fraude hasta el momento supera los 16 millones de c\u00f3rdobas<\/p>\n<p>La Compa\u00f1\u00eda de Santa Teresita de Jes\u00fas, que regenta el Colegio Teresiano de Managua y otros centros educativos ubicados en diferentes departamentos del pa\u00eds, es la instituci\u00f3n religiosa que interpuso la acusaci\u00f3n por estafa en contra de Roberto Benda\u00f1a McEwan y su cu\u00f1ado \u00c1lvaro Montealegre Rivas, seg\u00fan nos confirm\u00f3 una fuente judicial.<\/p>\n<p>Benda\u00f1a y Montealegre habr\u00edan fundado en Panam\u00e1 una empresa de malet\u00edn que presuntamente se encargar\u00eda de canalizar hacia las monjitas del Teresiano toda la ayuda internacional que les fuera enviada, incluyendo donaciones en met\u00e1lico, sin embargo, no ocurri\u00f3 como las religiosas esperaban.<\/p>\n<p>Seg\u00fan nuestro informante, hasta el momento el monto de la estafa asciende a m\u00e1s de 16 millones de c\u00f3rdobas, sin embargo, esa cifra crecer\u00e1 en los pr\u00f3ximos d\u00edas. \u201cComo ves, esto nada tiene que ver con la pol\u00edtica a como quiere enredar las cosas Benda\u00f1a\u201d, se\u00f1al\u00f3.<\/p>\n<p>Y fue m\u00e1s all\u00e1 al asegurar que Benda\u00f1a encabeza una estructura de estafadores y que entre sus v\u00edctimas est\u00e1n las hermanas Teresianas que realizan una gran obra social en Nicaragua. \u201cSe quedaron con gran parte del dinero de los pobres\u201d, asegur\u00f3 la fuente.<\/p>\n<p>Benda\u00f1a deslind\u00f3 responsabilidades y dijo que ignoraba los negocios en que andaba metido su cu\u00f1ado \u00c1lvaro Montealegre Rivas, de quien conocimos que contrat\u00f3 a una oficina de abogados para acusar penalmente a Roberto.<\/p>\n<p>Cuando hablamos con Benda\u00f1a asegur\u00f3 que no ten\u00eda ning\u00fan tipo de conexi\u00f3n financiera con Montealegre, aparte de la que tuvo en Caf\u00e9 Don Paco, pero que quiz\u00e1s podr\u00eda hablar Hugo Paguaga, \u201cquien trabaja con \u00c1lvaro en este tipo de transacciones y puede conocer detalles\u201d.<\/p>\n<p>La fuente no quiso precisar detalles, sin embargo, dio a conocer que uno de los involucrados en la supuesta estafa estar\u00eda buscando como salir de Nicaragua rumbo a Estados Unidos, donde toda su familia tiene residencia.<\/p>\n<p>Consultada la fuente sobre si se mantiene la orden de captura contra los dos empresarios nicarag\u00fcenses, se\u00f1al\u00f3 que solo faltaba afinar algunos detalles para que las autoridades policiales los detuvieran.<\/p>\n<p>El Colegio Teresiano de Managua de la Compa\u00f1\u00eda de Santa Teresa de Jes\u00fas, ubicado en el km 5 y medio de la carretera a Masaya, se define como \u201cun Centro Educativo Cat\u00f3lico que educa y promueve procesos personales y comunitarios basados en la espiritualidad teresiana, que tiene como centro de toda acci\u00f3n la persona de Jes\u00fas\u2026\u201d.<\/p>\n","protected":false},"excerpt":{"rendered":"<p>* Se mantiene orden de captura en contra de Roberto Benda\u00f1a y \u00c1lvaro Montealegre Rivas, y monto del fraude hasta el momento supera los 16 millones de c\u00f3rdobas La Compa\u00f1\u00eda de Santa Teresita de Jes\u00fas, que regenta el Colegio Teresiano de Managua y otros centros educativos ubicados en diferentes departamentos del pa\u00eds, es la instituci\u00f3n [&hellip;]<\/p>\n","protected":false},"author":1,"featured_media":21976,"comment_status":"open","ping_status":"open","sticky":false,"template":"","format":"standard","meta":{"om_disable_all_campaigns":false,"_monsterinsights_skip_tracking":false,"_monsterinsights_sitenote_active":false,"_monsterinsights_sitenote_note":"","_monsterinsights_sitenote_category":0,"footnotes":""},"categories":[3,13],"tags":[3420],"class_list":["post-21975","post","type-post","status-publish","format-standard","has-post-thumbnail","hentry","category-nacionales","category-portada","tag-colegio-teresiano"],"aioseo_notices":[],"_links":{"self":[{"href":"https:\/\/elcronistadigital.com\/index.php?rest_route=\/wp\/v2\/posts\/21975","targetHints":{"allow":["GET"]}}],"collection":[{"href":"https:\/\/elcronistadigital.com\/index.php?rest_route=\/wp\/v2\/posts"}],"about":[{"href":"https:\/\/elcronistadigital.com\/index.php?rest_route=\/wp\/v2\/types\/post"}],"author":[{"embeddable":true,"href":"https:\/\/elcronistadigital.com\/index.php?rest_route=\/wp\/v2\/users\/1"}],"replies":[{"embeddable":true,"href":"https:\/\/elcronistadigital.com\/index.php?rest_route=%2Fwp%2Fv2%2Fcomments&post=21975"}],"version-history":[{"count":3,"href":"https:\/\/elcronistadigital.com\/index.php?rest_route=\/wp\/v2\/posts\/21975\/revisions"}],"predecessor-version":[{"id":21979,"href":"https:\/\/elcronistadigital.com\/index.php?rest_route=\/wp\/v2\/posts\/21975\/revisions\/21979"}],"wp:featuredmedia":[{"embeddable":true,"href":"https:\/\/elcronistadigital.com\/index.php?rest_route=\/wp\/v2\/media\/21976"}],"wp:attachment":[{"href":"https:\/\/elcronistadigital.com\/index.php?rest_route=%2Fwp%2Fv2%2Fmedia&parent=21975"}],"wp:term":[{"taxonomy":"category","embeddable":true,"href":"https:\/\/elcronistadigital.com\/index.php?rest_route=%2Fwp%2Fv2%2Fcategories&post=21975"},{"taxonomy":"post_tag","embeddable":true,"href":"https:\/\/elcronistadigital.com\/index.php?rest_route=%2Fwp%2Fv2%2Ftags&post=21975"}],"curies":[{"name":"wp","href":"https:\/\/api.w.org\/{rel}","templated":true}]}}