{"id":21980,"date":"2013-08-19T12:48:19","date_gmt":"2013-08-19T18:48:19","guid":{"rendered":"http:\/\/elcronistadigital.com\/?p=21980"},"modified":"2013-08-19T12:48:19","modified_gmt":"2013-08-19T18:48:19","slug":"amcham-claro-y-transactel-en-jornada-de-construccion-de-techo-en-leon","status":"publish","type":"post","link":"https:\/\/elcronistadigital.com\/?p=21980","title":{"rendered":"Amcham, Claro y Transactel en jornada de construcci\u00f3n de TECHO en Le\u00f3n"},"content":{"rendered":"<p><a href=\"https:\/\/elcronistadigital.com\/?attachment_id=21981\" rel=\"attachment wp-att-21981\"><img loading=\"lazy\" decoding=\"async\" class=\"alignleft size-medium wp-image-21981\" title=\"Techo\" src=\"https:\/\/elcronistadigital.com\/wp-content\/uploads\/2013\/08\/Techo-300x180.png\" alt=\"\" width=\"300\" height=\"180\" srcset=\"https:\/\/elcronistadigital.com\/wp-content\/uploads\/2013\/08\/Techo-300x180.png 300w, https:\/\/elcronistadigital.com\/wp-content\/uploads\/2013\/08\/Techo-342x206.png 342w, https:\/\/elcronistadigital.com\/wp-content\/uploads\/2013\/08\/Techo.png 350w\" sizes=\"auto, (max-width: 300px) 100vw, 300px\" \/><\/a>Directivos de la C\u00e1mara de Comercio Americana de Nicaragua (AmCham), participaron este fin de semana en la jornada de construcci\u00f3n de viviendas con el Presidente de Transactel, Guillermo Montano y voluntarios de dicha empresa internacional, as\u00ed como de ejecutivos y colaboradores de Claro encabezados por su gerente general y vicepresidente de AmCham, Roberto Sans\u00f3n Caldera.<\/p>\n<p>\u201cNosotros en Transactel tenemos un lema: Damos en el lugar que servimos y eso hicimos en Le\u00f3n con los j\u00f3venes de TECHO y el apoyo de Claro y de AmCham\u201d, dijo Guillermo Montano, presidente de dicha empresa con m\u00e1s de 7 mil colaboradores en Centroam\u00e9rica y con inversiones en Le\u00f3n y Managua desde el a\u00f1o 2011.<\/p>\n<p>\u201cNuestro compromiso de responsabilidad social corporativa se pone de manifiesto colaborando con empresas de prestigio que son nuestros socios, como Transactel y vamos a continuar colaborando con TECHO para llevar un poco de alivio a familias que tanto lo necesitan\u201d, dijo por su parte Sans\u00f3n.<\/p>\n<p>\u201cAmCham no es \u00fanicamente negocios e inversiones. AmCham es tambi\u00e9n solidaridad con nuestros conciudadanos\u201d, dijo por su parte Diego Vargas Montealegre, presidente de dicha instituci\u00f3n.<\/p>\n","protected":false},"excerpt":{"rendered":"<p>Directivos de la C\u00e1mara de Comercio Americana de Nicaragua (AmCham), participaron este fin de semana en la jornada de construcci\u00f3n de viviendas con el Presidente de Transactel, Guillermo Montano y voluntarios de dicha empresa internacional, as\u00ed como de ejecutivos y colaboradores de Claro encabezados por su gerente general y vicepresidente de AmCham, Roberto Sans\u00f3n Caldera. [&hellip;]<\/p>\n","protected":false},"author":1,"featured_media":21981,"comment_status":"open","ping_status":"open","sticky":false,"template":"","format":"standard","meta":{"om_disable_all_campaigns":false,"_monsterinsights_skip_tracking":false,"_monsterinsights_sitenote_active":false,"_monsterinsights_sitenote_note":"","_monsterinsights_sitenote_category":0,"footnotes":""},"categories":[14],"tags":[],"class_list":["post-21980","post","type-post","status-publish","format-standard","has-post-thumbnail","hentry","category-empresas"],"aioseo_notices":[],"_links":{"self":[{"href":"https:\/\/elcronistadigital.com\/index.php?rest_route=\/wp\/v2\/posts\/21980","targetHints":{"allow":["GET"]}}],"collection":[{"href":"https:\/\/elcronistadigital.com\/index.php?rest_route=\/wp\/v2\/posts"}],"about":[{"href":"https:\/\/elcronistadigital.com\/index.php?rest_route=\/wp\/v2\/types\/post"}],"author":[{"embeddable":true,"href":"https:\/\/elcronistadigital.com\/index.php?rest_route=\/wp\/v2\/users\/1"}],"replies":[{"embeddable":true,"href":"https:\/\/elcronistadigital.com\/index.php?rest_route=%2Fwp%2Fv2%2Fcomments&post=21980"}],"version-history":[{"count":3,"href":"https:\/\/elcronistadigital.com\/index.php?rest_route=\/wp\/v2\/posts\/21980\/revisions"}],"predecessor-version":[{"id":21984,"href":"https:\/\/elcronistadigital.com\/index.php?rest_route=\/wp\/v2\/posts\/21980\/revisions\/21984"}],"wp:featuredmedia":[{"embeddable":true,"href":"https:\/\/elcronistadigital.com\/index.php?rest_route=\/wp\/v2\/media\/21981"}],"wp:attachment":[{"href":"https:\/\/elcronistadigital.com\/index.php?rest_route=%2Fwp%2Fv2%2Fmedia&parent=21980"}],"wp:term":[{"taxonomy":"category","embeddable":true,"href":"https:\/\/elcronistadigital.com\/index.php?rest_route=%2Fwp%2Fv2%2Fcategories&post=21980"},{"taxonomy":"post_tag","embeddable":true,"href":"https:\/\/elcronistadigital.com\/index.php?rest_route=%2Fwp%2Fv2%2Ftags&post=21980"}],"curies":[{"name":"wp","href":"https:\/\/api.w.org\/{rel}","templated":true}]}}