{"id":21985,"date":"2013-08-19T15:20:14","date_gmt":"2013-08-19T21:20:14","guid":{"rendered":"http:\/\/elcronistadigital.com\/?p=21985"},"modified":"2013-08-19T15:20:14","modified_gmt":"2013-08-19T21:20:14","slug":"gobernadora-de-san-andres-nos-visito-como-bucanera","status":"publish","type":"post","link":"https:\/\/elcronistadigital.com\/?p=21985","title":{"rendered":"Gobernadora de San Andr\u00e9s nos visit\u00f3 como \u201cbucanera\u201d"},"content":{"rendered":"<div id=\"attachment_21986\" style=\"width: 310px\" class=\"wp-caption alignleft\"><a href=\"https:\/\/elcronistadigital.com\/?attachment_id=21986\" rel=\"attachment wp-att-21986\"><img loading=\"lazy\" decoding=\"async\" aria-describedby=\"caption-attachment-21986\" class=\"size-medium wp-image-21986\" title=\"Aury Guerrero Bowie\" src=\"https:\/\/elcronistadigital.com\/wp-content\/uploads\/2013\/08\/Aury-Guerrero-Bowie-300x200.jpg\" alt=\"\" width=\"300\" height=\"200\" srcset=\"https:\/\/elcronistadigital.com\/wp-content\/uploads\/2013\/08\/Aury-Guerrero-Bowie-300x200.jpg 300w, https:\/\/elcronistadigital.com\/wp-content\/uploads\/2013\/08\/Aury-Guerrero-Bowie-342x227.jpg 342w, https:\/\/elcronistadigital.com\/wp-content\/uploads\/2013\/08\/Aury-Guerrero-Bowie.jpg 600w\" sizes=\"auto, (max-width: 300px) 100vw, 300px\" \/><\/a><p id=\"caption-attachment-21986\" class=\"wp-caption-text\">Aury Guerrero Bowie, gobernadora de San Andr\u00e9s, entr\u00f3 como &quot;pirata a\u00e9rea&quot; a aguas nicarag\u00fcenses.<\/p><\/div>\n<p>* En compa\u00f1\u00eda de militares colombianos sobrevol\u00f3 subrepticiamente aguas que nos devolvi\u00f3 La Haya para verificar que no hab\u00eda naves de nuestro pa\u00eds ejerciendo soberan\u00eda, seg\u00fan confes\u00f3<\/p>\n<p>La gobernadora de San Andr\u00e9s, Aury Guerrero Bowie, al parecer se auto expidi\u00f3 una patente de corso para ejercer de \u201cpirata a\u00e9rea\u201d y sobrevolar en labor de espionaje en las \u00faltimas horas el \u00e1rea de pesca de Luna Verde en el meridiano 82 con el paralelo 15, zona de frontera con Nicaragua.<\/p>\n<p>Seg\u00fan la se\u00f1ora Guerrero, no hay ninguna plataforma ni embarcaci\u00f3n extranjera al este del meridiano 82, donde los pescadores colombianos cumplen con sus labores de pesca, en este caso en aguas nicarag\u00fcenses, de ser cierto lo que asegura Guerrero.<\/p>\n<p>La gobernadora realiz\u00f3 el sobrevuelo con el contralmirante Luis Hern\u00e1n Espejo Segura, jefe del Comando Espec\u00edfico de San Andr\u00e9s, seg\u00fan radio Caracol.<\/p>\n<p>Seg\u00fan el reporte entregado por la gobernadora, las dos fragatas de la armada colombiana est\u00e1n en la l\u00ednea de frontera vigilando las aguas nacionales.<\/p>\n","protected":false},"excerpt":{"rendered":"<p>* En compa\u00f1\u00eda de militares colombianos sobrevol\u00f3 subrepticiamente aguas que nos devolvi\u00f3 La Haya para verificar que no hab\u00eda naves de nuestro pa\u00eds ejerciendo soberan\u00eda, seg\u00fan confes\u00f3 La gobernadora de San Andr\u00e9s, Aury Guerrero Bowie, al parecer se auto expidi\u00f3 una patente de corso para ejercer de \u201cpirata a\u00e9rea\u201d y sobrevolar en labor de espionaje [&hellip;]<\/p>\n","protected":false},"author":1,"featured_media":21986,"comment_status":"open","ping_status":"open","sticky":false,"template":"","format":"standard","meta":{"om_disable_all_campaigns":false,"_monsterinsights_skip_tracking":false,"_monsterinsights_sitenote_active":false,"_monsterinsights_sitenote_note":"","_monsterinsights_sitenote_category":0,"footnotes":""},"categories":[3,13],"tags":[],"class_list":["post-21985","post","type-post","status-publish","format-standard","has-post-thumbnail","hentry","category-nacionales","category-portada"],"aioseo_notices":[],"_links":{"self":[{"href":"https:\/\/elcronistadigital.com\/index.php?rest_route=\/wp\/v2\/posts\/21985","targetHints":{"allow":["GET"]}}],"collection":[{"href":"https:\/\/elcronistadigital.com\/index.php?rest_route=\/wp\/v2\/posts"}],"about":[{"href":"https:\/\/elcronistadigital.com\/index.php?rest_route=\/wp\/v2\/types\/post"}],"author":[{"embeddable":true,"href":"https:\/\/elcronistadigital.com\/index.php?rest_route=\/wp\/v2\/users\/1"}],"replies":[{"embeddable":true,"href":"https:\/\/elcronistadigital.com\/index.php?rest_route=%2Fwp%2Fv2%2Fcomments&post=21985"}],"version-history":[{"count":3,"href":"https:\/\/elcronistadigital.com\/index.php?rest_route=\/wp\/v2\/posts\/21985\/revisions"}],"predecessor-version":[{"id":21989,"href":"https:\/\/elcronistadigital.com\/index.php?rest_route=\/wp\/v2\/posts\/21985\/revisions\/21989"}],"wp:featuredmedia":[{"embeddable":true,"href":"https:\/\/elcronistadigital.com\/index.php?rest_route=\/wp\/v2\/media\/21986"}],"wp:attachment":[{"href":"https:\/\/elcronistadigital.com\/index.php?rest_route=%2Fwp%2Fv2%2Fmedia&parent=21985"}],"wp:term":[{"taxonomy":"category","embeddable":true,"href":"https:\/\/elcronistadigital.com\/index.php?rest_route=%2Fwp%2Fv2%2Fcategories&post=21985"},{"taxonomy":"post_tag","embeddable":true,"href":"https:\/\/elcronistadigital.com\/index.php?rest_route=%2Fwp%2Fv2%2Ftags&post=21985"}],"curies":[{"name":"wp","href":"https:\/\/api.w.org\/{rel}","templated":true}]}}