{"id":22008,"date":"2013-08-20T07:13:14","date_gmt":"2013-08-20T13:13:14","guid":{"rendered":"http:\/\/elcronistadigital.com\/?p=22008"},"modified":"2013-08-20T07:13:14","modified_gmt":"2013-08-20T13:13:14","slug":"espana-ayudara-a-nicaragua-contra-violencia-machista","status":"publish","type":"post","link":"https:\/\/elcronistadigital.com\/?p=22008","title":{"rendered":"Espa\u00f1a ayudar\u00e1 a Nicaragua contra violencia machista"},"content":{"rendered":"<p><a href=\"https:\/\/elcronistadigital.com\/?attachment_id=22009\" rel=\"attachment wp-att-22009\"><img loading=\"lazy\" decoding=\"async\" class=\"alignleft size-medium wp-image-22009\" title=\"violacion\" src=\"https:\/\/elcronistadigital.com\/wp-content\/uploads\/2013\/08\/violacion-300x233.jpg\" alt=\"\" width=\"300\" height=\"233\" srcset=\"https:\/\/elcronistadigital.com\/wp-content\/uploads\/2013\/08\/violacion-300x233.jpg 300w, https:\/\/elcronistadigital.com\/wp-content\/uploads\/2013\/08\/violacion-342x266.jpg 342w, https:\/\/elcronistadigital.com\/wp-content\/uploads\/2013\/08\/violacion.jpg 472w\" sizes=\"auto, (max-width: 300px) 100vw, 300px\" \/><\/a>* CSJ instalar\u00e1 Observatorio Judicial de Violencia<\/p>\n<p>El gobierno de Espa\u00f1a dar\u00e1 asistencia t\u00e9cnica a un \u201cobservatorio de violencia\u201d contra las mujeres que el Poder Judicial de Nicaragua instalar\u00e1 para vigilar la aplicaci\u00f3n de una ley que penaliza los femicidios, se inform\u00f3 el lunes en Managua.<\/p>\n<p>La decisi\u00f3n se tom\u00f3 tras una visita que la titular de la Corte Suprema de Justicia nicarag\u00fcense realiz\u00f3 a Espa\u00f1a en d\u00edas pasados, donde se reuni\u00f3 con el secretario de Estado de Justicia, Fernando Rom\u00e1n, y el director de Cooperaci\u00f3n Jur\u00eddica Internacional, Angel Llorente, entre otros funcionarios.<\/p>\n<p>En cinco meses<\/p>\n<p>La Cooperaci\u00f3n Espa\u00f1ola asesorar\u00e1 a la nueva instancia, que ser\u00e1 creada en un plazo de cinco meses, con base en la experiencia que ese pa\u00eds tiene en materia de sistemas de monitoreo de violencia de g\u00e9nero, seg\u00fan la agencia Dpa.<\/p>\n<p>El Observatorio Judicial de Violencia permitir\u00e1 recopilar y analizar datos sobre los casos atendidos por la Ley Contra la Violencia Hacia las Mujeres, as\u00ed como la suma de denuncias, \u00f3rdenes de protecci\u00f3n y sentencias emitidas.<\/p>\n","protected":false},"excerpt":{"rendered":"<p>* CSJ instalar\u00e1 Observatorio Judicial de Violencia El gobierno de Espa\u00f1a dar\u00e1 asistencia t\u00e9cnica a un \u201cobservatorio de violencia\u201d contra las mujeres que el Poder Judicial de Nicaragua instalar\u00e1 para vigilar la aplicaci\u00f3n de una ley que penaliza los femicidios, se inform\u00f3 el lunes en Managua. La decisi\u00f3n se tom\u00f3 tras una visita que la [&hellip;]<\/p>\n","protected":false},"author":1,"featured_media":22009,"comment_status":"open","ping_status":"open","sticky":false,"template":"","format":"standard","meta":{"om_disable_all_campaigns":false,"_monsterinsights_skip_tracking":false,"_monsterinsights_sitenote_active":false,"_monsterinsights_sitenote_note":"","_monsterinsights_sitenote_category":0,"footnotes":""},"categories":[3],"tags":[],"class_list":["post-22008","post","type-post","status-publish","format-standard","has-post-thumbnail","hentry","category-nacionales"],"aioseo_notices":[],"_links":{"self":[{"href":"https:\/\/elcronistadigital.com\/index.php?rest_route=\/wp\/v2\/posts\/22008","targetHints":{"allow":["GET"]}}],"collection":[{"href":"https:\/\/elcronistadigital.com\/index.php?rest_route=\/wp\/v2\/posts"}],"about":[{"href":"https:\/\/elcronistadigital.com\/index.php?rest_route=\/wp\/v2\/types\/post"}],"author":[{"embeddable":true,"href":"https:\/\/elcronistadigital.com\/index.php?rest_route=\/wp\/v2\/users\/1"}],"replies":[{"embeddable":true,"href":"https:\/\/elcronistadigital.com\/index.php?rest_route=%2Fwp%2Fv2%2Fcomments&post=22008"}],"version-history":[{"count":3,"href":"https:\/\/elcronistadigital.com\/index.php?rest_route=\/wp\/v2\/posts\/22008\/revisions"}],"predecessor-version":[{"id":22012,"href":"https:\/\/elcronistadigital.com\/index.php?rest_route=\/wp\/v2\/posts\/22008\/revisions\/22012"}],"wp:featuredmedia":[{"embeddable":true,"href":"https:\/\/elcronistadigital.com\/index.php?rest_route=\/wp\/v2\/media\/22009"}],"wp:attachment":[{"href":"https:\/\/elcronistadigital.com\/index.php?rest_route=%2Fwp%2Fv2%2Fmedia&parent=22008"}],"wp:term":[{"taxonomy":"category","embeddable":true,"href":"https:\/\/elcronistadigital.com\/index.php?rest_route=%2Fwp%2Fv2%2Fcategories&post=22008"},{"taxonomy":"post_tag","embeddable":true,"href":"https:\/\/elcronistadigital.com\/index.php?rest_route=%2Fwp%2Fv2%2Ftags&post=22008"}],"curies":[{"name":"wp","href":"https:\/\/api.w.org\/{rel}","templated":true}]}}