{"id":22013,"date":"2013-08-20T07:16:24","date_gmt":"2013-08-20T13:16:24","guid":{"rendered":"http:\/\/elcronistadigital.com\/?p=22013"},"modified":"2013-08-20T07:16:24","modified_gmt":"2013-08-20T13:16:24","slug":"500-mil-dolares-da-fao-para-enfrentar-la-roya","status":"publish","type":"post","link":"https:\/\/elcronistadigital.com\/?p=22013","title":{"rendered":"500 mil d\u00f3lares da FAO para enfrentar la roya"},"content":{"rendered":"<p><a href=\"https:\/\/elcronistadigital.com\/?attachment_id=22014\" rel=\"attachment wp-att-22014\"><img loading=\"lazy\" decoding=\"async\" class=\"alignleft size-medium wp-image-22014\" title=\"roya del caf\u00e9\" src=\"https:\/\/elcronistadigital.com\/wp-content\/uploads\/2013\/08\/roya-del-caf\u00e91-300x224.png\" alt=\"\" width=\"300\" height=\"224\" srcset=\"https:\/\/elcronistadigital.com\/wp-content\/uploads\/2013\/08\/roya-del-caf\u00e91-300x224.png 300w, https:\/\/elcronistadigital.com\/wp-content\/uploads\/2013\/08\/roya-del-caf\u00e91-342x256.png 342w, https:\/\/elcronistadigital.com\/wp-content\/uploads\/2013\/08\/roya-del-caf\u00e91-60x45.png 60w, https:\/\/elcronistadigital.com\/wp-content\/uploads\/2013\/08\/roya-del-caf\u00e91-150x113.png 150w, https:\/\/elcronistadigital.com\/wp-content\/uploads\/2013\/08\/roya-del-caf\u00e91-269x201.png 269w, https:\/\/elcronistadigital.com\/wp-content\/uploads\/2013\/08\/roya-del-caf\u00e91.png 448w\" sizes=\"auto, (max-width: 300px) 100vw, 300px\" \/><\/a>* Inversi\u00f3n durar\u00e1 dos a\u00f1os y busca ayudar a revertir da\u00f1os por pernicioso hongo del caf\u00e9<\/p>\n<p>Medio mill\u00f3n de d\u00f3lares invertir\u00e1 la Organizaci\u00f3n de Naciones Unidas para la Agricultura y Alimentaci\u00f3n (FAO), durante los pr\u00f3ximos dos a\u00f1os en Centroam\u00e9rica y Rep\u00fablica Dominicana en el fortalecimiento de los proyectos contra la roya del caf\u00e9.<\/p>\n<p>El caf\u00e9 es uno de los principales productos de exportaci\u00f3n de Am\u00e9rica Central, donde el hongo de la roya y otras enfermedades da\u00f1ar\u00e1n el 20 % de la producci\u00f3n cafetera del ciclo 2012-2013, seg\u00fan c\u00e1lculos de la Organizaci\u00f3n Centroamericana de Exportadores de Caf\u00e9.<\/p>\n<p>El coordinador de la FAO para Mesoam\u00e9rica, Ignacio Rivera, dijo este lunes a Efe que el desembolso de los 500.000 d\u00f3lares iniciar\u00e1 este 2013 de manera simult\u00e1nea en los pa\u00edses del SICA, orientado principalmente a identificar el problema de la roya, con suficiente tiempo a fin de que los planes para su combate puedan ser efectivos.<\/p>\n<p>Graves p\u00e9rdidas<\/p>\n<p>El Sistema de la Integraci\u00f3n Centroamericana (SICA) est\u00e1 integrado por Costa Rica, Panam\u00e1, Nicaragua, El Salvador, Honduras, Guatemala y Belice, mientras que Rep\u00fablica Dominicana est\u00e1 en proceso de pasar de observador a miembro pleno.<\/p>\n<p>La plaga de la roya, un hongo que afecta gravemente las plantas de caf\u00e9 y al grano, provoc\u00f3 p\u00e9rdidas cercanas a los 550 millones de d\u00f3lares en Centroam\u00e9rica y la merma de 441.000 puestos de trabajo en la cosecha 2012-2013, seg\u00fan c\u00e1lculos incluidos en un informe de la Organizaci\u00f3n Internacional del Caf\u00e9 (OIC).<\/p>\n<p>Sin fronteras<\/p>\n<p>El representante de la FAO en Panam\u00e1 precis\u00f3 este lunes que la roya es una plaga que \u00abno respeta fronteras\u00bb, por lo que el programa que incluye el desembolso de los 500.000 d\u00f3lares ser\u00e1 atendido de manera integral y programada en los pa\u00edses del SICA.<\/p>\n<p>Rivera brind\u00f3 sus declaraciones tras firmar en representaci\u00f3n de la FAO con el ministro de Agricultura (MIDA) de Panam\u00e1, \u00d3scar Osorio, el acuerdo referido al combate de la roya en la regi\u00f3n centroamericana.<\/p>\n","protected":false},"excerpt":{"rendered":"<p>* Inversi\u00f3n durar\u00e1 dos a\u00f1os y busca ayudar a revertir da\u00f1os por pernicioso hongo del caf\u00e9 Medio mill\u00f3n de d\u00f3lares invertir\u00e1 la Organizaci\u00f3n de Naciones Unidas para la Agricultura y Alimentaci\u00f3n (FAO), durante los pr\u00f3ximos dos a\u00f1os en Centroam\u00e9rica y Rep\u00fablica Dominicana en el fortalecimiento de los proyectos contra la roya del caf\u00e9. El caf\u00e9 [&hellip;]<\/p>\n","protected":false},"author":1,"featured_media":22014,"comment_status":"open","ping_status":"open","sticky":false,"template":"","format":"standard","meta":{"om_disable_all_campaigns":false,"_monsterinsights_skip_tracking":false,"_monsterinsights_sitenote_active":false,"_monsterinsights_sitenote_note":"","_monsterinsights_sitenote_category":0,"footnotes":""},"categories":[3],"tags":[],"class_list":["post-22013","post","type-post","status-publish","format-standard","has-post-thumbnail","hentry","category-nacionales"],"aioseo_notices":[],"_links":{"self":[{"href":"https:\/\/elcronistadigital.com\/index.php?rest_route=\/wp\/v2\/posts\/22013","targetHints":{"allow":["GET"]}}],"collection":[{"href":"https:\/\/elcronistadigital.com\/index.php?rest_route=\/wp\/v2\/posts"}],"about":[{"href":"https:\/\/elcronistadigital.com\/index.php?rest_route=\/wp\/v2\/types\/post"}],"author":[{"embeddable":true,"href":"https:\/\/elcronistadigital.com\/index.php?rest_route=\/wp\/v2\/users\/1"}],"replies":[{"embeddable":true,"href":"https:\/\/elcronistadigital.com\/index.php?rest_route=%2Fwp%2Fv2%2Fcomments&post=22013"}],"version-history":[{"count":3,"href":"https:\/\/elcronistadigital.com\/index.php?rest_route=\/wp\/v2\/posts\/22013\/revisions"}],"predecessor-version":[{"id":22017,"href":"https:\/\/elcronistadigital.com\/index.php?rest_route=\/wp\/v2\/posts\/22013\/revisions\/22017"}],"wp:featuredmedia":[{"embeddable":true,"href":"https:\/\/elcronistadigital.com\/index.php?rest_route=\/wp\/v2\/media\/22014"}],"wp:attachment":[{"href":"https:\/\/elcronistadigital.com\/index.php?rest_route=%2Fwp%2Fv2%2Fmedia&parent=22013"}],"wp:term":[{"taxonomy":"category","embeddable":true,"href":"https:\/\/elcronistadigital.com\/index.php?rest_route=%2Fwp%2Fv2%2Fcategories&post=22013"},{"taxonomy":"post_tag","embeddable":true,"href":"https:\/\/elcronistadigital.com\/index.php?rest_route=%2Fwp%2Fv2%2Ftags&post=22013"}],"curies":[{"name":"wp","href":"https:\/\/api.w.org\/{rel}","templated":true}]}}