{"id":22037,"date":"2013-08-20T09:40:08","date_gmt":"2013-08-20T15:40:08","guid":{"rendered":"http:\/\/elcronistadigital.com\/?p=22037"},"modified":"2013-08-20T10:04:26","modified_gmt":"2013-08-20T16:04:26","slug":"radio-caracol-analiza-medios-nicaraguenses","status":"publish","type":"post","link":"https:\/\/elcronistadigital.com\/?p=22037","title":{"rendered":"Radio Caracol \u201canaliza\u201d medios nicarag\u00fcenses"},"content":{"rendered":"<div id=\"attachment_22038\" style=\"width: 310px\" class=\"wp-caption alignleft\"><a href=\"https:\/\/elcronistadigital.com\/?attachment_id=22038\" rel=\"attachment wp-att-22038\"><img loading=\"lazy\" decoding=\"async\" aria-describedby=\"caption-attachment-22038\" class=\"size-medium wp-image-22038\" title=\"rosario murillo\" src=\"https:\/\/elcronistadigital.com\/wp-content\/uploads\/2013\/08\/rosario-murillo-300x216.jpg\" alt=\"\" width=\"300\" height=\"216\" srcset=\"https:\/\/elcronistadigital.com\/wp-content\/uploads\/2013\/08\/rosario-murillo-300x216.jpg 300w, https:\/\/elcronistadigital.com\/wp-content\/uploads\/2013\/08\/rosario-murillo-342x246.jpg 342w, https:\/\/elcronistadigital.com\/wp-content\/uploads\/2013\/08\/rosario-murillo-90x65.jpg 90w, https:\/\/elcronistadigital.com\/wp-content\/uploads\/2013\/08\/rosario-murillo.jpg 500w\" sizes=\"auto, (max-width: 300px) 100vw, 300px\" \/><\/a><p id=\"caption-attachment-22038\" class=\"wp-caption-text\">Rosario Murillo ha llamado la atenci\u00f3n de medios colombianos.<\/p><\/div>\n<p>* Resalta que primera dama Rosario Murillo habla todos los d\u00edas de seguir cambiando al pa\u00eds y que la \u00fanica voz cr\u00edtica es un peri\u00f3dico en manos de la familia Chamorro<\/p>\n<p>La voz de Rosario Murillo, la primera dama de Nicaragua, suena por horas en la televisi\u00f3n oficial. Habla en directo en cada fiesta patria o aniversario. O sea a diario. Es lo que se\u00f1ala Caracol Radio, de Colombia.<\/p>\n<p>Hace menos de 24 horas, antes de que lo hiciera su esposo el presidente Daniel Ortega, habl\u00f3 de lucha, de seguir cambiando a esta Nicaragua \u201ccristiana, socialista y solidaria\u201d, como aparece escrito en m\u00faltiples vallas y pasacalles ubicados en las rotondas de Managua.<\/p>\n<p>El 19 y la Voz del Sandinismo son los medios de comunicaci\u00f3n oficiales. \u00abLos funcionarios p\u00fablicos solo hablan por esos portales que se ven exclusivamente por internet y de los que los medios independientes retoman las declaraciones del gobierno, pues no tienen acceso a nadie\u00bb, explica el escritor y ex vicepresidente sandinista, Sergio Ram\u00edrez.<\/p>\n<p>De la radio queda poco, las emisoras La Corporaci\u00f3n, La Ya y la Universidad. La tv est\u00e1 controlada, con pocas excepciones como el programa que hacen algunos periodistas como Carlos Fernando Chamorro o m\u00e1s cercanos al pensamiento sandinista como Adolfo Pastr\u00e1n.<\/p>\n<p>La \u00fanica voz cr\u00edtica, dice Ram\u00edrez, la tiene el peri\u00f3dico La Prensa, a\u00fan bajo el control de la familia Chamorro.<\/p>\n","protected":false},"excerpt":{"rendered":"<p>* Resalta que primera dama Rosario Murillo habla todos los d\u00edas de seguir cambiando al pa\u00eds y que la \u00fanica voz cr\u00edtica es un peri\u00f3dico en manos de la familia Chamorro La voz de Rosario Murillo, la primera dama de Nicaragua, suena por horas en la televisi\u00f3n oficial. Habla en directo en cada fiesta patria [&hellip;]<\/p>\n","protected":false},"author":1,"featured_media":22038,"comment_status":"open","ping_status":"open","sticky":false,"template":"","format":"standard","meta":{"om_disable_all_campaigns":false,"_monsterinsights_skip_tracking":false,"_monsterinsights_sitenote_active":false,"_monsterinsights_sitenote_note":"","_monsterinsights_sitenote_category":0,"footnotes":""},"categories":[15],"tags":[],"class_list":["post-22037","post","type-post","status-publish","format-standard","has-post-thumbnail","hentry","category-politca"],"aioseo_notices":[],"_links":{"self":[{"href":"https:\/\/elcronistadigital.com\/index.php?rest_route=\/wp\/v2\/posts\/22037","targetHints":{"allow":["GET"]}}],"collection":[{"href":"https:\/\/elcronistadigital.com\/index.php?rest_route=\/wp\/v2\/posts"}],"about":[{"href":"https:\/\/elcronistadigital.com\/index.php?rest_route=\/wp\/v2\/types\/post"}],"author":[{"embeddable":true,"href":"https:\/\/elcronistadigital.com\/index.php?rest_route=\/wp\/v2\/users\/1"}],"replies":[{"embeddable":true,"href":"https:\/\/elcronistadigital.com\/index.php?rest_route=%2Fwp%2Fv2%2Fcomments&post=22037"}],"version-history":[{"count":5,"href":"https:\/\/elcronistadigital.com\/index.php?rest_route=\/wp\/v2\/posts\/22037\/revisions"}],"predecessor-version":[{"id":22041,"href":"https:\/\/elcronistadigital.com\/index.php?rest_route=\/wp\/v2\/posts\/22037\/revisions\/22041"}],"wp:featuredmedia":[{"embeddable":true,"href":"https:\/\/elcronistadigital.com\/index.php?rest_route=\/wp\/v2\/media\/22038"}],"wp:attachment":[{"href":"https:\/\/elcronistadigital.com\/index.php?rest_route=%2Fwp%2Fv2%2Fmedia&parent=22037"}],"wp:term":[{"taxonomy":"category","embeddable":true,"href":"https:\/\/elcronistadigital.com\/index.php?rest_route=%2Fwp%2Fv2%2Fcategories&post=22037"},{"taxonomy":"post_tag","embeddable":true,"href":"https:\/\/elcronistadigital.com\/index.php?rest_route=%2Fwp%2Fv2%2Ftags&post=22037"}],"curies":[{"name":"wp","href":"https:\/\/api.w.org\/{rel}","templated":true}]}}