{"id":22044,"date":"2013-08-20T10:20:22","date_gmt":"2013-08-20T16:20:22","guid":{"rendered":"http:\/\/elcronistadigital.com\/?p=22044"},"modified":"2013-08-20T10:20:25","modified_gmt":"2013-08-20T16:20:25","slug":"nicaragua-podria-patrullar-sus-costas-con-buques-rusos","status":"publish","type":"post","link":"https:\/\/elcronistadigital.com\/?p=22044","title":{"rendered":"Nicaragua podr\u00eda patrullar sus costas con buques rusos"},"content":{"rendered":"<div id=\"attachment_22045\" style=\"width: 310px\" class=\"wp-caption alignleft\"><a href=\"https:\/\/elcronistadigital.com\/?attachment_id=22045\" rel=\"attachment wp-att-22045\"><img loading=\"lazy\" decoding=\"async\" aria-describedby=\"caption-attachment-22045\" class=\"size-medium wp-image-22045\" title=\"Patrullera Mirage\" src=\"https:\/\/elcronistadigital.com\/wp-content\/uploads\/2013\/08\/Patrullera-Mirage-300x130.jpg\" alt=\"\" width=\"300\" height=\"130\" srcset=\"https:\/\/elcronistadigital.com\/wp-content\/uploads\/2013\/08\/Patrullera-Mirage-300x130.jpg 300w, https:\/\/elcronistadigital.com\/wp-content\/uploads\/2013\/08\/Patrullera-Mirage.jpg 341w\" sizes=\"auto, (max-width: 300px) 100vw, 300px\" \/><\/a><p id=\"caption-attachment-22045\" class=\"wp-caption-text\">La &quot;Mirage&quot; rusa que quiere Nicaragua es de alta velocidad y est\u00e1 dise\u00f1ada para la protecci\u00f3n de aguas territoriales y de la zona econ\u00f3mica exclusiva.<\/p><\/div>\n<p>Sergio G. Caplan<br \/>\nRusia Hoy<\/p>\n<p>El presidente Daniel Ortega pretende modernizar su Fuerza Naval para resguardar el territorio mar\u00edtimo otorgado por la Corte Internacional de Justicia (CIJ), comprando nuevos buques patrulleros a Rusia.<\/p>\n<p>Las Fuerzas Armadas nicarag\u00fcenses han tomado la decisi\u00f3n de adquirir nuevas patrulleras para incrementar su presencia en el mar Caribe, y han visitado astilleros rusos para concretar su compra. En este contexto, adem\u00e1s, dos buques de guerra rusos visitaron el puerto nicarag\u00fcense de Corinto, en la costa del Pac\u00edfico. Uno de ellos fue el crucero misilero \u201cMosc\u00fa\u201d, buque insignia de la Flota del mar Negro, que se encuentra en una expedici\u00f3n de tres meses en el Atl\u00e1ntico y el Caribe.<\/p>\n<p>El Jefe del Ej\u00e9rcito nicarag\u00fcense, Gral. Julio C\u00e9sar Avil\u00e9s, explic\u00f3 que estos buques \u00abvienen en el marco de las relaciones de amistad y cooperaci\u00f3n existentes entre la Armada de las Fuerzas Armadas de la Federaci\u00f3n de Rusia y del Ej\u00e9rcito de Nicaragua\u00bb, aprovechando el acto de conmemoraci\u00f3n del 33 aniversario de la Fuerza Naval nicarag\u00fcense.<\/p>\n<p>Las relaciones entre Rusia y Nicaragua se han visto fortalecidas luego de la vuelta al poder de Ortega en el a\u00f1o 2007, con quien ya se hab\u00edan sabido entender durante el primer r\u00e9gimen sandinista (1979-1990), cuando sus Fuerzas Armadas recibieron armamentos sovi\u00e9tico, convirti\u00e9ndose en un eslab\u00f3n clave de la influencia sovi\u00e9tica en la regi\u00f3n.<\/p>\n<p>En la actualidad, la Fuerza Naval de Nicaragua tiene en el Caribe tres barcos guardacostas, lanchas r\u00e1pidas y algunas naves de rescate, pero hace 13 a\u00f1os que el pa\u00eds no adquiere nuevos medios mar\u00edtimos. El jefe del Ej\u00e9rcito de Nicaragua sostuvo que la compra de patrulleras rusas tiene por objetivo la actualizaci\u00f3n de medios para aumentar la capacidad de \u00absostenernos m\u00e1s tiempo en esos mares\u00bb, garantizando la seguridad de los buques pesqueros que operan en la zona.<\/p>\n<p>Sin embargo, sus vecinos Costa Rica y Colombia no creen que la seguridad pesquera sea la verdadera justificaci\u00f3n de la compra. A Costa Rica le preocupa esta decisi\u00f3n, ya que sostiene que se estar\u00eda quebrando el balance de poder militar en la regi\u00f3n centroamericana.<\/p>\n<p>Sergio Ugalde, asesor de la Canciller\u00eda costarricense, aleg\u00f3 que Nicaragua no necesita de esa clase de buques para patrullar su mar. Por su parte, el ministro de Defensa de Colombia, Juan Carlos Pinz\u00f3n, advirti\u00f3 a Nicaragua sobre las consecuencias de una eventual maniobra nicarag\u00fcense: \u00abHay pa\u00edses en el continente que adquieren todo tipo de equipos, ofensivos, etc\u00e9tera, y Colombia nunca termina interviniendo en esas decisiones; respetamos la soberan\u00eda de los dem\u00e1s pa\u00edses, pero que quede claro: que a nadie se le ocurra meterse en el territorio colombiano\u00bb sostuvo el Ministro.<\/p>\n<p>Estas sospechas se deben a la tensi\u00f3n que todav\u00eda existe entre Colombia y Nicaragua por un litigio mar\u00edtimo alrededor de los cayos del archipi\u00e9lago de San Andr\u00e9s, a pesar del fallo de la CIJ de La Haya del 19 de noviembre de 2012. Ese fallo hab\u00eda reconocido la soberan\u00eda colombiana sobre esos territorios, mientras que le otorg\u00f3 derechos econ\u00f3micos a Nicaragua sobre una zona mar\u00edtima que bordea a algunos de esos islotes, en donde Nicaragua pretende ahora comenzar a patrullar.<\/p>\n<p>El Gobierno nicarag\u00fcense sostiene que la sentencia es \u201cinvariable\u201d por lo cual ha vuelto a ejercer soberan\u00eda en esas \u00e1reas mar\u00edtimas que le fueron \u00abrestituidas\u00bb por la Corte en noviembre del a\u00f1o pasado. Sin embargo, Colombia insistir\u00e1 ante la Corte Internacional de Justicia con la presentaci\u00f3n de un recurso de interpretaci\u00f3n del fallo.<\/p>\n<p>Adem\u00e1s, esta tensi\u00f3n se ver\u00e1 agravada a partir de que el gobierno de Nicaragua solicite ante la Comisi\u00f3n de L\u00edmites de las Naciones Unidas, extender su plataforma continental hasta las 350 millas n\u00e1uticas en la parte sur-occidental del Caribe. Este pedido est\u00e1 contemplado en el art\u00edculo 76 de la Convenci\u00f3n del Derecho del Mar de Naciones Unidas, a partir del cual todos los pa\u00edses que posean una plataforma continental mayor a las 200 millas n\u00e1uticas, autom\u00e1ticamente reconocidas, podr\u00e1n solicitar su extensi\u00f3n hasta un l\u00edmite de no m\u00e1s de 350 millas n\u00e1uticas. Rusia, por ejemplo, fue el primer pa\u00eds en realizar ese pedido ante la Comisi\u00f3n.<\/p>\n<p>El Presidente de Nicaragua, Daniel Ortega, contest\u00f3 las acusaciones mencionadas en el saludo que brind\u00f3 en su visita a los buques rusos anclados en el Puerto de Corinto, destacando que desde el gobierno de su pa\u00eds \u201chacemos gestiones, buscamos recursos, buscamos el apoyo correspondiente, para poder contar con mayores y mejores medios navales. No para hacerle da\u00f1o a pueblo hermano alguno, sino para enfrentar el narcotr\u00e1fico y el crimen organizado, combinando nuestras operaciones como se combinan con la fuerza naval colombiana, con las fuerzas navales que est\u00e1n en la zona del Caribe, y con la fuerza naval norteamericana, y ahora con la fuerza naval de la Federaci\u00f3n Rusa\u201d.<\/p>\n","protected":false},"excerpt":{"rendered":"<p>Sergio G. Caplan Rusia Hoy El presidente Daniel Ortega pretende modernizar su Fuerza Naval para resguardar el territorio mar\u00edtimo otorgado por la Corte Internacional de Justicia (CIJ), comprando nuevos buques patrulleros a Rusia. Las Fuerzas Armadas nicarag\u00fcenses han tomado la decisi\u00f3n de adquirir nuevas patrulleras para incrementar su presencia en el mar Caribe, y han [&hellip;]<\/p>\n","protected":false},"author":1,"featured_media":22045,"comment_status":"open","ping_status":"open","sticky":false,"template":"","format":"standard","meta":{"om_disable_all_campaigns":false,"_monsterinsights_skip_tracking":false,"_monsterinsights_sitenote_active":false,"_monsterinsights_sitenote_note":"","_monsterinsights_sitenote_category":0,"footnotes":""},"categories":[3,13],"tags":[],"class_list":["post-22044","post","type-post","status-publish","format-standard","has-post-thumbnail","hentry","category-nacionales","category-portada"],"aioseo_notices":[],"_links":{"self":[{"href":"https:\/\/elcronistadigital.com\/index.php?rest_route=\/wp\/v2\/posts\/22044","targetHints":{"allow":["GET"]}}],"collection":[{"href":"https:\/\/elcronistadigital.com\/index.php?rest_route=\/wp\/v2\/posts"}],"about":[{"href":"https:\/\/elcronistadigital.com\/index.php?rest_route=\/wp\/v2\/types\/post"}],"author":[{"embeddable":true,"href":"https:\/\/elcronistadigital.com\/index.php?rest_route=\/wp\/v2\/users\/1"}],"replies":[{"embeddable":true,"href":"https:\/\/elcronistadigital.com\/index.php?rest_route=%2Fwp%2Fv2%2Fcomments&post=22044"}],"version-history":[{"count":3,"href":"https:\/\/elcronistadigital.com\/index.php?rest_route=\/wp\/v2\/posts\/22044\/revisions"}],"predecessor-version":[{"id":22048,"href":"https:\/\/elcronistadigital.com\/index.php?rest_route=\/wp\/v2\/posts\/22044\/revisions\/22048"}],"wp:featuredmedia":[{"embeddable":true,"href":"https:\/\/elcronistadigital.com\/index.php?rest_route=\/wp\/v2\/media\/22045"}],"wp:attachment":[{"href":"https:\/\/elcronistadigital.com\/index.php?rest_route=%2Fwp%2Fv2%2Fmedia&parent=22044"}],"wp:term":[{"taxonomy":"category","embeddable":true,"href":"https:\/\/elcronistadigital.com\/index.php?rest_route=%2Fwp%2Fv2%2Fcategories&post=22044"},{"taxonomy":"post_tag","embeddable":true,"href":"https:\/\/elcronistadigital.com\/index.php?rest_route=%2Fwp%2Fv2%2Ftags&post=22044"}],"curies":[{"name":"wp","href":"https:\/\/api.w.org\/{rel}","templated":true}]}}