{"id":22049,"date":"2013-08-20T13:52:56","date_gmt":"2013-08-20T19:52:56","guid":{"rendered":"http:\/\/elcronistadigital.com\/?p=22049"},"modified":"2013-08-20T13:52:57","modified_gmt":"2013-08-20T19:52:57","slug":"proyectos-apoyados-por-usaid-en-feria-de-salud-comunitaria","status":"publish","type":"post","link":"https:\/\/elcronistadigital.com\/?p=22049","title":{"rendered":"Proyectos apoyados por USAID en feria de salud comunitaria"},"content":{"rendered":"<p><a href=\"https:\/\/elcronistadigital.com\/?attachment_id=22050\" rel=\"attachment wp-att-22050\"><img loading=\"lazy\" decoding=\"async\" class=\"alignleft size-medium wp-image-22050\" title=\"USA fotoferiacom8\" src=\"https:\/\/elcronistadigital.com\/wp-content\/uploads\/2013\/08\/USA-fotoferiacom8-300x200.jpg\" alt=\"\" width=\"300\" height=\"200\" srcset=\"https:\/\/elcronistadigital.com\/wp-content\/uploads\/2013\/08\/USA-fotoferiacom8-300x200.jpg 300w, https:\/\/elcronistadigital.com\/wp-content\/uploads\/2013\/08\/USA-fotoferiacom8-342x228.jpg 342w, https:\/\/elcronistadigital.com\/wp-content\/uploads\/2013\/08\/USA-fotoferiacom8.jpg 448w\" sizes=\"auto, (max-width: 300px) 100vw, 300px\" \/><\/a>La Agencia de los Estados Unidos para el Desarrollo Internacional (Usaid) inicia este martes 20 de agosto las actividades de graduaci\u00f3n de la cooperaci\u00f3n en salud en Nicaragua y la celebraci\u00f3n del d\u00e9cimo aniversario de cooperaci\u00f3n de Pepfar, con una feria de salud comunitaria en la que participan representantes de proyectos de salud materna e infantil, planificaci\u00f3n familiar y prevenci\u00f3n del VIH.<\/p>\n<p>La feria de salud comunitaria, organizada en el parqueo Noroeste del Mercado Roberto Huembes, es la primera actividad de la jornada de graduaci\u00f3n de la cooperaci\u00f3n en salud que incluye eventos en Managua, Bluefields y Bilwi. Con esta jornada se celebran los logros de los proyectos de salud de Usaid y con los cuales se ha contribuido a mejorar la salud materna e infantil, la planificaci\u00f3n familiar y la prevenci\u00f3n del VIH en el pa\u00eds.<\/p>\n<p>\u201cEntre los principales logros de la cooperaci\u00f3n de Usaid en Nicaragua tenemos el de planificaci\u00f3n familiar. Usaid fue uno de los primeros donantes en este tema en Nicaragua e invirti\u00f3 m\u00e1s de US$ 50 millones de d\u00f3lares en esta \u00e1rea. Podemos concluir que despu\u00e9s de 44 a\u00f1os de cooperaci\u00f3n en el campo de la planificaci\u00f3n familiar, Usaid ha contribuido a reducir la tasa de fertilidad de m\u00e1s de siete hijos por mujer en los a\u00f1os 70 a 2.7 hijos en 2007\u201d, expres\u00f3 Arthur W. Brown, Director de la Misi\u00f3n de Usaid en Nicaragua.<\/p>\n<p>Tambi\u00e9n se presentan avances en salud materna e infantil y en prevenci\u00f3n de VIH, los cuales se reflejan en la mejora de los indicadores de salud de los \u00faltimos a\u00f1os. Todo esto es producto de un trabajo conjunto con elGobierno de Nicaragua \u2212a trav\u00e9s del Ministerio de Salud\u2212el sector privado, las organizaciones internacionales y no gubernamentales.<\/p>\n<p>La feria de salud comunitaria se organiz\u00f3 para compartir todos estos logros y para promover mensajes e informaci\u00f3n sobre salud materna e infantil, planificaci\u00f3n familiar, VIH e infecciones de transmisi\u00f3n sexual. Durante la feria, estudiantes y profesores de las escuelas cercanas al mercado tuvieron la oportunidad de obtener pruebas r\u00e1pidas de VIH con consejer\u00eda, servicios de consejer\u00eda nutricional y medici\u00f3n de \u00edndice de masa corporal, degustaci\u00f3n de alimentos nutritivos, adem\u00e1s de disfrutar de actividades educativas y de ludo pedagog\u00eda.<\/p>\n<p>La feria cont\u00f3 con el apoyo de la Corporaci\u00f3n Municipal del Mercados de Managua (Commema) y con la participaci\u00f3n de los proyectos Deliver, HCI, PrevenSida, Pasmo, Pasca, Alianza2, FamiSalud, Adeca, OVI, Redtrans, organizaciones miembros de NicaSalud, grupos art\u00edsticos comunitarios y artistas nacionales.<\/p>\n<p>10 a\u00f1os de Pepfar<\/p>\n<p>La feria de salud comunitaria tambi\u00e9n se enmarca en la celebraci\u00f3n del d\u00e9cimo aniversario del Plan de Emergencia para el Alivio del Sida (Pepfar, por siglas en ingl\u00e9s). El Pepfar surge como una iniciativa del Presidente de los Estados Unidos para ayudar a salvar la vida de las personas que sufren de VIH y Sida alrededor del mundo. Este compromiso hist\u00f3rico es el m\u00e1s grande que cualquier naci\u00f3n haya realizado, hasta ahora, para luchar contra una sola enfermedad.<\/p>\n<p>En Nicaragua, el apoyo de Pepfar se realiza a trav\u00e9s del Marco de Implementaci\u00f3n Regional para Centroam\u00e9rica en el cual participan Usaid, CDC, Departamento de Defensa y Cuerpo de Paz. Actualmente, Usaid provee su asistencia a trav\u00e9s de los proyectos Preven Sida, HCI\/Assist, Deliver, Pasmo, Pasca y Alianzas 2.<\/p>\n","protected":false},"excerpt":{"rendered":"<p>La Agencia de los Estados Unidos para el Desarrollo Internacional (Usaid) inicia este martes 20 de agosto las actividades de graduaci\u00f3n de la cooperaci\u00f3n en salud en Nicaragua y la celebraci\u00f3n del d\u00e9cimo aniversario de cooperaci\u00f3n de Pepfar, con una feria de salud comunitaria en la que participan representantes de proyectos de salud materna e [&hellip;]<\/p>\n","protected":false},"author":1,"featured_media":22050,"comment_status":"open","ping_status":"open","sticky":false,"template":"","format":"standard","meta":{"om_disable_all_campaigns":false,"_monsterinsights_skip_tracking":false,"_monsterinsights_sitenote_active":false,"_monsterinsights_sitenote_note":"","_monsterinsights_sitenote_category":0,"footnotes":""},"categories":[3,7],"tags":[],"class_list":["post-22049","post","type-post","status-publish","format-standard","has-post-thumbnail","hentry","category-nacionales","category-salud-y-belleza"],"aioseo_notices":[],"_links":{"self":[{"href":"https:\/\/elcronistadigital.com\/index.php?rest_route=\/wp\/v2\/posts\/22049","targetHints":{"allow":["GET"]}}],"collection":[{"href":"https:\/\/elcronistadigital.com\/index.php?rest_route=\/wp\/v2\/posts"}],"about":[{"href":"https:\/\/elcronistadigital.com\/index.php?rest_route=\/wp\/v2\/types\/post"}],"author":[{"embeddable":true,"href":"https:\/\/elcronistadigital.com\/index.php?rest_route=\/wp\/v2\/users\/1"}],"replies":[{"embeddable":true,"href":"https:\/\/elcronistadigital.com\/index.php?rest_route=%2Fwp%2Fv2%2Fcomments&post=22049"}],"version-history":[{"count":3,"href":"https:\/\/elcronistadigital.com\/index.php?rest_route=\/wp\/v2\/posts\/22049\/revisions"}],"predecessor-version":[{"id":22053,"href":"https:\/\/elcronistadigital.com\/index.php?rest_route=\/wp\/v2\/posts\/22049\/revisions\/22053"}],"wp:featuredmedia":[{"embeddable":true,"href":"https:\/\/elcronistadigital.com\/index.php?rest_route=\/wp\/v2\/media\/22050"}],"wp:attachment":[{"href":"https:\/\/elcronistadigital.com\/index.php?rest_route=%2Fwp%2Fv2%2Fmedia&parent=22049"}],"wp:term":[{"taxonomy":"category","embeddable":true,"href":"https:\/\/elcronistadigital.com\/index.php?rest_route=%2Fwp%2Fv2%2Fcategories&post=22049"},{"taxonomy":"post_tag","embeddable":true,"href":"https:\/\/elcronistadigital.com\/index.php?rest_route=%2Fwp%2Fv2%2Ftags&post=22049"}],"curies":[{"name":"wp","href":"https:\/\/api.w.org\/{rel}","templated":true}]}}