{"id":22058,"date":"2013-08-21T06:18:40","date_gmt":"2013-08-21T12:18:40","guid":{"rendered":"http:\/\/elcronistadigital.com\/?p=22058"},"modified":"2013-08-21T06:18:40","modified_gmt":"2013-08-21T12:18:40","slug":"lanzan-a-ometepe-como-destino-de-primer-nivel","status":"publish","type":"post","link":"https:\/\/elcronistadigital.com\/?p=22058","title":{"rendered":"Lanzan a Ometepe como \u201cdestino de primer nivel\u201d"},"content":{"rendered":"<p><a href=\"https:\/\/elcronistadigital.com\/?attachment_id=22059\" rel=\"attachment wp-att-22059\"><img loading=\"lazy\" decoding=\"async\" class=\"alignleft size-medium wp-image-22059\" title=\"Ometepe\" src=\"https:\/\/elcronistadigital.com\/wp-content\/uploads\/2013\/08\/Ometepe-300x250.jpg\" alt=\"\" width=\"300\" height=\"250\" srcset=\"https:\/\/elcronistadigital.com\/wp-content\/uploads\/2013\/08\/Ometepe-300x250.jpg 300w, https:\/\/elcronistadigital.com\/wp-content\/uploads\/2013\/08\/Ometepe-342x285.jpg 342w, https:\/\/elcronistadigital.com\/wp-content\/uploads\/2013\/08\/Ometepe.jpg 525w\" sizes=\"auto, (max-width: 300px) 100vw, 300px\" \/><\/a>* \u00danica isla en el mundo con dos volcanes en medio de un lago de agua dulce y adem\u00e1s es Reserva de la Biosfera de la Unesco<\/p>\n<p>Nicaragua promueve a la Isla de Ometepe, \u00fanica en el mundo con dos volcanes en medio de un lago de agua dulce y Reserva de la Biosfera de la Unesco, como un destino tur\u00edstico internacional \u00abde primer nivel\u00bb, informaron este lunes las autoridades.<\/p>\n<p>La presidenta ejecutiva del Instituto Nicarag\u00fcense de Turismo (Intur), Mayra Salinas, declar\u00f3 en rueda de prensa que Ometepe es una \u00abmaravilla natural, de exuberante belleza, rica en historia y de gente amable\u00bb, compuesta por dos \u00abimponentes\u00bb volcanes, el Concepci\u00f3n y el Maderas.<\/p>\n<p>Explic\u00f3 que Nicaragua celebrar\u00e1 con una feria tur\u00edstica el tercer aniversario de la elecci\u00f3n de la Isla de Ometepe como Reserva de la Biosfera por el Comit\u00e9 Internacional del programa Hombre y Biosfera (MAB) de la Unesco, la cual esperan institucionalizar y posicionar como un destino tur\u00edstico \u00abde primer nivel\u00bb.<\/p>\n<p>Expo Ometepe 2013<\/p>\n<p>La feria tur\u00edstica denominada \u00abExpo Ometepe 2013\u00bb se realizar\u00e1 el 24 y 25 de agosto pr\u00f3ximo en el municipio de Moyogalpa, que junto al de Altagracia conforman la Isla de Ometepe, situada en el Gran Lago Cocibolca, precis\u00f3.<\/p>\n<p>Durante la feria de dos d\u00edas los visitantes podr\u00e1n visitar las reservas naturales, arqueolog\u00eda ancestral, artesan\u00edas, gastronom\u00eda, disfrutar de un carnaval de comparsas, conciertos, torneos de kayaks, hoteles y sus restaurantes, indic\u00f3.<\/p>\n<p>\u00abLos invito a todos a visitar nuestra Isla, que es un oasis de paz, tranquilidad y un lugar con mucha seguridad, donde todo turista que llegue est\u00e1 cuidado y protegido\u00bb, expres\u00f3, por su lado, la alcaldesa de Moyogalpa, Mar\u00eda Estela Centeno.<\/p>\n<p>Orgullo nacional<\/p>\n<p>En tanto, el alcalde del municipio de Altagracia, Orlando Meza, apunt\u00f3 que ese evento es una manera de \u00abratificar nuestro compromiso con la madre tierra, porque consideramos que (la Isla de Ometepe) es un punto de referencia, un patrimonio y un orgullo nacional\u00bb.<\/p>\n<p>La Organizaci\u00f3n de las Naciones Unidas para la Educaci\u00f3n, la Ciencia y la Cultura (Unesco), por decisi\u00f3n del MAB, acord\u00f3 el 2 de junio de 2010 que la Isla de Ometepe, el mayor dep\u00f3sito de agua dulce de Nicaragua, formara parte integrante de la Red Mundial de Reservas de la Biosfera.<\/p>\n","protected":false},"excerpt":{"rendered":"<p>* \u00danica isla en el mundo con dos volcanes en medio de un lago de agua dulce y adem\u00e1s es Reserva de la Biosfera de la Unesco Nicaragua promueve a la Isla de Ometepe, \u00fanica en el mundo con dos volcanes en medio de un lago de agua dulce y Reserva de la Biosfera de [&hellip;]<\/p>\n","protected":false},"author":1,"featured_media":22059,"comment_status":"open","ping_status":"open","sticky":false,"template":"","format":"standard","meta":{"om_disable_all_campaigns":false,"_monsterinsights_skip_tracking":false,"_monsterinsights_sitenote_active":false,"_monsterinsights_sitenote_note":"","_monsterinsights_sitenote_category":0,"footnotes":""},"categories":[3],"tags":[],"class_list":["post-22058","post","type-post","status-publish","format-standard","has-post-thumbnail","hentry","category-nacionales"],"aioseo_notices":[],"_links":{"self":[{"href":"https:\/\/elcronistadigital.com\/index.php?rest_route=\/wp\/v2\/posts\/22058","targetHints":{"allow":["GET"]}}],"collection":[{"href":"https:\/\/elcronistadigital.com\/index.php?rest_route=\/wp\/v2\/posts"}],"about":[{"href":"https:\/\/elcronistadigital.com\/index.php?rest_route=\/wp\/v2\/types\/post"}],"author":[{"embeddable":true,"href":"https:\/\/elcronistadigital.com\/index.php?rest_route=\/wp\/v2\/users\/1"}],"replies":[{"embeddable":true,"href":"https:\/\/elcronistadigital.com\/index.php?rest_route=%2Fwp%2Fv2%2Fcomments&post=22058"}],"version-history":[{"count":3,"href":"https:\/\/elcronistadigital.com\/index.php?rest_route=\/wp\/v2\/posts\/22058\/revisions"}],"predecessor-version":[{"id":22062,"href":"https:\/\/elcronistadigital.com\/index.php?rest_route=\/wp\/v2\/posts\/22058\/revisions\/22062"}],"wp:featuredmedia":[{"embeddable":true,"href":"https:\/\/elcronistadigital.com\/index.php?rest_route=\/wp\/v2\/media\/22059"}],"wp:attachment":[{"href":"https:\/\/elcronistadigital.com\/index.php?rest_route=%2Fwp%2Fv2%2Fmedia&parent=22058"}],"wp:term":[{"taxonomy":"category","embeddable":true,"href":"https:\/\/elcronistadigital.com\/index.php?rest_route=%2Fwp%2Fv2%2Fcategories&post=22058"},{"taxonomy":"post_tag","embeddable":true,"href":"https:\/\/elcronistadigital.com\/index.php?rest_route=%2Fwp%2Fv2%2Ftags&post=22058"}],"curies":[{"name":"wp","href":"https:\/\/api.w.org\/{rel}","templated":true}]}}