{"id":22063,"date":"2013-08-21T07:40:28","date_gmt":"2013-08-21T13:40:28","guid":{"rendered":"http:\/\/elcronistadigital.com\/?p=22063"},"modified":"2013-08-21T07:40:28","modified_gmt":"2013-08-21T13:40:28","slug":"seis-periodistas-sancionados-en-la-prensa-por-queja-de-eduardo-montealegre","status":"publish","type":"post","link":"https:\/\/elcronistadigital.com\/?p=22063","title":{"rendered":"Seis periodistas sancionados en La Prensa por queja de Eduardo Montealegre"},"content":{"rendered":"<div id=\"attachment_22064\" style=\"width: 260px\" class=\"wp-caption alignleft\"><a href=\"https:\/\/elcronistadigital.com\/?attachment_id=22064\" rel=\"attachment wp-att-22064\"><img loading=\"lazy\" decoding=\"async\" aria-describedby=\"caption-attachment-22064\" class=\"size-full wp-image-22064\" title=\"Eduardo Monte\" src=\"https:\/\/elcronistadigital.com\/wp-content\/uploads\/2013\/08\/Eduardo-Monte.jpg\" alt=\"\" width=\"250\" height=\"186\" srcset=\"https:\/\/elcronistadigital.com\/wp-content\/uploads\/2013\/08\/Eduardo-Monte.jpg 250w, https:\/\/elcronistadigital.com\/wp-content\/uploads\/2013\/08\/Eduardo-Monte-60x45.jpg 60w, https:\/\/elcronistadigital.com\/wp-content\/uploads\/2013\/08\/Eduardo-Monte-150x113.jpg 150w\" sizes=\"auto, (max-width: 250px) 100vw, 250px\" \/><\/a><p id=\"caption-attachment-22064\" class=\"wp-caption-text\">Una llamada a La Prensa de Eduardo Montealegre, provoc\u00f3 la sanci\u00f3n de seis periodistas que investigaban a su hermano.<\/p><\/div>\n<p>* Equipo investigativo comprob\u00f3 que existe orden de captura contra Roberto Benda\u00f1a y \u00c1lvaro Montealegre Rivas, pero este \u00faltimo utiliz\u00f3 las influencias de su hermano mayor<\/p>\n<p>Seis periodistas del diario La Prensa fueron sancionados por investigar una informaci\u00f3n que publicamos relacionada con una orden de captura en contra de Roberto Benda\u00f1a y \u00c1lvaro Montealegre Rivas, a quienes la Compa\u00f1\u00eda de Santa Teresita de Jes\u00fas, acusa como estafadores.<\/p>\n<p>Entre los sancionados se encuentran la editora de d\u00eda Nohelia Gonz\u00e1lez; el editor de fin de semana, Eduardo Cruz y los periodistas Emiliano Chamorro, Elizabeth Romero y Martha V\u00e1squez, entre otros.<\/p>\n<p>Seg\u00fan nos informaron, el competente equipo logr\u00f3 redondear una informaci\u00f3n completa sobre el caso, logrando averiguar incluso sobre los intentos de evasi\u00f3n de uno de los involucrados, que trat\u00f3 de salir del pa\u00eds al conocer de la orden de captura, lo que no impidi\u00f3 que fueran enviados varios d\u00edas a su casa sin goce de salario.<\/p>\n<p>\u201cLograron confirmar en los juzgados que la orden de captura estaba lista, pidieron informaci\u00f3n a la Polic\u00eda sobre el caso y llamaron a los acusados. Benda\u00f1a se defendi\u00f3, pero Montealegre Rivas cortaba las llamadas telef\u00f3nicas y al final Eduardo Montealegre Rivas, hermano mayor de \u00c1lvaro, puso fin al esfuerzo llamando a Hugo Holmann, gerente general de La Prensa.<\/p>\n<p>Seg\u00fan fuentes de La Prensa, el dirigente pol\u00edtico Eduardo Montealegre Rivas le dijo a Holmann que estaban calumniando a su hermano \u00c1lvaro y la respuesta del gerente general del \u201cDiario de los Nicarag\u00fcenses\u201d fue ordenar la sanci\u00f3n de los involucrados en la investigaci\u00f3n.<\/p>\n<p>\u201cExiste enorme malestar en la Redacci\u00f3n de La Prensa por lo ocurrido, los periodistas se preguntan si la presunta preocupaci\u00f3n por la libertad de informaci\u00f3n es de las puertas del rotativo para afuera; mejor ser\u00eda si les pusieran una lista de las personas que son intocables e incriticables\u201d, se\u00f1al\u00f3 el informante.<\/p>\n<p>Lo que m\u00e1s molesta a los colegas del rotativo de la carretera norte, es que ellos dieron la oportunidad de defenderse a \u00c1lvaro Montealegre Rivas, pero \u00e9ste prefiri\u00f3 esconderse tras los pantalones y las influencias de su hermano mayor.<\/p>\n<p>Por el contrario, el otro acusado, Roberto Benda\u00f1a, ha abundado en detalles sobre su presunta inocencia y ha dicho que no tiene nada que ver con los negocios de su cu\u00f1ado \u00c1lvaro y sus socios, aparte del Caf\u00e9 Don Paco.<\/p>\n<p>En tanto, el periodista Melvin Areas public\u00f3 en Trinchera de la Noticia la versi\u00f3n del Jefe de Redacci\u00f3n de La Prensa, Eduardo Enr\u00edquez, quien confirma la sanci\u00f3n, pero niega que haya sido influida por Eduardo Montealegre Rivas.<\/p>\n<p>Enr\u00edquez se molest\u00f3 con Melvin indic\u00e1ndole que la sanci\u00f3n no era noticia por tratarse de un hecho ocurrido a lo interno de una empresa privada.<\/p>\n<p>\u201c(La sanci\u00f3n) es una decisi\u00f3n interna, me sorprende que llamen la atenci\u00f3n las decisiones internas de una empresa, de algo que no trasciende m\u00e1s all\u00e1 de la empresa, obedece a que la informaci\u00f3n no cumple con los requisitos de calidad y profesionalismo que exige La Prensa\u201d, explic\u00f3 Enr\u00edquez.<\/p>\n<p>Dijo que al leer la nota informativa se dieron cuenta que \u201cle hacen falta muchas cosas\u201d.<\/p>\n<p>\u201cS\u00ed vos lees la nota, te das cuenta que no cumple con los requisitos\u201d de objetividad y veracidad, indic\u00f3.<\/p>\n<p>\u201cNo se habla de ninguna confirmaci\u00f3n, es una nota vaga y mal escrita que no obedece ni representa la calidad que exige La Prensa\u201d, continu\u00f3.<\/p>\n<p>Aunque es algo que no trasciende al p\u00fablico, es com\u00fan que pol\u00edticos y empresarios utilicen su amistad o influencia econ\u00f3mica (anuncios) ante los medios de comunicaci\u00f3n, para censurar o al menos mediatizar la labor period\u00edstica a trav\u00e9s de los due\u00f1os y dem\u00e1s directivos.<\/p>\n","protected":false},"excerpt":{"rendered":"<p>* Equipo investigativo comprob\u00f3 que existe orden de captura contra Roberto Benda\u00f1a y \u00c1lvaro Montealegre Rivas, pero este \u00faltimo utiliz\u00f3 las influencias de su hermano mayor Seis periodistas del diario La Prensa fueron sancionados por investigar una informaci\u00f3n que publicamos relacionada con una orden de captura en contra de Roberto Benda\u00f1a y \u00c1lvaro Montealegre Rivas, [&hellip;]<\/p>\n","protected":false},"author":1,"featured_media":22064,"comment_status":"open","ping_status":"open","sticky":false,"template":"","format":"standard","meta":{"om_disable_all_campaigns":false,"_monsterinsights_skip_tracking":false,"_monsterinsights_sitenote_active":false,"_monsterinsights_sitenote_note":"","_monsterinsights_sitenote_category":0,"footnotes":""},"categories":[3,13],"tags":[],"class_list":["post-22063","post","type-post","status-publish","format-standard","has-post-thumbnail","hentry","category-nacionales","category-portada"],"aioseo_notices":[],"_links":{"self":[{"href":"https:\/\/elcronistadigital.com\/index.php?rest_route=\/wp\/v2\/posts\/22063","targetHints":{"allow":["GET"]}}],"collection":[{"href":"https:\/\/elcronistadigital.com\/index.php?rest_route=\/wp\/v2\/posts"}],"about":[{"href":"https:\/\/elcronistadigital.com\/index.php?rest_route=\/wp\/v2\/types\/post"}],"author":[{"embeddable":true,"href":"https:\/\/elcronistadigital.com\/index.php?rest_route=\/wp\/v2\/users\/1"}],"replies":[{"embeddable":true,"href":"https:\/\/elcronistadigital.com\/index.php?rest_route=%2Fwp%2Fv2%2Fcomments&post=22063"}],"version-history":[{"count":3,"href":"https:\/\/elcronistadigital.com\/index.php?rest_route=\/wp\/v2\/posts\/22063\/revisions"}],"predecessor-version":[{"id":22067,"href":"https:\/\/elcronistadigital.com\/index.php?rest_route=\/wp\/v2\/posts\/22063\/revisions\/22067"}],"wp:featuredmedia":[{"embeddable":true,"href":"https:\/\/elcronistadigital.com\/index.php?rest_route=\/wp\/v2\/media\/22064"}],"wp:attachment":[{"href":"https:\/\/elcronistadigital.com\/index.php?rest_route=%2Fwp%2Fv2%2Fmedia&parent=22063"}],"wp:term":[{"taxonomy":"category","embeddable":true,"href":"https:\/\/elcronistadigital.com\/index.php?rest_route=%2Fwp%2Fv2%2Fcategories&post=22063"},{"taxonomy":"post_tag","embeddable":true,"href":"https:\/\/elcronistadigital.com\/index.php?rest_route=%2Fwp%2Fv2%2Ftags&post=22063"}],"curies":[{"name":"wp","href":"https:\/\/api.w.org\/{rel}","templated":true}]}}