{"id":22084,"date":"2013-08-21T13:08:58","date_gmt":"2013-08-21T19:08:58","guid":{"rendered":"http:\/\/elcronistadigital.com\/?p=22084"},"modified":"2013-08-21T13:09:06","modified_gmt":"2013-08-21T19:09:06","slug":"montealegre-pide-cabeza-de-periodistas","status":"publish","type":"post","link":"https:\/\/elcronistadigital.com\/?p=22084","title":{"rendered":"Montealegre pide cabezas de periodistas"},"content":{"rendered":"<div id=\"attachment_22085\" style=\"width: 310px\" class=\"wp-caption alignleft\"><a href=\"https:\/\/elcronistadigital.com\/?attachment_id=22085\" rel=\"attachment wp-att-22085\"><img loading=\"lazy\" decoding=\"async\" aria-describedby=\"caption-attachment-22085\" class=\"size-medium wp-image-22085\" title=\"Montealegres hermanos\" src=\"https:\/\/elcronistadigital.com\/wp-content\/uploads\/2013\/08\/Montealegres-hermanos-300x139.png\" alt=\"\" width=\"300\" height=\"139\" srcset=\"https:\/\/elcronistadigital.com\/wp-content\/uploads\/2013\/08\/Montealegres-hermanos-300x139.png 300w, https:\/\/elcronistadigital.com\/wp-content\/uploads\/2013\/08\/Montealegres-hermanos-342x158.png 342w, https:\/\/elcronistadigital.com\/wp-content\/uploads\/2013\/08\/Montealegres-hermanos.png 455w\" sizes=\"auto, (max-width: 300px) 100vw, 300px\" \/><\/a><p id=\"caption-attachment-22085\" class=\"wp-caption-text\">Los hermanos \u00c1lvaro y Eduardo Montealegre.<\/p><\/div>\n<p>* Furibundos hermanos millonarios amenazan hablar hasta con la Junta Directiva de La Prensa si es necesario y periodistas a su vez mencionan que se defender\u00e1n en el Cenidh<\/p>\n<p>Eduardo Montealegre y su hermano \u00c1lvaro, este \u00faltimo acusado por estafa a la Compa\u00f1\u00eda de Santa Teresita de Jes\u00fas, no est\u00e1n contentos con la sanci\u00f3n aplicada a seis periodistas de La Prensa, tres de ellos sin goce de salario, y pidieron a la direcci\u00f3n del mencionado rotativo que los despidan para crear un precedente.<\/p>\n<p>Una fuente del diario de la carretera a Masaya indic\u00f3 que la furia de estos dos prominentes miembros del empresariado nicarag\u00fcense es grande y amenazaron con hablar con la Junta Directiva de la \u201cRep\u00fablica de Papel\u201d de ser necesario a fin de que sea cumplido lo que quieren.<\/p>\n<p>Nuestro informante aclar\u00f3 que los tres periodistas cuya cabeza est\u00e1n pidiendo los millonarios hermanos, son Nohelia Gonz\u00e1lez, editora del d\u00eda que autoriz\u00f3 la publicaci\u00f3n de una nota y una posterior investigaci\u00f3n; Eduardo Cruz, quien edit\u00f3 el trabajo y Emiliano Chamorro Mendieta, quien la redact\u00f3.<\/p>\n<p>\u201cAlgunos de los afectados ya dijeron que si los corren por esto, ir\u00e1n al Cenidh a interponer su caso, porque consideran que lo que est\u00e1 ocurriendo es ya una violaci\u00f3n a sus derechos humanos, lo que se agravar\u00eda si los mandan a la calle\u201d, se\u00f1al\u00f3 la fuente que solicit\u00f3 no ser identificada.<\/p>\n<p>La crisis en La Prensa, que empez\u00f3 cuando se activ\u00f3 un equipo investigativo de gran nivel para averiguar si era cierto lo que publicamos acerca de la existencia de una orden de captura contra Roberto Benda\u00f1a y \u00c1lvaro Montealegre, ha puesto en evidencia la presi\u00f3n que viven los periodistas a lo interno de los medios de comunicaci\u00f3n.<\/p>\n<p>Seg\u00fan nos dijeron, los periodistas de La Prensa y sus editores realizaron un trabajo impecable que merec\u00eda una felicitaci\u00f3n en vez de una sanci\u00f3n. \u201cLa Elizabeth Romero comprob\u00f3 con la Polic\u00eda lo de la orden de arresto; Martha V\u00e1squez fue a su fuente en la Corte Suprema de Justicia. Todo se comprob\u00f3 y el resultado fue una injusta sanci\u00f3n para los m\u00e1s involucrados, que fueron tres, encabezados por la Nohelia\u201d, dijo la fuente.<\/p>\n<p>Nuestro informante indic\u00f3 que por temor a perder el empleo, porque est\u00e1n claros de que dif\u00edcilmente los contratar\u00e1n en otra parte, han tenido que ver impotentes como maltratan a sus compa\u00f1eros en un caso de injusticia notoria.<\/p>\n<p>La crisis en La Prensa motiv\u00f3 una reuni\u00f3n de editores este mi\u00e9rcoles por la ma\u00f1ana, aunque desconocemos qu\u00e9 decidieron.<\/p>\n","protected":false},"excerpt":{"rendered":"<p>* Furibundos hermanos millonarios amenazan hablar hasta con la Junta Directiva de La Prensa si es necesario y periodistas a su vez mencionan que se defender\u00e1n en el Cenidh Eduardo Montealegre y su hermano \u00c1lvaro, este \u00faltimo acusado por estafa a la Compa\u00f1\u00eda de Santa Teresita de Jes\u00fas, no est\u00e1n contentos con la sanci\u00f3n aplicada [&hellip;]<\/p>\n","protected":false},"author":1,"featured_media":22085,"comment_status":"open","ping_status":"open","sticky":false,"template":"","format":"standard","meta":{"om_disable_all_campaigns":false,"_monsterinsights_skip_tracking":false,"_monsterinsights_sitenote_active":false,"_monsterinsights_sitenote_note":"","_monsterinsights_sitenote_category":0,"footnotes":""},"categories":[3,13],"tags":[],"class_list":["post-22084","post","type-post","status-publish","format-standard","has-post-thumbnail","hentry","category-nacionales","category-portada"],"aioseo_notices":[],"_links":{"self":[{"href":"https:\/\/elcronistadigital.com\/index.php?rest_route=\/wp\/v2\/posts\/22084","targetHints":{"allow":["GET"]}}],"collection":[{"href":"https:\/\/elcronistadigital.com\/index.php?rest_route=\/wp\/v2\/posts"}],"about":[{"href":"https:\/\/elcronistadigital.com\/index.php?rest_route=\/wp\/v2\/types\/post"}],"author":[{"embeddable":true,"href":"https:\/\/elcronistadigital.com\/index.php?rest_route=\/wp\/v2\/users\/1"}],"replies":[{"embeddable":true,"href":"https:\/\/elcronistadigital.com\/index.php?rest_route=%2Fwp%2Fv2%2Fcomments&post=22084"}],"version-history":[{"count":5,"href":"https:\/\/elcronistadigital.com\/index.php?rest_route=\/wp\/v2\/posts\/22084\/revisions"}],"predecessor-version":[{"id":22090,"href":"https:\/\/elcronistadigital.com\/index.php?rest_route=\/wp\/v2\/posts\/22084\/revisions\/22090"}],"wp:featuredmedia":[{"embeddable":true,"href":"https:\/\/elcronistadigital.com\/index.php?rest_route=\/wp\/v2\/media\/22085"}],"wp:attachment":[{"href":"https:\/\/elcronistadigital.com\/index.php?rest_route=%2Fwp%2Fv2%2Fmedia&parent=22084"}],"wp:term":[{"taxonomy":"category","embeddable":true,"href":"https:\/\/elcronistadigital.com\/index.php?rest_route=%2Fwp%2Fv2%2Fcategories&post=22084"},{"taxonomy":"post_tag","embeddable":true,"href":"https:\/\/elcronistadigital.com\/index.php?rest_route=%2Fwp%2Fv2%2Ftags&post=22084"}],"curies":[{"name":"wp","href":"https:\/\/api.w.org\/{rel}","templated":true}]}}