{"id":22091,"date":"2013-08-21T13:40:18","date_gmt":"2013-08-21T19:40:18","guid":{"rendered":"http:\/\/elcronistadigital.com\/?p=22091"},"modified":"2013-08-21T13:40:18","modified_gmt":"2013-08-21T19:40:18","slug":"montealegre-y-bendana-son-profugos","status":"publish","type":"post","link":"https:\/\/elcronistadigital.com\/?p=22091","title":{"rendered":"Montealegre y Benda\u00f1a son pr\u00f3fugos"},"content":{"rendered":"<p><a href=\"https:\/\/elcronistadigital.com\/?attachment_id=22092\" rel=\"attachment wp-att-22092\"><img loading=\"lazy\" decoding=\"async\" class=\"alignleft size-medium wp-image-22092\" title=\"Colegio Teresiano\" src=\"https:\/\/elcronistadigital.com\/wp-content\/uploads\/2013\/08\/Colegio-Teresiano-300x58.png\" alt=\"\" width=\"300\" height=\"58\" srcset=\"https:\/\/elcronistadigital.com\/wp-content\/uploads\/2013\/08\/Colegio-Teresiano-300x58.png 300w, https:\/\/elcronistadigital.com\/wp-content\/uploads\/2013\/08\/Colegio-Teresiano-342x66.png 342w, https:\/\/elcronistadigital.com\/wp-content\/uploads\/2013\/08\/Colegio-Teresiano-520x102.png 520w, https:\/\/elcronistadigital.com\/wp-content\/uploads\/2013\/08\/Colegio-Teresiano.png 526w\" sizes=\"auto, (max-width: 300px) 100vw, 300px\" \/><\/a>* Fiscal\u00eda y Polic\u00eda Nacional los buscan para hacer efectiva la captura por estafa millonaria a las monjitas del Teresiano<\/p>\n<p>\u00c1lvaro Montealegre Rivas y Roberto Benda\u00f1a McEwan se encuentran pr\u00f3fugos de la justicia y son buscados por la Fiscal\u00eda y la Polic\u00eda Nacional, seg\u00fan informaciones provenientes del sistema judicial de Nicaragua.<\/p>\n<p>Estos dos se\u00f1ores son acusador por estafa millonaria a las monjitas de la Orden Santa Teresita de Jes\u00fas, conocidas tambi\u00e9n como las Teresianas, quienes en nuestro pa\u00eds desarrollan una amplia labor social.<\/p>\n<p>\u201cLas labores de b\u00fasqueda se han dificultado ya que ambos, luego de ser notificados oficialmente, se encuentran en condici\u00f3n de pr\u00f3fugos. Se conoce por fuentes cercanas a los fugitivos, que Benda\u00f1a podr\u00eda estar escondido en una finca de su propiedad ubicada en Matagalpa, mientras que se desconoce el paradero de Montealegre Rivas\u201d, dijo un empleado judicial ligado al caso.<\/p>\n<p>Conocimos que \u00c1lvaro Montealegre Rivas contrat\u00f3 como abogado al penalista Ram\u00f3n Rojas, mientras que Benda\u00f1a busc\u00f3 a la abogada Magda Urbina, de Masaya. Tambi\u00e9n supimos que la jurista Elga Asher Garc\u00eda, directiva del PLI y abogada de La Prensa, tambi\u00e9n tendr\u00e1 participaci\u00f3n en la defensa de uno de los acusados.<\/p>\n<p>Seg\u00fan constatamos, la Fiscal\u00eda y la Polic\u00eda Nacional ya est\u00e1n brindando informaci\u00f3n sobre este bochornoso caso.<\/p>\n","protected":false},"excerpt":{"rendered":"<p>* Fiscal\u00eda y Polic\u00eda Nacional los buscan para hacer efectiva la captura por estafa millonaria a las monjitas del Teresiano \u00c1lvaro Montealegre Rivas y Roberto Benda\u00f1a McEwan se encuentran pr\u00f3fugos de la justicia y son buscados por la Fiscal\u00eda y la Polic\u00eda Nacional, seg\u00fan informaciones provenientes del sistema judicial de Nicaragua. Estos dos se\u00f1ores son [&hellip;]<\/p>\n","protected":false},"author":1,"featured_media":22092,"comment_status":"open","ping_status":"open","sticky":false,"template":"","format":"standard","meta":{"om_disable_all_campaigns":false,"_monsterinsights_skip_tracking":false,"_monsterinsights_sitenote_active":false,"_monsterinsights_sitenote_note":"","_monsterinsights_sitenote_category":0,"footnotes":""},"categories":[3,13],"tags":[],"class_list":["post-22091","post","type-post","status-publish","format-standard","has-post-thumbnail","hentry","category-nacionales","category-portada"],"aioseo_notices":[],"_links":{"self":[{"href":"https:\/\/elcronistadigital.com\/index.php?rest_route=\/wp\/v2\/posts\/22091","targetHints":{"allow":["GET"]}}],"collection":[{"href":"https:\/\/elcronistadigital.com\/index.php?rest_route=\/wp\/v2\/posts"}],"about":[{"href":"https:\/\/elcronistadigital.com\/index.php?rest_route=\/wp\/v2\/types\/post"}],"author":[{"embeddable":true,"href":"https:\/\/elcronistadigital.com\/index.php?rest_route=\/wp\/v2\/users\/1"}],"replies":[{"embeddable":true,"href":"https:\/\/elcronistadigital.com\/index.php?rest_route=%2Fwp%2Fv2%2Fcomments&post=22091"}],"version-history":[{"count":3,"href":"https:\/\/elcronistadigital.com\/index.php?rest_route=\/wp\/v2\/posts\/22091\/revisions"}],"predecessor-version":[{"id":22095,"href":"https:\/\/elcronistadigital.com\/index.php?rest_route=\/wp\/v2\/posts\/22091\/revisions\/22095"}],"wp:featuredmedia":[{"embeddable":true,"href":"https:\/\/elcronistadigital.com\/index.php?rest_route=\/wp\/v2\/media\/22092"}],"wp:attachment":[{"href":"https:\/\/elcronistadigital.com\/index.php?rest_route=%2Fwp%2Fv2%2Fmedia&parent=22091"}],"wp:term":[{"taxonomy":"category","embeddable":true,"href":"https:\/\/elcronistadigital.com\/index.php?rest_route=%2Fwp%2Fv2%2Fcategories&post=22091"},{"taxonomy":"post_tag","embeddable":true,"href":"https:\/\/elcronistadigital.com\/index.php?rest_route=%2Fwp%2Fv2%2Ftags&post=22091"}],"curies":[{"name":"wp","href":"https:\/\/api.w.org\/{rel}","templated":true}]}}