{"id":22101,"date":"2013-08-21T15:05:05","date_gmt":"2013-08-21T21:05:05","guid":{"rendered":"http:\/\/elcronistadigital.com\/?p=22101"},"modified":"2013-08-21T15:05:05","modified_gmt":"2013-08-21T21:05:05","slug":"montealegre-y-bendana-citados-a-la-fiscalia","status":"publish","type":"post","link":"https:\/\/elcronistadigital.com\/?p=22101","title":{"rendered":"Montealegre y Benda\u00f1a citados a la Fiscal\u00eda"},"content":{"rendered":"<div id=\"attachment_22102\" style=\"width: 310px\" class=\"wp-caption alignleft\"><a href=\"https:\/\/elcronistadigital.com\/?attachment_id=22102\" rel=\"attachment wp-att-22102\"><img loading=\"lazy\" decoding=\"async\" aria-describedby=\"caption-attachment-22102\" class=\"size-medium wp-image-22102\" title=\"Roberto Benda\u00f1a y \u00c1lvaro Montealegre Rivas\" src=\"https:\/\/elcronistadigital.com\/wp-content\/uploads\/2013\/08\/Roberto-Benda\u00f1a-y-\u00c1lvaro-Montealegre-Rivas1-300x147.png\" alt=\"\" width=\"300\" height=\"147\" srcset=\"https:\/\/elcronistadigital.com\/wp-content\/uploads\/2013\/08\/Roberto-Benda\u00f1a-y-\u00c1lvaro-Montealegre-Rivas1-300x147.png 300w, https:\/\/elcronistadigital.com\/wp-content\/uploads\/2013\/08\/Roberto-Benda\u00f1a-y-\u00c1lvaro-Montealegre-Rivas1-342x167.png 342w, https:\/\/elcronistadigital.com\/wp-content\/uploads\/2013\/08\/Roberto-Benda\u00f1a-y-\u00c1lvaro-Montealegre-Rivas1.png 497w\" sizes=\"auto, (max-width: 300px) 100vw, 300px\" \/><\/a><p id=\"caption-attachment-22102\" class=\"wp-caption-text\">\u00c1lvaro Montealegre fue localizado este mi\u00e9rcoles y tendr\u00e1 que comparecer a la Fiscal\u00eda a las 9:30 a.m., su cu\u00f1ado Roberto Benda\u00f1a, con paradero desconocido, tendr\u00eda que llegar media hora antes.<\/p><\/div>\n<p>* Autoridades encontraron a \u00c1lvaro en su casa y deber\u00e1 comparecer este jueves a las 9:30 a.m., mientras que a su cu\u00f1ado no lo hallaron pero dejaron en su vivienda una citatoria para que llegue a las 9:00 de la ma\u00f1ana<\/p>\n<p>De \u00faltima hora se inform\u00f3 en la Fiscal\u00eda que \u00c1lvaro Montealegre, quien hab\u00eda sido declarado pr\u00f3fugo, fue localizado en su casa de habitaci\u00f3n ubicada en carretera sur, donde le entregaron una notificaci\u00f3n para que se presente este jueves a las 9:30 de la ma\u00f1ana en las oficinas del Ministerio P\u00fablico en Managua,<\/p>\n<p>Montealegre era buscado por las autoridades pues desconoc\u00edan su paradero y el de su cu\u00f1ado Roberto Benda\u00f1a, ambos acusados por las monjitas del Teresiano por una presunta estafa millonaria.<\/p>\n<p>Todav\u00eda no se sabe d\u00f3nde est\u00e1 Benda\u00f1a, sin embargo, este mi\u00e9rcoles tambi\u00e9n fue entregada una notificaci\u00f3n en su vivienda, situada del 7 Sur hacia el oeste. El documento fue recibido por un empleado del empresario, quien est\u00e1 citada para el mismo jueves a las 9:00 a.m., es decir, media hora antes que su cu\u00f1ado.<\/p>\n","protected":false},"excerpt":{"rendered":"<p>* Autoridades encontraron a \u00c1lvaro en su casa y deber\u00e1 comparecer este jueves a las 9:30 a.m., mientras que a su cu\u00f1ado no lo hallaron pero dejaron en su vivienda una citatoria para que llegue a las 9:00 de la ma\u00f1ana De \u00faltima hora se inform\u00f3 en la Fiscal\u00eda que \u00c1lvaro Montealegre, quien hab\u00eda sido [&hellip;]<\/p>\n","protected":false},"author":1,"featured_media":22102,"comment_status":"open","ping_status":"open","sticky":false,"template":"","format":"standard","meta":{"om_disable_all_campaigns":false,"_monsterinsights_skip_tracking":false,"_monsterinsights_sitenote_active":false,"_monsterinsights_sitenote_note":"","_monsterinsights_sitenote_category":0,"footnotes":""},"categories":[3],"tags":[],"class_list":["post-22101","post","type-post","status-publish","format-standard","has-post-thumbnail","hentry","category-nacionales"],"aioseo_notices":[],"_links":{"self":[{"href":"https:\/\/elcronistadigital.com\/index.php?rest_route=\/wp\/v2\/posts\/22101","targetHints":{"allow":["GET"]}}],"collection":[{"href":"https:\/\/elcronistadigital.com\/index.php?rest_route=\/wp\/v2\/posts"}],"about":[{"href":"https:\/\/elcronistadigital.com\/index.php?rest_route=\/wp\/v2\/types\/post"}],"author":[{"embeddable":true,"href":"https:\/\/elcronistadigital.com\/index.php?rest_route=\/wp\/v2\/users\/1"}],"replies":[{"embeddable":true,"href":"https:\/\/elcronistadigital.com\/index.php?rest_route=%2Fwp%2Fv2%2Fcomments&post=22101"}],"version-history":[{"count":3,"href":"https:\/\/elcronistadigital.com\/index.php?rest_route=\/wp\/v2\/posts\/22101\/revisions"}],"predecessor-version":[{"id":22105,"href":"https:\/\/elcronistadigital.com\/index.php?rest_route=\/wp\/v2\/posts\/22101\/revisions\/22105"}],"wp:featuredmedia":[{"embeddable":true,"href":"https:\/\/elcronistadigital.com\/index.php?rest_route=\/wp\/v2\/media\/22102"}],"wp:attachment":[{"href":"https:\/\/elcronistadigital.com\/index.php?rest_route=%2Fwp%2Fv2%2Fmedia&parent=22101"}],"wp:term":[{"taxonomy":"category","embeddable":true,"href":"https:\/\/elcronistadigital.com\/index.php?rest_route=%2Fwp%2Fv2%2Fcategories&post=22101"},{"taxonomy":"post_tag","embeddable":true,"href":"https:\/\/elcronistadigital.com\/index.php?rest_route=%2Fwp%2Fv2%2Ftags&post=22101"}],"curies":[{"name":"wp","href":"https:\/\/api.w.org\/{rel}","templated":true}]}}