{"id":22111,"date":"2013-08-21T15:49:14","date_gmt":"2013-08-21T21:49:14","guid":{"rendered":"http:\/\/elcronistadigital.com\/?p=22111"},"modified":"2013-08-21T15:49:17","modified_gmt":"2013-08-21T21:49:17","slug":"abogados-ingleses-recomendaron-a-colombia-reconocer-fallo-de-la-cij","status":"publish","type":"post","link":"https:\/\/elcronistadigital.com\/?p=22111","title":{"rendered":"Abogados ingleses recomendaron a Colombia reconocer fallo de la CIJ"},"content":{"rendered":"<div id=\"attachment_22112\" style=\"width: 310px\" class=\"wp-caption alignleft\"><a href=\"https:\/\/elcronistadigital.com\/?attachment_id=22112\" rel=\"attachment wp-att-22112\"><img loading=\"lazy\" decoding=\"async\" aria-describedby=\"caption-attachment-22112\" class=\"size-medium wp-image-22112\" title=\"Ernesto Samper\" src=\"https:\/\/elcronistadigital.com\/wp-content\/uploads\/2013\/08\/Ernesto-Samper-300x206.jpg\" alt=\"\" width=\"300\" height=\"206\" srcset=\"https:\/\/elcronistadigital.com\/wp-content\/uploads\/2013\/08\/Ernesto-Samper-300x206.jpg 300w, https:\/\/elcronistadigital.com\/wp-content\/uploads\/2013\/08\/Ernesto-Samper.jpg 320w\" sizes=\"auto, (max-width: 300px) 100vw, 300px\" \/><\/a><p id=\"caption-attachment-22112\" class=\"wp-caption-text\">Ernesto Samper, ex presidente de Colombia.<\/p><\/div>\n<p>* El expresidente Ernesto Samper, se\u00f1al\u00f3 que esa fue la conclusi\u00f3n de la firma inglesa Volterra Fietta contratada por el gobierno de Juan Manuel Santos<\/p>\n<p>Un nuevo ingrediente se conoce de la m\u00e1s reciente reuni\u00f3n de la Comisi\u00f3n Asesora de Relaciones Internacionales de Colombia. El expresidente Ernesto Samper dijo que los abogados de la firma Volterra Fietta recomendaron al Gobierno acatar el fallo de La Haya.<\/p>\n<p>\u00abLos abogados sugirieron acatar y reconocer el fallo de La Haya. Esto se dio en una serie de informes y conceptos que presentaron los juristas ante la comisi\u00f3n\u00bb.<\/p>\n<p>Samper agreg\u00f3 que \u00e9l es partidario de acatar este fallo, seg\u00fan asegur\u00f3 a la radioemisora La FM.<\/p>\n<p>\u00abYo creo que Colombia debe reconocer ese fallo y luego si usar todos los recursos que est\u00e9n a su alcance para aclarar, aplicar y poner en marcha obligaciones del fallo para negociar con Nicaragua una convivencia sana\u00bb.<\/p>\n<p>El expresidente Liberal asegur\u00f3 que hay que evitar a toda costa terminar sumidos en una guerra con Nicaragua, ya que a Colombia no le convendr\u00eda.<\/p>\n","protected":false},"excerpt":{"rendered":"<p>* El expresidente Ernesto Samper, se\u00f1al\u00f3 que esa fue la conclusi\u00f3n de la firma inglesa Volterra Fietta contratada por el gobierno de Juan Manuel Santos Un nuevo ingrediente se conoce de la m\u00e1s reciente reuni\u00f3n de la Comisi\u00f3n Asesora de Relaciones Internacionales de Colombia. El expresidente Ernesto Samper dijo que los abogados de la firma [&hellip;]<\/p>\n","protected":false},"author":1,"featured_media":22112,"comment_status":"open","ping_status":"open","sticky":false,"template":"","format":"standard","meta":{"om_disable_all_campaigns":false,"_monsterinsights_skip_tracking":false,"_monsterinsights_sitenote_active":false,"_monsterinsights_sitenote_note":"","_monsterinsights_sitenote_category":0,"footnotes":""},"categories":[3,13],"tags":[],"class_list":["post-22111","post","type-post","status-publish","format-standard","has-post-thumbnail","hentry","category-nacionales","category-portada"],"aioseo_notices":[],"_links":{"self":[{"href":"https:\/\/elcronistadigital.com\/index.php?rest_route=\/wp\/v2\/posts\/22111","targetHints":{"allow":["GET"]}}],"collection":[{"href":"https:\/\/elcronistadigital.com\/index.php?rest_route=\/wp\/v2\/posts"}],"about":[{"href":"https:\/\/elcronistadigital.com\/index.php?rest_route=\/wp\/v2\/types\/post"}],"author":[{"embeddable":true,"href":"https:\/\/elcronistadigital.com\/index.php?rest_route=\/wp\/v2\/users\/1"}],"replies":[{"embeddable":true,"href":"https:\/\/elcronistadigital.com\/index.php?rest_route=%2Fwp%2Fv2%2Fcomments&post=22111"}],"version-history":[{"count":3,"href":"https:\/\/elcronistadigital.com\/index.php?rest_route=\/wp\/v2\/posts\/22111\/revisions"}],"predecessor-version":[{"id":22115,"href":"https:\/\/elcronistadigital.com\/index.php?rest_route=\/wp\/v2\/posts\/22111\/revisions\/22115"}],"wp:featuredmedia":[{"embeddable":true,"href":"https:\/\/elcronistadigital.com\/index.php?rest_route=\/wp\/v2\/media\/22112"}],"wp:attachment":[{"href":"https:\/\/elcronistadigital.com\/index.php?rest_route=%2Fwp%2Fv2%2Fmedia&parent=22111"}],"wp:term":[{"taxonomy":"category","embeddable":true,"href":"https:\/\/elcronistadigital.com\/index.php?rest_route=%2Fwp%2Fv2%2Fcategories&post=22111"},{"taxonomy":"post_tag","embeddable":true,"href":"https:\/\/elcronistadigital.com\/index.php?rest_route=%2Fwp%2Fv2%2Ftags&post=22111"}],"curies":[{"name":"wp","href":"https:\/\/api.w.org\/{rel}","templated":true}]}}