{"id":22131,"date":"2013-08-22T10:16:50","date_gmt":"2013-08-22T16:16:50","guid":{"rendered":"http:\/\/elcronistadigital.com\/?p=22131"},"modified":"2013-08-22T10:16:50","modified_gmt":"2013-08-22T16:16:50","slug":"llegan-cincuenta-tecnicos-chinos-para-el-canal","status":"publish","type":"post","link":"https:\/\/elcronistadigital.com\/?p=22131","title":{"rendered":"Llegan cincuenta t\u00e9cnicos chinos para el canal"},"content":{"rendered":"<p><a href=\"https:\/\/elcronistadigital.com\/?attachment_id=22132\" rel=\"attachment wp-att-22132\"><img loading=\"lazy\" decoding=\"async\" class=\"alignleft size-full wp-image-22132\" title=\"HKND Group\" src=\"https:\/\/elcronistadigital.com\/wp-content\/uploads\/2013\/08\/HKND-Group.jpeg\" alt=\"\" width=\"209\" height=\"157\" srcset=\"https:\/\/elcronistadigital.com\/wp-content\/uploads\/2013\/08\/HKND-Group.jpeg 209w, https:\/\/elcronistadigital.com\/wp-content\/uploads\/2013\/08\/HKND-Group-60x45.jpg 60w, https:\/\/elcronistadigital.com\/wp-content\/uploads\/2013\/08\/HKND-Group-150x113.jpg 150w\" sizes=\"auto, (max-width: 209px) 100vw, 209px\" \/><\/a>Cincuenta t\u00e9cnicos chinos contratados por la compa\u00f1\u00eda encargada de construir el canal interoce\u00e1nico, arribaron la noche del mi\u00e9rcoles a Nicaragua, seg\u00fan inform\u00f3 el presidente Daniel Ortega en el transcurso de una reuni\u00f3n con el canciller de Ecuador, Ricardo Pati\u00f1o.<\/p>\n<p>Ortega explic\u00f3 que el futuro de ese proyecto depender\u00e1 de esas pesquisas preliminares y sobre todo de lo asociado al cuidado del medio ambiente, seg\u00fan inform\u00f3 Prensa Latina.<\/p>\n<p>Estos contingentes de t\u00e9cnicos que llegaron este mi\u00e9rcoles a Managua ir\u00e1n creciendo por las dimensiones de este programa, el cual dar\u00e1 mayor soberan\u00eda econ\u00f3mica, sentenci\u00f3.<\/p>\n<p>\u00abEsto es una inversi\u00f3n, es una obra que nos va a dar soberan\u00eda, porque nuestra soberan\u00eda es limitada, tenemos una soberan\u00eda limitada, a tal grado que por la fragilidad de la econom\u00eda Nicaragua depende de un certificado (waiver de la propiedad) de Estados Unidos a\u00f1o con a\u00f1o\u00bb, reflexion\u00f3.<\/p>\n<p>Si Estados Unidos no da el certificado, ser\u00eda como hundir econ\u00f3micamente al pa\u00eds, porque nos bloquear\u00eda en los organismos internacionales, en el Banco Mundial, en el Banco Interamericano de Desarrollo, a\u00fan cuando tengamos muy buenas relaciones y convenios con el Fondo Monetario Internacional, se\u00f1al\u00f3.<\/p>\n<p>Ortega explic\u00f3 al visitante, quien lleg\u00f3 a esta capital el 20 de agosto en visita de trabajo, previo a la que realizar\u00e1 el presidente Rafael Correa, acerca de las exploraciones petroleras iniciadas el fin de semana por la concesionaria estadounidense Noble Energy Ltd. en el espacio caribe\u00f1o bajo jurisdicci\u00f3n de este pa\u00eds.<\/p>\n<p>Aludi\u00f3 a otras empresas mineras que operan, siempre con el consentimiento de la poblaci\u00f3n, y precis\u00f3 que en el municipio matagalpino de Rancho Grande, al centro de este pa\u00eds, la ciudadan\u00eda no aprob\u00f3 la b\u00fasqueda de minerales y por tanto no se otorgaron los permisos de operaci\u00f3n.<\/p>\n<p>Tambi\u00e9n fue rechazada la propuesta de una empresa canadiense con informaci\u00f3n segura de que en la reserva de Bosaw\u00e1s -compartida por la Regi\u00f3n Aut\u00f3noma del Atl\u00e1ntico Norte, el departamento de Jinotega y en una peque\u00f1a parte por el de Nueva Segovia- hay mucho oro, revel\u00f3.<\/p>\n<p>Ellos garantizaron explotar la reserva y yo les dije que ah\u00ed era pr\u00e1cticamente intocable, afirm\u00f3 y detall\u00f3 que esa es una reserva de bosque que toca recuperar y proteger para Nicaragua, Centroam\u00e9rica y el mundo.<\/p>\n<p>Contrario a la intensa actividad que est\u00e1 desplegando Juan Manuel Santos en torno a los intentos de Colombia por desconocer el fallo de La Haya, Ortega no se refiri\u00f3 al espinoso tema, al igual que no lo hizo en sus anteriores comparecencias p\u00fablicas.,<\/p>\n","protected":false},"excerpt":{"rendered":"<p>Cincuenta t\u00e9cnicos chinos contratados por la compa\u00f1\u00eda encargada de construir el canal interoce\u00e1nico, arribaron la noche del mi\u00e9rcoles a Nicaragua, seg\u00fan inform\u00f3 el presidente Daniel Ortega en el transcurso de una reuni\u00f3n con el canciller de Ecuador, Ricardo Pati\u00f1o. Ortega explic\u00f3 que el futuro de ese proyecto depender\u00e1 de esas pesquisas preliminares y sobre todo [&hellip;]<\/p>\n","protected":false},"author":1,"featured_media":22132,"comment_status":"open","ping_status":"open","sticky":false,"template":"","format":"standard","meta":{"om_disable_all_campaigns":false,"_monsterinsights_skip_tracking":false,"_monsterinsights_sitenote_active":false,"_monsterinsights_sitenote_note":"","_monsterinsights_sitenote_category":0,"footnotes":""},"categories":[3],"tags":[],"class_list":["post-22131","post","type-post","status-publish","format-standard","has-post-thumbnail","hentry","category-nacionales"],"aioseo_notices":[],"_links":{"self":[{"href":"https:\/\/elcronistadigital.com\/index.php?rest_route=\/wp\/v2\/posts\/22131","targetHints":{"allow":["GET"]}}],"collection":[{"href":"https:\/\/elcronistadigital.com\/index.php?rest_route=\/wp\/v2\/posts"}],"about":[{"href":"https:\/\/elcronistadigital.com\/index.php?rest_route=\/wp\/v2\/types\/post"}],"author":[{"embeddable":true,"href":"https:\/\/elcronistadigital.com\/index.php?rest_route=\/wp\/v2\/users\/1"}],"replies":[{"embeddable":true,"href":"https:\/\/elcronistadigital.com\/index.php?rest_route=%2Fwp%2Fv2%2Fcomments&post=22131"}],"version-history":[{"count":3,"href":"https:\/\/elcronistadigital.com\/index.php?rest_route=\/wp\/v2\/posts\/22131\/revisions"}],"predecessor-version":[{"id":22135,"href":"https:\/\/elcronistadigital.com\/index.php?rest_route=\/wp\/v2\/posts\/22131\/revisions\/22135"}],"wp:featuredmedia":[{"embeddable":true,"href":"https:\/\/elcronistadigital.com\/index.php?rest_route=\/wp\/v2\/media\/22132"}],"wp:attachment":[{"href":"https:\/\/elcronistadigital.com\/index.php?rest_route=%2Fwp%2Fv2%2Fmedia&parent=22131"}],"wp:term":[{"taxonomy":"category","embeddable":true,"href":"https:\/\/elcronistadigital.com\/index.php?rest_route=%2Fwp%2Fv2%2Fcategories&post=22131"},{"taxonomy":"post_tag","embeddable":true,"href":"https:\/\/elcronistadigital.com\/index.php?rest_route=%2Fwp%2Fv2%2Ftags&post=22131"}],"curies":[{"name":"wp","href":"https:\/\/api.w.org\/{rel}","templated":true}]}}