{"id":22141,"date":"2013-08-22T11:11:53","date_gmt":"2013-08-22T17:11:53","guid":{"rendered":"http:\/\/elcronistadigital.com\/?p=22141"},"modified":"2013-08-22T11:11:53","modified_gmt":"2013-08-22T17:11:53","slug":"optara-colombia-por-la-delincuencia","status":"publish","type":"post","link":"https:\/\/elcronistadigital.com\/?p=22141","title":{"rendered":"\u00bfOptar\u00e1 Colombia por la delincuencia?"},"content":{"rendered":"<div id=\"attachment_22142\" style=\"width: 310px\" class=\"wp-caption alignleft\"><a href=\"https:\/\/elcronistadigital.com\/?attachment_id=22142\" rel=\"attachment wp-att-22142\"><img loading=\"lazy\" decoding=\"async\" aria-describedby=\"caption-attachment-22142\" class=\"size-medium wp-image-22142\" title=\"Angelino Garz\u00f3n\" src=\"https:\/\/elcronistadigital.com\/wp-content\/uploads\/2013\/08\/Angelino-Garz\u00f3n-300x207.jpg\" alt=\"\" width=\"300\" height=\"207\" srcset=\"https:\/\/elcronistadigital.com\/wp-content\/uploads\/2013\/08\/Angelino-Garz\u00f3n-300x207.jpg 300w, https:\/\/elcronistadigital.com\/wp-content\/uploads\/2013\/08\/Angelino-Garz\u00f3n-342x236.jpg 342w, https:\/\/elcronistadigital.com\/wp-content\/uploads\/2013\/08\/Angelino-Garz\u00f3n.jpg 420w\" sizes=\"auto, (max-width: 300px) 100vw, 300px\" \/><\/a><p id=\"caption-attachment-22142\" class=\"wp-caption-text\">Angelino Garz\u00f3n no dio ninguna raz\u00f3n. Solo dijo que fallo de La Haya es inaplicable.<\/p><\/div>\n<p>* \u00daltimas declaraciones de funcionarios apuntan en ese sentido, como lo dicho este jueves por el vicepresidente Garz\u00f3n, en el sentido de que fallo de La Haya es inaplicable<\/p>\n<p>En una confusa declaraci\u00f3n, el vicepresidente colombiano, Angelino Garz\u00f3n, advirti\u00f3 este jueves \u2013sin brindar ning\u00fan tipo de argumentos-, que el fallo de la Corte Internacional de Justicia de La Haya que devolvi\u00f3 a Nicaragua m\u00e1s de 90 mil kil\u00f3metros de mar Caribe, es totalmente inaplicable.<\/p>\n<p>Seg\u00fan Garz\u00f3n, ni ahora, ni dentro de cinco a\u00f1os, ni nunca, es aplicable el fallo de la Corte de Justicia de La Haya.<\/p>\n<p>Fue reiterativo al se\u00f1alar la inaplicabilidad del dictamen y sostuvo que por m\u00e1s que el presidente Juan Manuel Santos y la misma canciller Mar\u00eda \u00c1ngela Holgu\u00edn quieran acatar lo dispuesto por el alto tribunal, no pueden darle aplicaci\u00f3n, aunque no aclar\u00f3 en qu\u00e9 consiste ese juego de palabras.<\/p>\n<p>Al mismo tiempo, Garz\u00f3n dijo que Nicaragua lo que busca es agudizar los conflictos lim\u00edtrofes entre los pa\u00edses yendo en contra del esp\u00edritu de la ONU. (\u00bf?).<\/p>\n","protected":false},"excerpt":{"rendered":"<p>* \u00daltimas declaraciones de funcionarios apuntan en ese sentido, como lo dicho este jueves por el vicepresidente Garz\u00f3n, en el sentido de que fallo de La Haya es inaplicable En una confusa declaraci\u00f3n, el vicepresidente colombiano, Angelino Garz\u00f3n, advirti\u00f3 este jueves \u2013sin brindar ning\u00fan tipo de argumentos-, que el fallo de la Corte Internacional de [&hellip;]<\/p>\n","protected":false},"author":1,"featured_media":22142,"comment_status":"open","ping_status":"open","sticky":false,"template":"","format":"standard","meta":{"om_disable_all_campaigns":false,"_monsterinsights_skip_tracking":false,"_monsterinsights_sitenote_active":false,"_monsterinsights_sitenote_note":"","_monsterinsights_sitenote_category":0,"footnotes":""},"categories":[3],"tags":[],"class_list":["post-22141","post","type-post","status-publish","format-standard","has-post-thumbnail","hentry","category-nacionales"],"aioseo_notices":[],"_links":{"self":[{"href":"https:\/\/elcronistadigital.com\/index.php?rest_route=\/wp\/v2\/posts\/22141","targetHints":{"allow":["GET"]}}],"collection":[{"href":"https:\/\/elcronistadigital.com\/index.php?rest_route=\/wp\/v2\/posts"}],"about":[{"href":"https:\/\/elcronistadigital.com\/index.php?rest_route=\/wp\/v2\/types\/post"}],"author":[{"embeddable":true,"href":"https:\/\/elcronistadigital.com\/index.php?rest_route=\/wp\/v2\/users\/1"}],"replies":[{"embeddable":true,"href":"https:\/\/elcronistadigital.com\/index.php?rest_route=%2Fwp%2Fv2%2Fcomments&post=22141"}],"version-history":[{"count":3,"href":"https:\/\/elcronistadigital.com\/index.php?rest_route=\/wp\/v2\/posts\/22141\/revisions"}],"predecessor-version":[{"id":22145,"href":"https:\/\/elcronistadigital.com\/index.php?rest_route=\/wp\/v2\/posts\/22141\/revisions\/22145"}],"wp:featuredmedia":[{"embeddable":true,"href":"https:\/\/elcronistadigital.com\/index.php?rest_route=\/wp\/v2\/media\/22142"}],"wp:attachment":[{"href":"https:\/\/elcronistadigital.com\/index.php?rest_route=%2Fwp%2Fv2%2Fmedia&parent=22141"}],"wp:term":[{"taxonomy":"category","embeddable":true,"href":"https:\/\/elcronistadigital.com\/index.php?rest_route=%2Fwp%2Fv2%2Fcategories&post=22141"},{"taxonomy":"post_tag","embeddable":true,"href":"https:\/\/elcronistadigital.com\/index.php?rest_route=%2Fwp%2Fv2%2Ftags&post=22141"}],"curies":[{"name":"wp","href":"https:\/\/api.w.org\/{rel}","templated":true}]}}