{"id":22146,"date":"2013-08-23T07:33:22","date_gmt":"2013-08-23T13:33:22","guid":{"rendered":"http:\/\/elcronistadigital.com\/?p=22146"},"modified":"2013-08-23T07:33:23","modified_gmt":"2013-08-23T13:33:23","slug":"chinchilla-busca-remontar-rechazo","status":"publish","type":"post","link":"https:\/\/elcronistadigital.com\/?p=22146","title":{"rendered":"Chinchilla busca remontar rechazo"},"content":{"rendered":"<div id=\"attachment_22147\" style=\"width: 310px\" class=\"wp-caption alignleft\"><a href=\"https:\/\/elcronistadigital.com\/?attachment_id=22147\" rel=\"attachment wp-att-22147\"><img loading=\"lazy\" decoding=\"async\" aria-describedby=\"caption-attachment-22147\" class=\"size-medium wp-image-22147\" title=\"Laura Chinchilla 3\" src=\"https:\/\/elcronistadigital.com\/wp-content\/uploads\/2013\/08\/Laura-Chinchilla-3-300x213.jpg\" alt=\"\" width=\"300\" height=\"213\" srcset=\"https:\/\/elcronistadigital.com\/wp-content\/uploads\/2013\/08\/Laura-Chinchilla-3-300x213.jpg 300w, https:\/\/elcronistadigital.com\/wp-content\/uploads\/2013\/08\/Laura-Chinchilla-3-342x243.jpg 342w, https:\/\/elcronistadigital.com\/wp-content\/uploads\/2013\/08\/Laura-Chinchilla-3-90x65.jpg 90w, https:\/\/elcronistadigital.com\/wp-content\/uploads\/2013\/08\/Laura-Chinchilla-3.jpg 387w\" sizes=\"auto, (max-width: 300px) 100vw, 300px\" \/><\/a><p id=\"caption-attachment-22147\" class=\"wp-caption-text\">Radiante luci\u00f3 Laura Chinchilla ante el peligro, que seg\u00fan ella, representa Nicaragua para su pa\u00eds. (Foto: La Naci\u00f3n).<\/p><\/div>\n<p>Desesperada por recuperar el terreno pol\u00edtico perdido por su p\u00e9sima forma de gobernar, la presidenta de Costa Rica, Laura Chinchilla, se visti\u00f3 con los colores de su partido pol\u00edtico y muy \u201ca la tica\u201d declar\u00f3 a su pa\u00eds v\u00edctima de una amenaza de su hom\u00f3logo Daniel Ortega.<\/p>\n<p>Ortega hizo recientemente una alusi\u00f3n a que Nicaragua podr\u00eda pedir a La Haya la devoluci\u00f3n de Guanacaste en vista de las reiteradas muestras de agresi\u00f3n de nuestra vecina del sur hacia todas las acciones de desarrollo que impulsa la naci\u00f3n pinolera.<\/p>\n<p>Chinchilla, considerada seg\u00fan encuestas la peor mandataria de Costa Rica de las \u00faltimas d\u00e9cadas debido en particular al alto nivel de corrupci\u00f3n que acompa\u00f1an las obras de su gobierno, aprovech\u00f3 el desliz oratorio de Ortega y se proclam\u00f3 defensora de Guanacaste.<\/p>\n<p>Pese a que desde Nicaragua se ha aclarado que en ning\u00fan momento se proceder\u00e1 al reclamo de los anteriores territorios de nuestro pa\u00eds, Chinchilla hizo su propio alboroto y declar\u00f3 que \u201cpara quienes crean que esto se trata de una mera provocaci\u00f3n para hacernos perder el tiempo, \u00bfsaben qu\u00e9 lucha ha venido librando este Gobierno en los \u00faltimos a\u00f1os? \u00bfLo tenemos verdaderamente claro?<\/p>\n<p>\u201dYo lo que le recuerdo a Costa Rica es que ellos (los nicarag\u00fcenses) pasaron de las palabras a los hechos; ellos ya invadieron la porci\u00f3n del territorio de Costa Rica que hoy se encuentra en disputa\u201d, seg\u00fan publica el diario La Naci\u00f3n.<\/p>\n<p>Despu\u00e9s que despotric\u00f3 contra nuestro pa\u00eds, Chinchilla reiter\u00f3 la hermandad de Costa Rica con el pueblo de Nicaragua.<\/p>\n<p>\u201cEsta es la voz solidaria y tolerante que dice: presidente Ortega, no dejaremos que su irrespeto separe nuestros pueblos. No caeremos en sus provocaciones, pero tampoco nos mantendremos callados\u201d, manifest\u00f3.<\/p>\n<p>El discurso de la presidenta puso fin a una marcha pac\u00edfica y un acto c\u00edvico realizado frente al templo colonial de Nicoya, en el cual los alcaldes de la provincia ratificaron un \u201cManifiesto de reconfirmaci\u00f3n del grito de la anexi\u00f3n\u201d.<\/p>\n<p>Tanto Chinchilla como el presidente del Congreso, Luis Fernando Mendoza, firmaron el documento como testigos de honor.<\/p>\n<p>La caminata previa la lideraron cientos de alumnos de escuelas y colegios de la regi\u00f3n, quienes se desplazaron unos 700 metros bajo el fuerte sol, entre bombas, g\u00fcipip\u00edas y m\u00fasica de marimbas.<\/p>\n<p>El traje blanco con cinto verde que visti\u00f3 la presidenta Chinchilla durante su visita a Nicoya desencaden\u00f3 un zafarrancho en el plenario de la Asamblea Legislativa.<\/p>\n<p>La diputada Yolanda Acu\u00f1a, del Partido Acci\u00f3n Ciudadana, reclam\u00f3 la coincidencia con los colores del Partido Liberaci\u00f3n Nacional.<\/p>\n<p>Esa legisladora, adem\u00e1s, critic\u00f3 que los diputados verdiblancos guanacastecos no estuvieran dispuestos a perder la dieta para acompa\u00f1ar al pueblo nicoyano.<\/p>\n<p>Luis Antonio Aiza y Mar\u00eda Ocampo, los aludidos, se defendieron y trataron a Acu\u00f1a de \u201cmentirosa\u201d, al enfatizar que nunca pidieron permiso para ir y prefirieron quedarse en el Congreso.<\/p>\n<p>\u201cAhora veo que usted es una perfecta mentirosa\u201d, le grit\u00f3 Ocampo a Acu\u00f1a, por afirmar que hab\u00eda preferido no perder \u00a250.000 por la sesi\u00f3n. Aiza enfatiz\u00f3 que no era posible que fueran, y solo el presidente legislativo asisti\u00f3 a la marcha en representaci\u00f3n de los tres.<\/p>\n","protected":false},"excerpt":{"rendered":"<p>Desesperada por recuperar el terreno pol\u00edtico perdido por su p\u00e9sima forma de gobernar, la presidenta de Costa Rica, Laura Chinchilla, se visti\u00f3 con los colores de su partido pol\u00edtico y muy \u201ca la tica\u201d declar\u00f3 a su pa\u00eds v\u00edctima de una amenaza de su hom\u00f3logo Daniel Ortega. Ortega hizo recientemente una alusi\u00f3n a que Nicaragua [&hellip;]<\/p>\n","protected":false},"author":1,"featured_media":22147,"comment_status":"open","ping_status":"open","sticky":false,"template":"","format":"standard","meta":{"om_disable_all_campaigns":false,"_monsterinsights_skip_tracking":false,"_monsterinsights_sitenote_active":false,"_monsterinsights_sitenote_note":"","_monsterinsights_sitenote_category":0,"footnotes":""},"categories":[3],"tags":[],"class_list":["post-22146","post","type-post","status-publish","format-standard","has-post-thumbnail","hentry","category-nacionales"],"aioseo_notices":[],"_links":{"self":[{"href":"https:\/\/elcronistadigital.com\/index.php?rest_route=\/wp\/v2\/posts\/22146","targetHints":{"allow":["GET"]}}],"collection":[{"href":"https:\/\/elcronistadigital.com\/index.php?rest_route=\/wp\/v2\/posts"}],"about":[{"href":"https:\/\/elcronistadigital.com\/index.php?rest_route=\/wp\/v2\/types\/post"}],"author":[{"embeddable":true,"href":"https:\/\/elcronistadigital.com\/index.php?rest_route=\/wp\/v2\/users\/1"}],"replies":[{"embeddable":true,"href":"https:\/\/elcronistadigital.com\/index.php?rest_route=%2Fwp%2Fv2%2Fcomments&post=22146"}],"version-history":[{"count":3,"href":"https:\/\/elcronistadigital.com\/index.php?rest_route=\/wp\/v2\/posts\/22146\/revisions"}],"predecessor-version":[{"id":22150,"href":"https:\/\/elcronistadigital.com\/index.php?rest_route=\/wp\/v2\/posts\/22146\/revisions\/22150"}],"wp:featuredmedia":[{"embeddable":true,"href":"https:\/\/elcronistadigital.com\/index.php?rest_route=\/wp\/v2\/media\/22147"}],"wp:attachment":[{"href":"https:\/\/elcronistadigital.com\/index.php?rest_route=%2Fwp%2Fv2%2Fmedia&parent=22146"}],"wp:term":[{"taxonomy":"category","embeddable":true,"href":"https:\/\/elcronistadigital.com\/index.php?rest_route=%2Fwp%2Fv2%2Fcategories&post=22146"},{"taxonomy":"post_tag","embeddable":true,"href":"https:\/\/elcronistadigital.com\/index.php?rest_route=%2Fwp%2Fv2%2Ftags&post=22146"}],"curies":[{"name":"wp","href":"https:\/\/api.w.org\/{rel}","templated":true}]}}