{"id":2216,"date":"2010-08-30T23:05:31","date_gmt":"2010-08-30T23:05:31","guid":{"rendered":"http:\/\/elcronistadigital.com\/?p=2216"},"modified":"2011-06-03T23:06:32","modified_gmt":"2011-06-03T23:06:32","slug":"una-vida-entregada-al-deporte","status":"publish","type":"post","link":"https:\/\/elcronistadigital.com\/?p=2216","title":{"rendered":"Una vida entregada al deporte"},"content":{"rendered":"<div><span><span>\u00a0<em>\u00a0<\/em>\u00a0<\/span><\/span><\/div>\n<div><span><span><em>\u00a0<\/em><\/span><\/span><\/div>\n<p><span><span>\u00a0<\/p>\n<p><\/span><\/span><\/p>\n<div class=\"img_caption none\" style=\"width: 350px;\"><a href=\"https:\/\/elcronistadigital.com\/wp-content\/uploads\/2011\/06\/Nolasco1.jpg\"><img loading=\"lazy\" decoding=\"async\" class=\"alignleft size-medium wp-image-2217\" title=\"Nolasco[1]\" src=\"https:\/\/elcronistadigital.com\/wp-content\/uploads\/2011\/06\/Nolasco1-300x199.jpg\" alt=\"\" width=\"300\" height=\"199\" srcset=\"https:\/\/elcronistadigital.com\/wp-content\/uploads\/2011\/06\/Nolasco1-300x199.jpg 300w, https:\/\/elcronistadigital.com\/wp-content\/uploads\/2011\/06\/Nolasco1.jpg 350w\" sizes=\"auto, (max-width: 300px) 100vw, 300px\" \/><\/a>\u00a0<\/div>\n<p class=\"img_caption\">Nolasco Montenegro (derecha) porta orgulloso la bandera de Nicaragua, luego de ganar tres medallas de oro en el XIV Campeonato Centroamericano realizado a finales del a\u00f1o pasado en El Salvador.<\/p>\n<p style=\"text-align: justify;\">Nolasco Montenegro es un agr\u00f3nomo que ha combinado su carrera profesional con la de deportista. A sus 51 a\u00f1os se ha convertido en uno de los mejores atletas del pa\u00eds en categor\u00eda m\u00e1ster, a tal punto que en lo que va de 2010 ha conquistado ocho medallas de oro en competencias nacionales, adem\u00e1s de tres medallas de oro en el XIV Campeonato Centroamericano realizado a finales de 2009 en El Salvador.<\/p>\n<p style=\"text-align: justify;\">Cuando a sus 15 a\u00f1os inici\u00f3 su carrera como deportista, nunca imagin\u00f3 que 36 a\u00f1os despu\u00e9s seguir\u00eda participando en eventos deportivos Y menos que en esta \u00e9poca conquistar\u00eda sus mejores triunfos, a tal grado que hoy forma parte de la Selecci\u00f3n Nacional de Atletismo M\u00e1ster.<\/p>\n<p style=\"text-align: justify;\">Nos referimos a Nolasco Montenegro Zeled\u00f3n, un ingeniero agr\u00f3nomo, quien a la par de su carrera profesional se ha dedicado con pasi\u00f3n y disciplina a forjar su carrera como deportista, de tal forma que no hay torneo dentro o fuera del pa\u00eds que se pierda, situaci\u00f3n que le ha permitido obtener ocho medallas de oro en lo que va del a\u00f1o.<\/p>\n<p style=\"text-align: justify;\">Estos triunfos son el principal aliciente para concentrar todos sus esfuerzos e ilusiones en el Campeonato Mundial de Atletismo M\u00e1ster que se realizar\u00e1 en Sacramento, Estados Unidos, en 2011, en el Campeonato Norte y Centroamericano de Atletismo M\u00e1ster, donde se espera la participaci\u00f3n de 18 pa\u00edses, y en el XV Campeonato Centroamericano M\u00e1ster, que se realizar\u00e1 en noviembre en Costa Rica.<\/p>\n<p style=\"text-align: justify;\">Otra de sus metas es romper el r\u00e9cord nacional de su categor\u00eda (50-54 a\u00f1os) en los 1500 metros planos y que actualmente est\u00e1 en poder del atleta Armando Rivera, quien impuso 4 minutos, 48 segundos en Guatemala en 2005. Pretende adem\u00e1s acercarse al r\u00e9cord centroamericano de 4 minutos, 40 segundos, impuesto por un atleta guatemalteco.<\/p>\n<div class=\"img_caption left\" style=\"text-align: justify; width: 350px;\"><a href=\"https:\/\/elcronistadigital.com\/wp-content\/uploads\/2011\/06\/Nolasco.jpg\"><img loading=\"lazy\" decoding=\"async\" class=\"alignleft size-medium wp-image-2218\" title=\"Nolasco\" src=\"https:\/\/elcronistadigital.com\/wp-content\/uploads\/2011\/06\/Nolasco-300x180.jpg\" alt=\"\" width=\"300\" height=\"180\" srcset=\"https:\/\/elcronistadigital.com\/wp-content\/uploads\/2011\/06\/Nolasco-300x180.jpg 300w, https:\/\/elcronistadigital.com\/wp-content\/uploads\/2011\/06\/Nolasco.jpg 350w\" sizes=\"auto, (max-width: 300px) 100vw, 300px\" \/><\/a>\u00a0<\/div>\n<p class=\"img_caption\" style=\"text-align: justify;\">Nolasco Montenegro saluda a los nicarag\u00fcenses que llegaron a presenciar la actuaci\u00f3n de la Selecci\u00f3n Nacional de Atletismo M\u00e1ster en El Salvador.<\/p>\n<p style=\"text-align: justify;\">\u00a0<\/p>\n<p style=\"text-align: justify;\">El deportista, originario de San Rafael del Norte, Jinotega, cuenta que cuando ten\u00eda 15 a\u00f1os se inici\u00f3 como pitcher en el b\u00e9isbol. \u00abRepresent\u00e9 a Jinotega en tres campeonatos nacionales, dos juveniles y en el primer campeonato \u2018Germ\u00e1n Pomares\u2019, tambi\u00e9n particip\u00e9 en varios campeonatos municipales y departamentales\u00bb.<\/p>\n<p style=\"text-align: justify;\">A\u00f1ade que posteriormente se traslad\u00f3 a Muy Muy, en Matagalpa, donde continu\u00f3 teniendo una participaci\u00f3n destacada en el b\u00e9isbol, como dirigente y jugador de varias ligas, hasta que decidi\u00f3 retirarse en 1997, no sin antes recibir la distinci\u00f3n como Gloria del B\u00e9isbol por parte de la Federaci\u00f3n Municipal de San Rafael del Norte.<\/p>\n<p style=\"text-align: justify;\">Aunque su mayor participaci\u00f3n la ten\u00eda en el b\u00e9isbol, desde 1981 tambi\u00e9n empez\u00f3 a practicar el atletismo, sin asesoramiento t\u00e9cnico, asistiendo de forma irregular a las competencias, debido a la falta de recursos econ\u00f3micos y el tiempo que deb\u00eda dedicar a sus estudios.<\/p>\n<p style=\"text-align: justify;\">Recuerda que a pesar de las dificultades logr\u00f3 participar en la carrera de 15 kil\u00f3metros Tomatoya-Jinotega, en donde se ubic\u00f3 en 5to lugar entre 25 participantes, entre ellos destacados atletas; en dos Repliegues, alcanzando el 27 y 34, respectivamente, entre unos 350 deportistas y en 1983 en el Campeonato Nacional, en donde obtuvo el tercer lugar en los 5 mil metros planos.<\/p>\n<p style=\"text-align: justify;\">Luego de esto, la situaci\u00f3n de la guerra se acrecent\u00f3 en el pa\u00eds y con ello los problemas para los j\u00f3venes de esta \u00e9poca, por lo que tuvo que abandonar una de sus grandes pasiones, el atletismo.<\/p>\n<p style=\"text-align: justify;\">Exitoso retorno como m\u00e1ster<\/p>\n<p style=\"text-align: justify;\">Aunque f\u00edsicamente se hab\u00eda retirado de las competencias, en su mente siempre albergaba la esperanza de retornar a este deporte, as\u00ed que no la pens\u00f3 dos veces cuando en 2001 se enter\u00f3 que los atletas mayores de 35 a\u00f1os pod\u00edan participar en eventos de la Federaci\u00f3n Nacional de Atletismo (FDA).<\/p>\n<p style=\"text-align: justify;\">Su retorno como atleta m\u00e1ster no pudo ser mejor, luego de diez meses intensos de entrenamiento obtuvo una medalla de oro en la categor\u00eda m\u00e1ster y medalla de bronce en la categor\u00eda libre en una carrera de 5 kil\u00f3metros, organizada en honor a la ex atleta Mar\u00eda Antonieta Oc\u00f3n y Presidenta de la FDA, en ese entonces.<\/p>\n<p style=\"text-align: justify;\">Asuntos de trabajo y problemas familiares lo obligaron a retirarse nuevamente, pero en 2008 volvi\u00f3 a los campos de entrenamiento, esta vez para participar en el Torneo Internacional Odorico D\u2019Andrea, donde gan\u00f3 la medalla de plata en la competencia de 10 kil\u00f3metros en la categor\u00eda m\u00e1ster.<\/p>\n<p style=\"text-align: justify;\">\u00abLuego de esta participaci\u00f3n me enter\u00e9 que en Nicaragua exist\u00eda la Asociaci\u00f3n de Atletismo M\u00e1ster y decido participar en el V Campeonato Nacional, el que gano en la categor\u00eda de 50 a 54 a\u00f1os en la prueba de 5 mil metros, con un tiempo de 18 minutos y 44 segundos; mientras que a nivel de todas las categor\u00edas me ubiqu\u00e9 en el tercer lugar.<\/p>\n<p style=\"text-align: justify;\">\u00abGracias a esta actuaci\u00f3n y a Dios, logr\u00e9 ser incluido en la Selecci\u00f3n Nacional para representar al pa\u00eds en XIV Campeonato Centroamericano de Atletismo M\u00e1ster, que se realiz\u00f3 en noviembre de 2009 en El Salvador\u00bb.<\/p>\n<div class=\"img_caption right\" style=\"text-align: justify; width: 350px;\"><a href=\"https:\/\/elcronistadigital.com\/wp-content\/uploads\/2011\/06\/Nolasco-2.jpg\"><img loading=\"lazy\" decoding=\"async\" class=\"alignleft size-medium wp-image-2219\" title=\"Nolasco-2\" src=\"https:\/\/elcronistadigital.com\/wp-content\/uploads\/2011\/06\/Nolasco-2-300x199.jpg\" alt=\"\" width=\"300\" height=\"199\" srcset=\"https:\/\/elcronistadigital.com\/wp-content\/uploads\/2011\/06\/Nolasco-2-300x199.jpg 300w, https:\/\/elcronistadigital.com\/wp-content\/uploads\/2011\/06\/Nolasco-2.jpg 350w\" sizes=\"auto, (max-width: 300px) 100vw, 300px\" \/><\/a>\u00a0<\/div>\n<p class=\"img_caption\" style=\"text-align: justify;\">Con sus tres medallas ganadas en El Campeonato de Atletismo en El Salvador.<\/p>\n<p style=\"text-align: justify;\">\u00a0<\/p>\n<p style=\"text-align: justify;\">Agrega que despu\u00e9s de ganar el Campeonato Nacional particip\u00f3 en un evento de atletismo dedicado al Aniversario de la Polic\u00eda Nacional, en donde compiti\u00f3 con varios j\u00f3venes y obtuvo la medalla de plata en 5000 metros planos. En este evento el comit\u00e9 organizador le entrega una medalla de reconocimiento, mientras que la Federaci\u00f3n Nacional de Atletismo le otorga medalla al m\u00e9rito.<\/p>\n<p style=\"text-align: justify;\">En tanto, los resultados obtenidos en el Campeonato Centroamericano no pudieron ser mejores. El 12 de noviembre arranca la competencia ganando medalla de oro en la prueba a campo traviesa. Al d\u00eda siguiente en los 5 mil metros planos gana otra medalla de oro y el 14 cierra su actuaci\u00f3n en la prueba de 1500 metros planos, con otra medalla de oro.<\/p>\n<p style=\"text-align: justify;\">2010, un a\u00f1o exitoso<\/p>\n<p style=\"text-align: justify;\">Nolasco Montenegro despunta el 2010 ganando medalla de oro en la primera carrera de ruta (15 kil\u00f3metros) con un tiempo de una hora y 7 minutos. \u00abPens\u00e9 que en esta competencia no me ir\u00eda tan bien, ya que no me hab\u00eda recuperado de una peregrinaci\u00f3n al Santuario del Se\u00f1or de Esquipulas, en El Sauce, en la cual camin\u00e9 unos 85 kil\u00f3metros durante 15 horas, esto fue una semana antes de la competencia\u00bb.<\/p>\n<p style=\"text-align: justify;\">La racha de este atleta m\u00e1ster continu\u00f3 en febrero, al ganar medalla de oro en el Campeonato Nacional de Campo traviesa. Luego, en el mismo mes tambi\u00e9n gana los cinco mil metros planos en eI Torneo de Atletismo, en donde adem\u00e1s de mejorar su r\u00e9cord personal de 18 minutos 44 segundos, a 18 minutos, 36 segundos, tambi\u00e9n gan\u00f3 el primer lugar en todas las categor\u00edas m\u00e1ster.<\/p>\n<p style=\"text-align: justify;\">El 20 de marzo nuevamente gana otra medalla de oro en la III Edici\u00f3n del Medio Marat\u00f3n Internacional \u00abSiervo de Dios Odorico D\u2019Andrea in Memoriam 2010\u00bb, realizada en San Rafael del Norte; mientras que en mayo en Managua gana tambi\u00e9n medalla de oro en la primera edici\u00f3n de la Carrera Desaf\u00edo, en la prueba de 5 kil\u00f3metros.<\/p>\n<p style=\"text-align: justify;\">El 23 y 24 de julio cierra sus participaciones de este a\u00f1o con broche de oro, al ganar los tres campeonatos nacionales en su categor\u00eda (50-54 a\u00f1os), al vencer las pruebas de los 800, 1500 y 5000 metros planos.<\/p>\n<p style=\"text-align: justify;\">\u00abAgradezco a Dios y al Padre Odorico por haberme permitido estos triunfos, los que dedico a Nicaragua, a mi querido San Rafael del Norte, a mi departamento Jinotega y a Muy Muy, un pueblo de amigos que durante 20 a\u00f1os ha compartido mis momentos de dolor y de alegr\u00eda, y por supuesto a mis amigos, que no los menciono, porque son muchos y puedo cometer el error de no mencionar a uno. Mi agradecimiento especial al profesor Isaac, quien gentilmente me ha ayudado en mis planes de entrenamiento\u00bb, refiere este deportista sanrafaelino.<\/p>\n","protected":false},"excerpt":{"rendered":"<p>\u00a0\u00a0\u00a0 \u00a0 \u00a0 \u00a0 Nolasco Montenegro (derecha) porta orgulloso la bandera de Nicaragua, luego de ganar tres medallas de oro en el XIV Campeonato Centroamericano realizado a finales del a\u00f1o pasado en El Salvador. Nolasco Montenegro es un agr\u00f3nomo que ha combinado su carrera profesional con la de deportista. A sus 51 a\u00f1os se ha [&hellip;]<\/p>\n","protected":false},"author":1,"featured_media":2217,"comment_status":"open","ping_status":"open","sticky":false,"template":"","format":"standard","meta":{"om_disable_all_campaigns":false,"_monsterinsights_skip_tracking":false,"_monsterinsights_sitenote_active":false,"_monsterinsights_sitenote_note":"","_monsterinsights_sitenote_category":0,"footnotes":""},"categories":[13],"tags":[],"class_list":["post-2216","post","type-post","status-publish","format-standard","has-post-thumbnail","hentry","category-portada"],"aioseo_notices":[],"_links":{"self":[{"href":"https:\/\/elcronistadigital.com\/index.php?rest_route=\/wp\/v2\/posts\/2216","targetHints":{"allow":["GET"]}}],"collection":[{"href":"https:\/\/elcronistadigital.com\/index.php?rest_route=\/wp\/v2\/posts"}],"about":[{"href":"https:\/\/elcronistadigital.com\/index.php?rest_route=\/wp\/v2\/types\/post"}],"author":[{"embeddable":true,"href":"https:\/\/elcronistadigital.com\/index.php?rest_route=\/wp\/v2\/users\/1"}],"replies":[{"embeddable":true,"href":"https:\/\/elcronistadigital.com\/index.php?rest_route=%2Fwp%2Fv2%2Fcomments&post=2216"}],"version-history":[{"count":4,"href":"https:\/\/elcronistadigital.com\/index.php?rest_route=\/wp\/v2\/posts\/2216\/revisions"}],"predecessor-version":[{"id":2223,"href":"https:\/\/elcronistadigital.com\/index.php?rest_route=\/wp\/v2\/posts\/2216\/revisions\/2223"}],"wp:featuredmedia":[{"embeddable":true,"href":"https:\/\/elcronistadigital.com\/index.php?rest_route=\/wp\/v2\/media\/2217"}],"wp:attachment":[{"href":"https:\/\/elcronistadigital.com\/index.php?rest_route=%2Fwp%2Fv2%2Fmedia&parent=2216"}],"wp:term":[{"taxonomy":"category","embeddable":true,"href":"https:\/\/elcronistadigital.com\/index.php?rest_route=%2Fwp%2Fv2%2Fcategories&post=2216"},{"taxonomy":"post_tag","embeddable":true,"href":"https:\/\/elcronistadigital.com\/index.php?rest_route=%2Fwp%2Fv2%2Ftags&post=2216"}],"curies":[{"name":"wp","href":"https:\/\/api.w.org\/{rel}","templated":true}]}}