{"id":22166,"date":"2013-08-26T07:00:04","date_gmt":"2013-08-26T13:00:04","guid":{"rendered":"http:\/\/elcronistadigital.com\/?p=22166"},"modified":"2013-08-26T07:00:05","modified_gmt":"2013-08-26T13:00:05","slug":"no-le-digan-a-mi-madre-filmo-en-nicaragua","status":"publish","type":"post","link":"https:\/\/elcronistadigital.com\/?p=22166","title":{"rendered":"\u00abNo le digan a mi madre\u00bb film\u00f3 en Nicaragua"},"content":{"rendered":"<div id=\"attachment_22167\" style=\"width: 310px\" class=\"wp-caption alignright\"><a href=\"https:\/\/elcronistadigital.com\/?attachment_id=22167\" rel=\"attachment wp-att-22167\"><img loading=\"lazy\" decoding=\"async\" aria-describedby=\"caption-attachment-22167\" class=\"size-medium wp-image-22167\" title=\"Diego Bu\u00f1uel Cerro Negro\" src=\"https:\/\/elcronistadigital.com\/wp-content\/uploads\/2013\/08\/Diego-Bu\u00f1uel-Cerro-Negro-300x168.jpg\" alt=\"\" width=\"300\" height=\"168\" srcset=\"https:\/\/elcronistadigital.com\/wp-content\/uploads\/2013\/08\/Diego-Bu\u00f1uel-Cerro-Negro-300x168.jpg 300w, https:\/\/elcronistadigital.com\/wp-content\/uploads\/2013\/08\/Diego-Bu\u00f1uel-Cerro-Negro-342x192.jpg 342w, https:\/\/elcronistadigital.com\/wp-content\/uploads\/2013\/08\/Diego-Bu\u00f1uel-Cerro-Negro.jpg 620w\" sizes=\"auto, (max-width: 300px) 100vw, 300px\" \/><\/a><p id=\"caption-attachment-22167\" class=\"wp-caption-text\">Diego Bu\u00f1uel en el Cerro Negro, Nicaragua.<\/p><\/div>\n<p>* Presentador se lleva buenos recuerdos de la zona pese a la miseria y algo que recuerda es el deslizamiento por volcanes \u2013Cerro Negro-, en nuestro pa\u00eds<\/p>\n<p>El exitoso programa de NatGeo, No le digan a mi madre, dirigido por Diego Bu\u00f1uel, incluy\u00f3 para su pr\u00f3xima temporada a Nicaragua y otros pa\u00edses centroamericanos, seg\u00fan entrevista que le hicieron al presentador en el diario La Naci\u00f3n.<\/p>\n<p>En su quinta temporada, que arranc\u00f3 el 2 de agosto y que se transmite cada viernes a las 7 de la noche por NatGeo, Diego, nieto del archifamoso director espa\u00f1ol Luis Bu\u00f1uel, contin\u00faa viajando por pa\u00edses en busca de \u00e1ngulos poco conocidos de cada naci\u00f3n.<\/p>\n<p>En esta ocasi\u00f3n se adentra en tierras del istmo y no deja detalle por fuera cuando se trata de su recorrido por Nicaragua, Guatemala, Honduras y El Salvador.<\/p>\n<p>Pobreza e iniciativas<\/p>\n<p>All\u00ed, seg\u00fan narr\u00f3, si bien encontr\u00f3 mucha pobreza, tambi\u00e9n se top\u00f3 con iniciativas de personas que buscan mejorar su entorno. Algunos ejemplos de lo retratado en dicho programa, seg\u00fan el sitio web de NatGeo, incluyen los proyectos de artistas callejeros \u201can\u00f3nimos que transmiten un mensaje de paz\u201d, as\u00ed como de \u201ceco-guerreros\u201d ya sea que porten uniformes militares o que luchen por el medio ambiente \u201cdesliz\u00e1ndose por las laderas de los volcanes\u201d en el cerro Negro de Nicaragua.<\/p>\n<p>Si hay algo que nunca falta en No le digan a mi madre son temas originales y un tono ameno en cada transmisi\u00f3n. \u00bfY c\u00f3mo ser ameno en lugares inmersos en conflictos y guerras? Pues, adem\u00e1s de la actitud amistosa y abierta de Bu\u00f1uel (sin dejarse caer en necedades ni irrespetos), el show tiene la cualidad de nutrirse de los deseos inagotables de la humanidad por salir adelante mientras se vale de la risa y de la solidaridad como medicinas fortalecedoras.<\/p>\n<p>La nota de humor, a pesar de cualquier peligro que pueda surgir durante la filmaci\u00f3n de la serie, comienza con el nombre del programa. Como el mismo presentador recuerda, todo surgi\u00f3 en sus d\u00edas como corresponsal de guerra para la televisi\u00f3n p\u00fablica francesa, puesto que ejerci\u00f3 durante seis a\u00f1os. Seg\u00fan narra, cada vez que sal\u00eda a cubrir una noticia en un pa\u00eds como Iraq, Afganist\u00e1n o el Congo, le ped\u00eda al equipo de producci\u00f3n en Par\u00eds lo siguiente: \u201cNo le digan a mi madre que estoy en\u2026porque eso la pone nerviosa\u201d.<\/p>\n<p>En espa\u00f1ol<\/p>\n<p>Con un castellano seguro pero no desprovisto de faltas de pronunciaci\u00f3n, este cineasta y presentador, de nacionalidad francesa y estadounidense \u2013pero con herencia espa\u00f1ola\u2013, aprovech\u00f3 para anunciar que esta, la quinta temporada, ser\u00e1 la primera en la que narrar\u00e1 los programas en espa\u00f1ol \u2013\u201cen vivo y en directo\u201d y no en ingl\u00e9s \u2013que luego era doblado a la lengua de Cervantes.<\/p>\n<p>Su preferencia por las historias reales es algo que confiesa y no duda en repasar lo aprendido en el programa y durante sus a\u00f1os de periodista por el globo.<\/p>\n<p>&#8211; \u00bfCu\u00e1l es la principal ense\u00f1anza que le ha dejado el programa?<\/p>\n<p>Cuando uno piensa en ciertos lugares ya trae una visi\u00f3n preconcebida, por ejemplo, de que en Afganist\u00e1n solo hay &#8216;barbudos&#8217; y ametralladoras marca Kalashnikov. Sin embargo, con el programa y luego de haber viajado por m\u00e1s de 80 pa\u00edses, me he dado cuenta que nuestros prejuicios, en la mayor\u00eda de los casos, no son ciertos. Eso es lo que persigo: traer abajo esas ideas preconcebidas.<\/p>\n<p>Quiero ense\u00f1arle al televidente las historias que de otra forma no conocer\u00eda sobre determinado lugar pues son aspectos que normalmente no se muestran. Desde mis d\u00edas como corresponsal de guerra, me di cuenta que cuando me enviaban a Congo, Afganist\u00e1n o Iraq era para elaborar el mismo tipo de noticia, enfocado desde un punto de vista similar. Es por eso que con el programa quiero mostrar historias nuevas y que, hasta el momento, no se hayan contado.<\/p>\n<p>\u00bfSu mam\u00e1 ve el programa? Y si lo ve, \u00bfqu\u00e9 piensa de \u00e9l?<\/p>\n<p>S\u00ed lo ve. Sucede que cuando yo era corresponsal de guerra, siempre les advert\u00eda a mis compa\u00f1eros y amigos que no le dijeran a mi madre d\u00f3nde estaba porque se preocupa mucho. Entonces, cuando empezamos con el show, hace seis a\u00f1os, me propusieron la idea de ponerle No le digan a mi madre y acept\u00e9.<\/p>\n<p>Ella lo ve y piensa que su hijo es un genio y que es la mejor producci\u00f3n del mundo (risas). De hecho, ella ten\u00eda un concepto del mundo igual al de cualquier otra persona, es decir, una idea construida a partir de lo que muestra la televisi\u00f3n t\u00edpicamente sobre un lugar determinado, y con la serie ha ido aprendiendo cosas nuevas.<\/p>\n","protected":false},"excerpt":{"rendered":"<p>* Presentador se lleva buenos recuerdos de la zona pese a la miseria y algo que recuerda es el deslizamiento por volcanes \u2013Cerro Negro-, en nuestro pa\u00eds El exitoso programa de NatGeo, No le digan a mi madre, dirigido por Diego Bu\u00f1uel, incluy\u00f3 para su pr\u00f3xima temporada a Nicaragua y otros pa\u00edses centroamericanos, seg\u00fan entrevista [&hellip;]<\/p>\n","protected":false},"author":1,"featured_media":22167,"comment_status":"open","ping_status":"open","sticky":false,"template":"","format":"standard","meta":{"om_disable_all_campaigns":false,"_monsterinsights_skip_tracking":false,"_monsterinsights_sitenote_active":false,"_monsterinsights_sitenote_note":"","_monsterinsights_sitenote_category":0,"footnotes":""},"categories":[3,13],"tags":[],"class_list":["post-22166","post","type-post","status-publish","format-standard","has-post-thumbnail","hentry","category-nacionales","category-portada"],"aioseo_notices":[],"_links":{"self":[{"href":"https:\/\/elcronistadigital.com\/index.php?rest_route=\/wp\/v2\/posts\/22166","targetHints":{"allow":["GET"]}}],"collection":[{"href":"https:\/\/elcronistadigital.com\/index.php?rest_route=\/wp\/v2\/posts"}],"about":[{"href":"https:\/\/elcronistadigital.com\/index.php?rest_route=\/wp\/v2\/types\/post"}],"author":[{"embeddable":true,"href":"https:\/\/elcronistadigital.com\/index.php?rest_route=\/wp\/v2\/users\/1"}],"replies":[{"embeddable":true,"href":"https:\/\/elcronistadigital.com\/index.php?rest_route=%2Fwp%2Fv2%2Fcomments&post=22166"}],"version-history":[{"count":3,"href":"https:\/\/elcronistadigital.com\/index.php?rest_route=\/wp\/v2\/posts\/22166\/revisions"}],"predecessor-version":[{"id":22170,"href":"https:\/\/elcronistadigital.com\/index.php?rest_route=\/wp\/v2\/posts\/22166\/revisions\/22170"}],"wp:featuredmedia":[{"embeddable":true,"href":"https:\/\/elcronistadigital.com\/index.php?rest_route=\/wp\/v2\/media\/22167"}],"wp:attachment":[{"href":"https:\/\/elcronistadigital.com\/index.php?rest_route=%2Fwp%2Fv2%2Fmedia&parent=22166"}],"wp:term":[{"taxonomy":"category","embeddable":true,"href":"https:\/\/elcronistadigital.com\/index.php?rest_route=%2Fwp%2Fv2%2Fcategories&post=22166"},{"taxonomy":"post_tag","embeddable":true,"href":"https:\/\/elcronistadigital.com\/index.php?rest_route=%2Fwp%2Fv2%2Ftags&post=22166"}],"curies":[{"name":"wp","href":"https:\/\/api.w.org\/{rel}","templated":true}]}}