{"id":22171,"date":"2013-08-26T07:04:36","date_gmt":"2013-08-26T13:04:36","guid":{"rendered":"http:\/\/elcronistadigital.com\/?p=22171"},"modified":"2013-08-26T07:04:37","modified_gmt":"2013-08-26T13:04:37","slug":"holguin-llama-a-unidad-de-colombia-contra-fallo-de-la-haya","status":"publish","type":"post","link":"https:\/\/elcronistadigital.com\/?p=22171","title":{"rendered":"Holgu\u00edn llama a unidad de Colombia contra fallo de La Haya"},"content":{"rendered":"<div id=\"attachment_22173\" style=\"width: 310px\" class=\"wp-caption alignleft\"><a href=\"https:\/\/elcronistadigital.com\/?attachment_id=22173\" rel=\"attachment wp-att-22173\"><img loading=\"lazy\" decoding=\"async\" aria-describedby=\"caption-attachment-22173\" class=\"size-medium wp-image-22173\" title=\"Mar\u00eda \u00c1ngela Holgu\u00edn Colombia\" src=\"https:\/\/elcronistadigital.com\/wp-content\/uploads\/2013\/08\/Mar\u00eda-\u00c1ngela-Holgu\u00edn-Colombia1-300x191.jpg\" alt=\"\" width=\"300\" height=\"191\" srcset=\"https:\/\/elcronistadigital.com\/wp-content\/uploads\/2013\/08\/Mar\u00eda-\u00c1ngela-Holgu\u00edn-Colombia1-300x191.jpg 300w, https:\/\/elcronistadigital.com\/wp-content\/uploads\/2013\/08\/Mar\u00eda-\u00c1ngela-Holgu\u00edn-Colombia1-342x217.jpg 342w, https:\/\/elcronistadigital.com\/wp-content\/uploads\/2013\/08\/Mar\u00eda-\u00c1ngela-Holgu\u00edn-Colombia1.jpg 446w\" sizes=\"auto, (max-width: 300px) 100vw, 300px\" \/><\/a><p id=\"caption-attachment-22173\" class=\"wp-caption-text\">Mar\u00eda \u00c1ngela Holgu\u00edn, canciller de Colombia.<\/p><\/div>\n<p>* Gobierno de Juan Manuel Santos contin\u00faa sin definir estrategia, mientras tanto, sigue tambi\u00e9n sin aceptar decisi\u00f3n de Corte de La Haya<\/p>\n<p>Mar\u00eda \u00c1ngela Holgu\u00edn<br \/>\nCanciller de Colombia<\/p>\n<p>Hacerle frente al fallo de la Corte Internacional de Justicia de La Haya sobre la delimitaci\u00f3n mar\u00edtima con Nicaragua es, sin duda, la situaci\u00f3n m\u00e1s dif\u00edcil que el pa\u00eds ha enfrentado en muchas d\u00e9cadas en materia de pol\u00edtica exterior.<\/p>\n<p>No est\u00e1 de m\u00e1s recordar que el actual Gobierno ha debido afrontar el fallo adverso de un proceso que tom\u00f3 once a\u00f1os. En 2007 la Corte reconoci\u00f3 la soberan\u00eda colombiana sobre San Andr\u00e9s y Providencia, pero en su decisi\u00f3n expres\u00f3 adem\u00e1s que el meridiano 82 no era el l\u00edmite mar\u00edtimo y que entrar\u00eda a definirlo. Los colombianos no nos dimos cuenta entonces de la gravedad de la decisi\u00f3n: nos impondr\u00edan un l\u00edmite mar\u00edtimo.<\/p>\n<p>Desde que se conoci\u00f3 el fallo, puedo asegurarle al pa\u00eds que esta ha sido una prioridad absoluta para el Gobierno Nacional. Por lo tanto deseo hacer algunas precisiones y reiterar algunas ideas que los colombianos, hoy m\u00e1s que nunca, debemos tener presentes.<\/p>\n<p>No pod\u00edan dar la espalda<\/p>\n<p>Debo enfatizar que no se van a tomar decisiones precipitadas y mucho menos dar declaraciones sin medir cada una de las palabras que se pronuncien. La contraparte utiliza todas y cada una de las frases que salen de nosotros. Estamos hablando de un complejo tema jur\u00eddico; de la defensa de los derechos de los pobladores; de la promoci\u00f3n del desarrollo y la sostenibilidad ambiental; de la integridad del archipi\u00e9lago y del entendimiento con aquellos pa\u00edses respetuosos de las reglas de convivencia internacional.<br \/>\nSe oyen voces de algunos columnistas, seguramente preocupados, pero mal informados, que expresan que el gobierno Santos ha debido renunciar antes del fallo a la jurisdicci\u00f3n de La Haya para resolver la situaci\u00f3n. La respuesta es muy clara: por la v\u00eda del Pacto de Bogot\u00e1, y una vez iniciado el proceso (llevaba nueve a\u00f1os), la jurisdicci\u00f3n de la Corte era mandatoria para Colombia. Renunciar a esta, en medio del litigio, ser\u00eda como retirarse de un partido de f\u00fatbol poco antes de acabar, desconociendo al \u00e1rbitro. Pierde quien se retira. La Corte habr\u00eda seguido el proceso, con la diferencia de que Colombia no habr\u00eda tenido siquiera la posibilidad de defenderse.<\/p>\n<p>Hecha esta aclaraci\u00f3n, creo que en esta coyuntura es fundamental el papel de los medios de comunicaci\u00f3n y de los analistas. Es importante unirnos en este momento en torno a esta defensa. Ser\u00eda muy positivo, como se ve en otros pa\u00edses, que estas causas unan y fortalezcan la posici\u00f3n del pa\u00eds.<\/p>\n<p>Usurpan aguas<\/p>\n<p>Las eventuales concesiones petroleras por parte de Nicaragua han generado mucha desinformaci\u00f3n. Nicaragua ha otorgado concesiones al occidente del meridiano 82, desde hace ya varios a\u00f1os. Sin embargo, varios medios siguen cayendo en el juego de ese pa\u00eds, que insiste en afirmar lo contrario. El Ministro de Minas y Energ\u00eda de Nicaragua aclar\u00f3 que las concesiones eran en aguas de ese pa\u00eds. Tambi\u00e9n vemos informaci\u00f3n en torno a que la Armada no est\u00e1 en la zona; los barcos de nuestra Armada patrullan la zona para garantizar los derechos de pesca de los pobladores del archipi\u00e9lago y mantener la jurisdicci\u00f3n que ejercemos all\u00ed.<\/p>\n<p>Desde el inicio de este gobierno se ha actuado con prudencia, responsabilidad y seriedad. Se sigui\u00f3 la tradicional pol\u00edtica exterior de Estado. Se decidi\u00f3 mantener la estrategia que nuestros predecesores hab\u00edan dise\u00f1ado y continuar con el equipo conformado casi una d\u00e9cada atr\u00e1s para defender los intereses patrios. No quisiera ni pensar, si hubi\u00e9ramos cambiado algo, c\u00f3mo nos estar\u00edan culpando.<\/p>\n<p>Muchos colombianos preocupados y angustiados nos han dado sus opiniones, sus interpretaciones y posibles soluciones. Hemos escuchado todas las voces, y todas ellas las hemos trasmitido a los abogados para su estudio jur\u00eddico.<\/p>\n<p>El anuncio pendiente<\/p>\n<p>Tenemos muy claro que es necesario defender la integridad del archipi\u00e9lago, los derechos de pesca de los pobladores locales \u2013tal como los han ejercido por m\u00faltiples generaciones\u2013 y la reserva de biosfera Seaflower, que la Unesco defini\u00f3 en 2005. Pero tambi\u00e9n tenemos claro que es necesario actuar con precisi\u00f3n y gran responsabilidad, sin la ligereza y falta de rigor jur\u00eddico con la que algunos opinan.<\/p>\n<p>El presidente Santos anunciar\u00e1, en el curso de los pr\u00f3ximos d\u00edas, las decisiones que el Gobierno ha tomado. Lo anterior, tras un juicioso proceso en el cual se ha escuchado a un amplio grupo de expertos nacionales y extranjeros de diversas especialidades. El Gobierno tiene como prioridad proteger los derechos de los colombianos y hacer respetar la Constituci\u00f3n.<\/p>\n<p>Nos toc\u00f3 la parte m\u00e1s dif\u00edcil de este proceso: hacerle frente a un fallo desafortunado y de dif\u00edcil implementaci\u00f3n. Seguiremos sin descanso promoviendo el desarrollo y la prosperidad del archipi\u00e9lago y el bienestar de sus pobladores, as\u00ed como defendiendo los distintos derechos que ejercemos en el mar.<\/p>\n<p>La defensa de los derechos de los colombianos es un tema que debe estar por encima de las diferencias pol\u00edticas, personales y sociales. Unidad es lo que necesitamos para hacer frente al fallo de La Haya.<\/p>\n<p>Especial para El Tiempo.<\/p>\n","protected":false},"excerpt":{"rendered":"<p>* Gobierno de Juan Manuel Santos contin\u00faa sin definir estrategia, mientras tanto, sigue tambi\u00e9n sin aceptar decisi\u00f3n de Corte de La Haya Mar\u00eda \u00c1ngela Holgu\u00edn Canciller de Colombia Hacerle frente al fallo de la Corte Internacional de Justicia de La Haya sobre la delimitaci\u00f3n mar\u00edtima con Nicaragua es, sin duda, la situaci\u00f3n m\u00e1s dif\u00edcil que [&hellip;]<\/p>\n","protected":false},"author":1,"featured_media":22173,"comment_status":"open","ping_status":"open","sticky":false,"template":"","format":"standard","meta":{"om_disable_all_campaigns":false,"_monsterinsights_skip_tracking":false,"_monsterinsights_sitenote_active":false,"_monsterinsights_sitenote_note":"","_monsterinsights_sitenote_category":0,"footnotes":""},"categories":[3,13],"tags":[],"class_list":["post-22171","post","type-post","status-publish","format-standard","has-post-thumbnail","hentry","category-nacionales","category-portada"],"aioseo_notices":[],"_links":{"self":[{"href":"https:\/\/elcronistadigital.com\/index.php?rest_route=\/wp\/v2\/posts\/22171","targetHints":{"allow":["GET"]}}],"collection":[{"href":"https:\/\/elcronistadigital.com\/index.php?rest_route=\/wp\/v2\/posts"}],"about":[{"href":"https:\/\/elcronistadigital.com\/index.php?rest_route=\/wp\/v2\/types\/post"}],"author":[{"embeddable":true,"href":"https:\/\/elcronistadigital.com\/index.php?rest_route=\/wp\/v2\/users\/1"}],"replies":[{"embeddable":true,"href":"https:\/\/elcronistadigital.com\/index.php?rest_route=%2Fwp%2Fv2%2Fcomments&post=22171"}],"version-history":[{"count":3,"href":"https:\/\/elcronistadigital.com\/index.php?rest_route=\/wp\/v2\/posts\/22171\/revisions"}],"predecessor-version":[{"id":22176,"href":"https:\/\/elcronistadigital.com\/index.php?rest_route=\/wp\/v2\/posts\/22171\/revisions\/22176"}],"wp:featuredmedia":[{"embeddable":true,"href":"https:\/\/elcronistadigital.com\/index.php?rest_route=\/wp\/v2\/media\/22173"}],"wp:attachment":[{"href":"https:\/\/elcronistadigital.com\/index.php?rest_route=%2Fwp%2Fv2%2Fmedia&parent=22171"}],"wp:term":[{"taxonomy":"category","embeddable":true,"href":"https:\/\/elcronistadigital.com\/index.php?rest_route=%2Fwp%2Fv2%2Fcategories&post=22171"},{"taxonomy":"post_tag","embeddable":true,"href":"https:\/\/elcronistadigital.com\/index.php?rest_route=%2Fwp%2Fv2%2Ftags&post=22171"}],"curies":[{"name":"wp","href":"https:\/\/api.w.org\/{rel}","templated":true}]}}