{"id":22177,"date":"2013-08-26T07:09:49","date_gmt":"2013-08-26T13:09:49","guid":{"rendered":"http:\/\/elcronistadigital.com\/?p=22177"},"modified":"2013-08-26T07:09:49","modified_gmt":"2013-08-26T13:09:49","slug":"nacio-en-nicaragua-vivio-en-costa-rica-y-es-de-usa","status":"publish","type":"post","link":"https:\/\/elcronistadigital.com\/?p=22177","title":{"rendered":"Naci\u00f3 en Nicaragua, vivi\u00f3 en Costa Rica y es de USA"},"content":{"rendered":"<div id=\"attachment_22178\" style=\"width: 310px\" class=\"wp-caption alignleft\"><a href=\"https:\/\/elcronistadigital.com\/?attachment_id=22178\" rel=\"attachment wp-att-22178\"><img loading=\"lazy\" decoding=\"async\" aria-describedby=\"caption-attachment-22178\" class=\"size-medium wp-image-22178\" title=\"Tatiana Estrada\" src=\"https:\/\/elcronistadigital.com\/wp-content\/uploads\/2013\/08\/Tatiana-Estrada-300x197.jpg\" alt=\"\" width=\"300\" height=\"197\" srcset=\"https:\/\/elcronistadigital.com\/wp-content\/uploads\/2013\/08\/Tatiana-Estrada-300x197.jpg 300w, https:\/\/elcronistadigital.com\/wp-content\/uploads\/2013\/08\/Tatiana-Estrada-342x225.jpg 342w, https:\/\/elcronistadigital.com\/wp-content\/uploads\/2013\/08\/Tatiana-Estrada.jpg 646w\" sizes=\"auto, (max-width: 300px) 100vw, 300px\" \/><\/a><p id=\"caption-attachment-22178\" class=\"wp-caption-text\">Tatiana Estrada en Barcelona.<\/p><\/div>\n<p>* Tatiana Estrada es fot\u00f3grafa y peluquera en Barcelona. Su peluquer\u00eda se llama Strada, como el filme de Fellini<\/p>\n<p>Catalina Gay\u00e1<br \/>\nelperi\u00f3dico.com<\/p>\n<p>-Me inici\u00e9 como peluquera a los 17 a\u00f1os. Entonces viv\u00eda en Costa Rica y estudiaba Turismo, pero no me gustaba. Le dije a mi madre que ser\u00eda peluquera y me envi\u00f3 a Miami a vivir con mis abuelos para que pudiera estudiar en Estados Unidos.<\/p>\n<p>-Espere, \u00bfd\u00f3nde naci\u00f3?<\/p>\n<p>-Nac\u00ed en Nicaragua, pero tengo nacionalidad estadounidense. Fui criada entre Miami y Los \u00c1ngeles. Tuvimos que irnos de Nicaragua por la revoluci\u00f3n.<\/p>\n<p>-Ya sab\u00eda yo que no ser\u00eda tan sencillo.<\/p>\n<p>-Mi madre es costarricense y hace 20 a\u00f1os decidi\u00f3 volver a Costa Rica por eso empec\u00e9 Turismo ah\u00ed. Mi padre es nicarag\u00fcense, pero a los 17 a\u00f1os se fue a vivir a EEUU, as\u00ed que cuando nacimos ya \u00e9ramos estadounidenses. Mis padres eran muy inquietos, se mudaban mucho. Le pongo un ejemplo: mi hermana mayor naci\u00f3 en San Francisco; yo, en Nicaragua, y mi hermano, en Miami. A veces, hasta yo misma me confundo con los lugares y con las fechas.<\/p>\n<p>-\u00bfC\u00f3mo integra todas sus identidades?<\/p>\n<p>-Lo siento como algo natural. Mi madre tiene 20 carreras diferentes y ha vivido en 20 lugares. Y yo no me siento ni ciento por ciento estadounidense ni costarricense ni fot\u00f3grafa ni peluquera. Soy un poco de todo.<\/p>\n<p>-Regresemos a la peluquer\u00eda.<\/p>\n<p>-Trabaj\u00e9 durante 10 a\u00f1os como peluquera. Primero en peluquer\u00edas de lujo en Miami y, m\u00e1s tarde, abr\u00ed mi propia peluquer\u00eda en Costa Rica. Y, despu\u00e9s de una d\u00e9cada, sent\u00ed que quer\u00eda hacer otra cosa.<\/p>\n<p>-E imagino que aqu\u00ed entra la fotograf\u00eda.<\/p>\n<p>-Siempre me fascinaron el cine y la fotograf\u00eda, as\u00ed que decid\u00ed estudiar fotograf\u00eda en Costa Rica. Para entonces, ya me hab\u00eda casado con un marine estadounidense y ya me hab\u00eda divorciado.<\/p>\n<p>-\u00bfCu\u00e1ntos a\u00f1os tiene?<\/p>\n<p>-[Se r\u00ede] Nac\u00ed en 1974. Me cas\u00e9 a los 19 y me divorci\u00e9 a los 22.<\/p>\n<p>-\u00bfY se dedic\u00f3 a la fotograf\u00eda?<\/p>\n<p>-Claro, durante 10 a\u00f1os. Estuve dos a\u00f1os en Costa Rica, donde tengo una colecci\u00f3n permanente, y luego, vine a Barcelona. En Costa Rica, viv\u00eda de la fotograf\u00eda. Aqu\u00ed expuse mucho. Estuve dos veces en el CCCB con muestras colectivas. Y abr\u00ed mi propio estudio y me dedicaba al fashion.<\/p>\n<p>-\u00bfPor qu\u00e9 vino a Barcelona?<\/p>\n<p>-Vine por amor, estaba con una pareja y quer\u00edamos estudiar cine. Fue \u00e9l quien decidi\u00f3 que ser\u00eda Barcelona porque yo no sab\u00eda nada de esta ciudad. \u00a1No hab\u00eda visto ni fotos! Me lanc\u00e9 a lo desconocido y sal\u00ed enamorada de Barcelona.<\/p>\n<p>-\u00bfC\u00f3mo regresa a la peluquer\u00eda?<\/p>\n<p>-Cuando cort\u00e9 con la pareja con la que vine, regres\u00e9 a Miami, pero me di cuenta de que no ten\u00eda nada en com\u00fan con Miami. Aunque no ten\u00eda dinero para hacer otra mudanza, regres\u00e9. Mi madre dice que el que no arriesga no gana. \u00a1Hace poco m\u00e1s de dos a\u00f1os y vine con 50 euros en la cartera!<\/p>\n<p>-\u00bfC\u00f3mo se las arregl\u00f3?<\/p>\n<p>-Decid\u00ed sacrificarlo todo. Quer\u00eda intentarlo sola. Al principio, tuve que limpiar casas. Mi madre me ense\u00f1\u00f3 a no ser tan orgullosa como para no poder poner comida en la mesa y tener un techo&#8230; y aqu\u00ed estamos. Me qued\u00e9 en casa de un amigo, no sab\u00eda qu\u00e9 hacer, pero era por puro amor de querer estar aqu\u00ed.<\/p>\n<p>-Entonces&#8230;<\/p>\n<p>-Estaba perdiendo mi negocio de fotograf\u00eda porque la gente ya no pod\u00eda pagar y era un estr\u00e9s terrible buscar clientes. Me puse a trabajar en una peluquer\u00eda, pero nos echaron a todos. No nos pagaban y est\u00e1bamos hartos de que nos trataran mal con la excusa de la crisis. Pens\u00e9 que siempre hab\u00eda sido muy exitosa en la peluquer\u00eda e hice un plan de negocios. Y fui tocando puertas: la familia, los amigos y el banco me prestaron dinero. Es un milagro que est\u00e9 aqu\u00ed. A veces miro hacia atr\u00e1s y pienso: \u00bfC\u00f3mo lo hice?<\/p>\n<p>-\u00bfQu\u00e9 planes tiene ahora?<\/p>\n<p>-Ahora siento que quiero estabilidad por primera vez en mi vida. Quiero echar ra\u00edces aqu\u00ed y estoy muy, muy enamorada de un catal\u00e1n.<\/p>\n","protected":false},"excerpt":{"rendered":"<p>* Tatiana Estrada es fot\u00f3grafa y peluquera en Barcelona. Su peluquer\u00eda se llama Strada, como el filme de Fellini Catalina Gay\u00e1 elperi\u00f3dico.com -Me inici\u00e9 como peluquera a los 17 a\u00f1os. Entonces viv\u00eda en Costa Rica y estudiaba Turismo, pero no me gustaba. Le dije a mi madre que ser\u00eda peluquera y me envi\u00f3 a Miami [&hellip;]<\/p>\n","protected":false},"author":1,"featured_media":22178,"comment_status":"open","ping_status":"open","sticky":false,"template":"","format":"standard","meta":{"om_disable_all_campaigns":false,"_monsterinsights_skip_tracking":false,"_monsterinsights_sitenote_active":false,"_monsterinsights_sitenote_note":"","_monsterinsights_sitenote_category":0,"footnotes":""},"categories":[3,13],"tags":[],"class_list":["post-22177","post","type-post","status-publish","format-standard","has-post-thumbnail","hentry","category-nacionales","category-portada"],"aioseo_notices":[],"_links":{"self":[{"href":"https:\/\/elcronistadigital.com\/index.php?rest_route=\/wp\/v2\/posts\/22177","targetHints":{"allow":["GET"]}}],"collection":[{"href":"https:\/\/elcronistadigital.com\/index.php?rest_route=\/wp\/v2\/posts"}],"about":[{"href":"https:\/\/elcronistadigital.com\/index.php?rest_route=\/wp\/v2\/types\/post"}],"author":[{"embeddable":true,"href":"https:\/\/elcronistadigital.com\/index.php?rest_route=\/wp\/v2\/users\/1"}],"replies":[{"embeddable":true,"href":"https:\/\/elcronistadigital.com\/index.php?rest_route=%2Fwp%2Fv2%2Fcomments&post=22177"}],"version-history":[{"count":3,"href":"https:\/\/elcronistadigital.com\/index.php?rest_route=\/wp\/v2\/posts\/22177\/revisions"}],"predecessor-version":[{"id":22181,"href":"https:\/\/elcronistadigital.com\/index.php?rest_route=\/wp\/v2\/posts\/22177\/revisions\/22181"}],"wp:featuredmedia":[{"embeddable":true,"href":"https:\/\/elcronistadigital.com\/index.php?rest_route=\/wp\/v2\/media\/22178"}],"wp:attachment":[{"href":"https:\/\/elcronistadigital.com\/index.php?rest_route=%2Fwp%2Fv2%2Fmedia&parent=22177"}],"wp:term":[{"taxonomy":"category","embeddable":true,"href":"https:\/\/elcronistadigital.com\/index.php?rest_route=%2Fwp%2Fv2%2Fcategories&post=22177"},{"taxonomy":"post_tag","embeddable":true,"href":"https:\/\/elcronistadigital.com\/index.php?rest_route=%2Fwp%2Fv2%2Ftags&post=22177"}],"curies":[{"name":"wp","href":"https:\/\/api.w.org\/{rel}","templated":true}]}}