{"id":22192,"date":"2013-08-26T12:26:17","date_gmt":"2013-08-26T18:26:17","guid":{"rendered":"http:\/\/elcronistadigital.com\/?p=22192"},"modified":"2013-08-26T12:26:17","modified_gmt":"2013-08-26T18:26:17","slug":"230-millones-de-dolares-europeos-para-energias-renovables","status":"publish","type":"post","link":"https:\/\/elcronistadigital.com\/?p=22192","title":{"rendered":"230 millones de d\u00f3lares europeos para energ\u00edas renovables"},"content":{"rendered":"<p><a href=\"https:\/\/elcronistadigital.com\/?attachment_id=22193\" rel=\"attachment wp-att-22193\"><img loading=\"lazy\" decoding=\"async\" class=\"alignleft size-medium wp-image-22193\" title=\"Energ\u00eda e\u00f3lica carretera a Sapo\u00e1\" src=\"https:\/\/elcronistadigital.com\/wp-content\/uploads\/2013\/08\/Energ\u00eda-e\u00f3lica-carretera-a-Sapo\u00e1-300x232.jpg\" alt=\"\" width=\"300\" height=\"232\" srcset=\"https:\/\/elcronistadigital.com\/wp-content\/uploads\/2013\/08\/Energ\u00eda-e\u00f3lica-carretera-a-Sapo\u00e1-300x232.jpg 300w, https:\/\/elcronistadigital.com\/wp-content\/uploads\/2013\/08\/Energ\u00eda-e\u00f3lica-carretera-a-Sapo\u00e1-342x265.jpg 342w, https:\/\/elcronistadigital.com\/wp-content\/uploads\/2013\/08\/Energ\u00eda-e\u00f3lica-carretera-a-Sapo\u00e1-60x45.jpg 60w, https:\/\/elcronistadigital.com\/wp-content\/uploads\/2013\/08\/Energ\u00eda-e\u00f3lica-carretera-a-Sapo\u00e1.jpg 540w\" sizes=\"auto, (max-width: 300px) 100vw, 300px\" \/><\/a>* Favorecidos seis pa\u00edses de Centroam\u00e9rica y facilitar\u00e1 la inversi\u00f3n de m\u00e1s de US$ 500 millones en la regi\u00f3n<\/p>\n<p>Seis pa\u00edses de la regi\u00f3n (Honduras, Nicaragua, El Salvador, Guatemala, Costa Rica y Panam\u00e1), recibir\u00e1n una financiaci\u00f3n de 230 millones de d\u00f3lares para proyectos de energ\u00eda renovable a trav\u00e9s del Banco Europeo de Inversiones (BEI), la instituci\u00f3n de financiaci\u00f3n a largo plazo de Europa.<\/p>\n<p>Este programa de inversiones est\u00e1 desarrollado conjuntamente con el Banco Centroamericano de Integraci\u00f3n Econ\u00f3mica (BCIE), y facilitar\u00e1 la inversi\u00f3n de m\u00e1s de 500 millones de d\u00f3lares.<\/p>\n<p>El programa, similar al implementado en 2011 por el BEI y el BCIE en Costa Rica y en el que se invirti\u00f3 en energ\u00eda hidroel\u00e9ctrica, pretende facilitar la inversi\u00f3n tanto p\u00fablica como privada en proyectos de energ\u00eda renovable y de eficiencia energ\u00e9tica, y que cumplan con las normas medioambientales y sociales pertinentes.<\/p>\n<p>Seg\u00fan la vicepresidenta del BEI, responsable de la financiaci\u00f3n para los pa\u00edses de Am\u00e9rica Latina, Magdalena \u00c1lvarez Arza, \u00abes necesaria una inversi\u00f3n considerable para aprovechar el potencial de la energ\u00eda renovable y hacer un uso m\u00e1s eficiente de la energ\u00eda; todo ello permitir\u00e1 reducir las emisiones de carbono y proporcionar\u00e1 la energ\u00eda esencial para el crecimiento econ\u00f3mico\u00bb.<\/p>\n<p>\u00abEl Banco Europeo de Inversiones -asegur\u00f3 \u00c1lvarez Arza- est\u00e1 comprometido a apoyar la inversi\u00f3n a largo plazo en energ\u00edas sostenibles en todo el mundo y a movilizar la inversi\u00f3n en energ\u00edas con bajas emisiones de carbono en Am\u00e9rica Central. Contamos con una trayectoria s\u00f3lida de colaboraci\u00f3n con el Banco Centroamericano de Integraci\u00f3n Econ\u00f3mica y esperamos continuar esta colaboraci\u00f3n en beneficio de las inversiones en la regi\u00f3n\u201d.<\/p>\n<p>Por su parte, el presidente ejecutivo del BCIE, Nick Rischbieth, dijo que \u201cen nuestra condici\u00f3n de principal fuente de financiaci\u00f3n multilateral en la regi\u00f3n, y como brazo financiero de la integraci\u00f3n centroamericana, estamos muy satisfechos con el aumento de nuestra colaboraci\u00f3n con el BEI en el marco de nuestro objetivo compartido de promover las inversiones en energ\u00eda renovable y en eficiencia energ\u00e9tica como motores del crecimiento sostenible y equilibrado en nuestros pa\u00edses miembros beneficiarios\u201d.<\/p>\n<p>El Banco Europeo de Inversiones ya ha aportado m\u00e1s de 7,6 mil millones de d\u00f3lares para proyectos de inversi\u00f3n a largo plazo, de los que se han destinado al sector energ\u00e9tico m\u00e1s 2,5 mil millones de d\u00f3lares, casi un 35% del total.<\/p>\n","protected":false},"excerpt":{"rendered":"<p>* Favorecidos seis pa\u00edses de Centroam\u00e9rica y facilitar\u00e1 la inversi\u00f3n de m\u00e1s de US$ 500 millones en la regi\u00f3n Seis pa\u00edses de la regi\u00f3n (Honduras, Nicaragua, El Salvador, Guatemala, Costa Rica y Panam\u00e1), recibir\u00e1n una financiaci\u00f3n de 230 millones de d\u00f3lares para proyectos de energ\u00eda renovable a trav\u00e9s del Banco Europeo de Inversiones (BEI), la [&hellip;]<\/p>\n","protected":false},"author":1,"featured_media":22193,"comment_status":"open","ping_status":"open","sticky":false,"template":"","format":"standard","meta":{"om_disable_all_campaigns":false,"_monsterinsights_skip_tracking":false,"_monsterinsights_sitenote_active":false,"_monsterinsights_sitenote_note":"","_monsterinsights_sitenote_category":0,"footnotes":""},"categories":[3],"tags":[],"class_list":["post-22192","post","type-post","status-publish","format-standard","has-post-thumbnail","hentry","category-nacionales"],"aioseo_notices":[],"_links":{"self":[{"href":"https:\/\/elcronistadigital.com\/index.php?rest_route=\/wp\/v2\/posts\/22192","targetHints":{"allow":["GET"]}}],"collection":[{"href":"https:\/\/elcronistadigital.com\/index.php?rest_route=\/wp\/v2\/posts"}],"about":[{"href":"https:\/\/elcronistadigital.com\/index.php?rest_route=\/wp\/v2\/types\/post"}],"author":[{"embeddable":true,"href":"https:\/\/elcronistadigital.com\/index.php?rest_route=\/wp\/v2\/users\/1"}],"replies":[{"embeddable":true,"href":"https:\/\/elcronistadigital.com\/index.php?rest_route=%2Fwp%2Fv2%2Fcomments&post=22192"}],"version-history":[{"count":3,"href":"https:\/\/elcronistadigital.com\/index.php?rest_route=\/wp\/v2\/posts\/22192\/revisions"}],"predecessor-version":[{"id":22196,"href":"https:\/\/elcronistadigital.com\/index.php?rest_route=\/wp\/v2\/posts\/22192\/revisions\/22196"}],"wp:featuredmedia":[{"embeddable":true,"href":"https:\/\/elcronistadigital.com\/index.php?rest_route=\/wp\/v2\/media\/22193"}],"wp:attachment":[{"href":"https:\/\/elcronistadigital.com\/index.php?rest_route=%2Fwp%2Fv2%2Fmedia&parent=22192"}],"wp:term":[{"taxonomy":"category","embeddable":true,"href":"https:\/\/elcronistadigital.com\/index.php?rest_route=%2Fwp%2Fv2%2Fcategories&post=22192"},{"taxonomy":"post_tag","embeddable":true,"href":"https:\/\/elcronistadigital.com\/index.php?rest_route=%2Fwp%2Fv2%2Ftags&post=22192"}],"curies":[{"name":"wp","href":"https:\/\/api.w.org\/{rel}","templated":true}]}}