{"id":22197,"date":"2013-08-26T15:44:34","date_gmt":"2013-08-26T21:44:34","guid":{"rendered":"http:\/\/elcronistadigital.com\/?p=22197"},"modified":"2013-08-26T15:44:47","modified_gmt":"2013-08-26T21:44:47","slug":"abogado-asesor-de-santos-termina-mal-por-bocon","status":"publish","type":"post","link":"https:\/\/elcronistadigital.com\/?p=22197","title":{"rendered":"Abogado asesor de Santos termina mal por \u00abboc\u00f3n\u00bb"},"content":{"rendered":"<div id=\"attachment_22199\" style=\"width: 310px\" class=\"wp-caption alignleft\"><a href=\"https:\/\/elcronistadigital.com\/?attachment_id=22199\" rel=\"attachment wp-att-22199\"><img loading=\"lazy\" decoding=\"async\" aria-describedby=\"caption-attachment-22199\" class=\"size-medium wp-image-22199\" title=\"Mapa de nicaragua\" src=\"https:\/\/elcronistadigital.com\/wp-content\/uploads\/2013\/08\/Mapa-de-nicaragua-300x300.jpg\" alt=\"\" width=\"300\" height=\"300\" srcset=\"https:\/\/elcronistadigital.com\/wp-content\/uploads\/2013\/08\/Mapa-de-nicaragua-300x300.jpg 300w, https:\/\/elcronistadigital.com\/wp-content\/uploads\/2013\/08\/Mapa-de-nicaragua-150x150.jpg 150w, https:\/\/elcronistadigital.com\/wp-content\/uploads\/2013\/08\/Mapa-de-nicaragua-50x50.jpg 50w, https:\/\/elcronistadigital.com\/wp-content\/uploads\/2013\/08\/Mapa-de-nicaragua-342x342.jpg 342w, https:\/\/elcronistadigital.com\/wp-content\/uploads\/2013\/08\/Mapa-de-nicaragua-70x70.jpg 70w, https:\/\/elcronistadigital.com\/wp-content\/uploads\/2013\/08\/Mapa-de-nicaragua-55x55.jpg 55w, https:\/\/elcronistadigital.com\/wp-content\/uploads\/2013\/08\/Mapa-de-nicaragua.jpg 403w\" sizes=\"auto, (max-width: 300px) 100vw, 300px\" \/><\/a><p id=\"caption-attachment-22199\" class=\"wp-caption-text\">Colombia sigue en crisis tras el fallo de La Haya en noviembre de 2012.<\/p><\/div>\n<p>* Es uno de los que pondera consejo de Uribe de poner barcos de guerra en meridiano 82 para impedir que Nicaragua tenga acceso a aguas que le devolvi\u00f3 La Haya y que dijo que fallo es \u00abinaplicable\u00bb<\/p>\n<p>Una fuerte divisi\u00f3n qued\u00f3 en evidencia entre la canciller Mar\u00eda \u00c1ngela Holgu\u00edn y el abogado Juan Daniel Jaramillo, ex asesor del Gobierno Nacional en el proceso de litigio con Nicaragua, seg\u00fan la radio colombiana RCN.<\/p>\n<p>Mientras la ministra Holgu\u00edn calific\u00f3 de desafortunado que el abogado Jaramillo se pronunciara frente a este tema antes de existir una postura oficial de parte del presidente Juan Manuel Santos, el jurista indic\u00f3 que tuvo serias discrepancias con la funcionaria \u00abpor ineficiente\u00bb.<\/p>\n<p>La Canciller dijo que \u00abquisiera que muchos de los que tienen tanto que decir esperaran al pronunciamiento del presidente Juan Manuel Santos, quien va a fijar la posici\u00f3n y yo creo que esa es la posici\u00f3n que cuenta\u00bb.<\/p>\n<p>Sostuvo que \u00aben cuanto a Jaramillo uno esperar\u00eda que las personas que estuvieron vinculadas contractualmente con el Gobierno para este tema por lo menos esperara a que el Presidente se pronunciara antes de salir a dar sus opiniones\u00bb.<\/p>\n<p>La reacci\u00f3n de la Canciller se produjo luego de las declaraciones entregadas por el abogado Jaramillo al diario El Tiempo, donde asegur\u00f3 que el fallo de La Haya, donde Colombia perdi\u00f3 parte del mar Caribe, es \u00abinaplicable\u00bb, argumentando que hubo \u00abequivocaciones de buena fe\u00bb en el manejo de este proceso por parte de gobiernos anteriores.<\/p>\n<p>\u00abMe parece desafortunado que antes de que salga el presidente Juan Manuel santos, quien lo har\u00e1 en unos d\u00edas, el doctor Jaramillo se pronuncie (\u2026) si hay una cl\u00e1usula de confidencialidad y la tiene el contrato y \u00e9l siendo un abogado que tiene este tipo de contratos, me imagino que lo conoce\u00bb, agreg\u00f3.<\/p>\n<p>De igual forma, Holgu\u00edn sostuvo que la posici\u00f3n expansionista adoptada por el Gobierno de Nicaragua \u00abde querer pasar por encima todo es complicada. Lo que est\u00e1 haciendo con Costa Rica, el tema de la plataforma continental extendida que pasa por Jamaica, Panam\u00e1, Costa Rica y Colombia no deja que el ambiente sea f\u00e1cil para tener cualquier tipo de conversaci\u00f3n\u00bb.<\/p>\n<p>Enfatiz\u00f3 que de todas maneras es muy importante tener un di\u00e1logo productivo con Nicaragua, teniendo en cuenta que se comparte con ese pa\u00eds la frontera y que adem\u00e1s existen temas de seguridad y de medio ambiente que se deben trabajar de manera conjunta.<\/p>\n<p>Abogado califica de ineficiente a la Canciller<\/p>\n<p>Por su parte, el abogado Juan Daniel Jaramillo, ex integrante del grupo de abogados que asesor\u00f3 a Colombia en el caso del fallo de La Haya, dijo que \u00abtuve serias discrepancias con la Canciller por ineficiente\u00bb al dejar en evidencia las tensiones internas en el dise\u00f1o de la estrategia de defensa.<\/p>\n<p>El jurista, quien hasta el pasado viernes hizo parte del equipo jur\u00eddico del Gobierno, revel\u00f3 que \u00abhubo fallas en la organizaci\u00f3n interna del grupo de abogados\u00bb.<\/p>\n<p>Sobre la molestia de la Canciller por sus declaraciones p\u00fablicas en torno a la respuesta que prepara el Gobierno ante el fallo sobre San Andr\u00e9s, el abogado afirm\u00f3 en tono categ\u00f3rico que \u00abla Ministra de Relaciones Exteriores no me va a prohibir hablar como acad\u00e9mico que soy. Ella no es due\u00f1a de la jurisprudencia de la Corte Internacional de Justicia\u00bb.<\/p>\n<p>La dura respuesta del abogado Jaramillo surgi\u00f3 despu\u00e9s de que Holgu\u00edn considerara que el ex asesor ha violado una cl\u00e1usula de confidencialidad pactada con los abogados que asesoraron al Gobierno en el delicado proceso.<\/p>\n<p>A la pregunta sobre si ya se siente liberado de la cl\u00e1usula de confidencialidad, Jaramillo respondi\u00f3: \u00abTotalmente\u00bb. Agreg\u00f3 que publicar\u00e1 pr\u00f3ximamente un libro con revelaciones sobre las reuniones sostenidas con el Gobierno para trazar la l\u00ednea de defensa ante el fallo que le entreg\u00f3 m\u00e1s de 70 mil kil\u00f3metros cuadrados de mar a Nicaragua.<\/p>\n<p>Anticip\u00f3 que las discrepancias con la ministra Holgu\u00edn vienen de tiempo atr\u00e1s. \u00abTuve la oportunidad de hablar personalmente con la Ministra sobre las discrepancias, de manera que har\u00e9 conocer las discrepancias en su momento oportuno\u00bb.<\/p>\n<p>Sobre el contenido de la sentencia y su aplicabilidad, el abogado sostuvo que \u00abel fallo es inaplicable porque va en contrav\u00eda de sentencias de la propia Corte sobre delimitaci\u00f3n mar\u00edtima\u00bb.<\/p>\n<p>Dijo adem\u00e1s que no tuvo en cuenta \u00ablos derechos hist\u00f3ricos de pesca que han sido avalados por la CIJ en numerosas ocasiones, especialmente en pa\u00edses pesqueros del Atl\u00e1ntico Norte y esto ha sido desconocido en el actual fallo. Ignora el derecho del mar en caso de territorios insulares\u00bb.<\/p>\n<p>Adem\u00e1s aconsej\u00f3 tomar en consideraci\u00f3n recomendaci\u00f3n de ex presidente \u00c1lvaro Uribe, en torno a poner buques de guerra durante 40 a\u00f1os en el meridiano 82 para evitar que Nicaragua tome posesi\u00f3n de las aguas del mar Caribe que le devolvi\u00f3 La Haya.<\/p>\n","protected":false},"excerpt":{"rendered":"<p>* Es uno de los que pondera consejo de Uribe de poner barcos de guerra en meridiano 82 para impedir que Nicaragua tenga acceso a aguas que le devolvi\u00f3 La Haya y que dijo que fallo es \u00abinaplicable\u00bb Una fuerte divisi\u00f3n qued\u00f3 en evidencia entre la canciller Mar\u00eda \u00c1ngela Holgu\u00edn y el abogado Juan Daniel [&hellip;]<\/p>\n","protected":false},"author":1,"featured_media":22199,"comment_status":"open","ping_status":"open","sticky":false,"template":"","format":"standard","meta":{"om_disable_all_campaigns":false,"_monsterinsights_skip_tracking":false,"_monsterinsights_sitenote_active":false,"_monsterinsights_sitenote_note":"","_monsterinsights_sitenote_category":0,"footnotes":""},"categories":[3,13],"tags":[],"class_list":["post-22197","post","type-post","status-publish","format-standard","has-post-thumbnail","hentry","category-nacionales","category-portada"],"aioseo_notices":[],"_links":{"self":[{"href":"https:\/\/elcronistadigital.com\/index.php?rest_route=\/wp\/v2\/posts\/22197","targetHints":{"allow":["GET"]}}],"collection":[{"href":"https:\/\/elcronistadigital.com\/index.php?rest_route=\/wp\/v2\/posts"}],"about":[{"href":"https:\/\/elcronistadigital.com\/index.php?rest_route=\/wp\/v2\/types\/post"}],"author":[{"embeddable":true,"href":"https:\/\/elcronistadigital.com\/index.php?rest_route=\/wp\/v2\/users\/1"}],"replies":[{"embeddable":true,"href":"https:\/\/elcronistadigital.com\/index.php?rest_route=%2Fwp%2Fv2%2Fcomments&post=22197"}],"version-history":[{"count":5,"href":"https:\/\/elcronistadigital.com\/index.php?rest_route=\/wp\/v2\/posts\/22197\/revisions"}],"predecessor-version":[{"id":22204,"href":"https:\/\/elcronistadigital.com\/index.php?rest_route=\/wp\/v2\/posts\/22197\/revisions\/22204"}],"wp:featuredmedia":[{"embeddable":true,"href":"https:\/\/elcronistadigital.com\/index.php?rest_route=\/wp\/v2\/media\/22199"}],"wp:attachment":[{"href":"https:\/\/elcronistadigital.com\/index.php?rest_route=%2Fwp%2Fv2%2Fmedia&parent=22197"}],"wp:term":[{"taxonomy":"category","embeddable":true,"href":"https:\/\/elcronistadigital.com\/index.php?rest_route=%2Fwp%2Fv2%2Fcategories&post=22197"},{"taxonomy":"post_tag","embeddable":true,"href":"https:\/\/elcronistadigital.com\/index.php?rest_route=%2Fwp%2Fv2%2Ftags&post=22197"}],"curies":[{"name":"wp","href":"https:\/\/api.w.org\/{rel}","templated":true}]}}