{"id":22211,"date":"2013-08-26T16:49:10","date_gmt":"2013-08-26T22:49:10","guid":{"rendered":"http:\/\/elcronistadigital.com\/?p=22211"},"modified":"2013-08-26T16:49:10","modified_gmt":"2013-08-26T22:49:10","slug":"colombia-y-costa-rica-victimas-de-nicaragua","status":"publish","type":"post","link":"https:\/\/elcronistadigital.com\/?p=22211","title":{"rendered":"Colombia y Costa Rica \u201cv\u00edctimas\u201d de Nicaragua"},"content":{"rendered":"<div id=\"attachment_22212\" style=\"width: 310px\" class=\"wp-caption alignleft\"><a href=\"https:\/\/elcronistadigital.com\/?attachment_id=22212\" rel=\"attachment wp-att-22212\"><img loading=\"lazy\" decoding=\"async\" aria-describedby=\"caption-attachment-22212\" class=\"size-medium wp-image-22212\" title=\"Holguin\" src=\"https:\/\/elcronistadigital.com\/wp-content\/uploads\/2013\/08\/Holguin-300x200.jpg\" alt=\"\" width=\"300\" height=\"200\" srcset=\"https:\/\/elcronistadigital.com\/wp-content\/uploads\/2013\/08\/Holguin-300x200.jpg 300w, https:\/\/elcronistadigital.com\/wp-content\/uploads\/2013\/08\/Holguin-342x228.jpg 342w, https:\/\/elcronistadigital.com\/wp-content\/uploads\/2013\/08\/Holguin.jpg 550w\" sizes=\"auto, (max-width: 300px) 100vw, 300px\" \/><\/a><p id=\"caption-attachment-22212\" class=\"wp-caption-text\">Mar\u00eda \u00c1ngela Holgu\u00edn.<\/p><\/div>\n<p>* Canciller Holgu\u00edn empieza a reclutar a pa\u00edses \u201cm\u00e1rtires\u201d del presunto expansionismo pinolero<\/p>\n<p>La ministra de Relaciones Exteriores, Mar\u00eda \u00c1ngela Holgu\u00edn, asegur\u00f3 que no se pueden permitir las ambiciones expansionistas de Nicaragua, al expresar el apoyo a Costa Rica en su litigio fronterizo con ese pa\u00eds.<\/p>\n<p>\u00abColombia es totalmente solidaria con Costa Rica en este tema. Hemos trabajado coordinadamente adem\u00e1s con Panam\u00e1 y con algunos pa\u00edses del Caribe, porque dif\u00edcilmente se puede permitir este grave expansionismo en el que est\u00e1 Nicaragua\u00bb, se\u00f1al\u00f3 Holgu\u00edn en entrevista con Caracol Radio desde M\u00e9xico, donde asiste a una reuni\u00f3n de la Alianza del Pac\u00edfico.<\/p>\n<p>El mandatario nicarag\u00fcense, Daniel Ortega, dijo que no descartaba acudir a la Corte Internacional de Justicia (CIJ) para reclamar los derechos de su pa\u00eds sobre la provincia de Guanacaste, que desde 1824 est\u00e1 bajo soberan\u00eda costarricense, hecho que llev\u00f3 a la presidenta Laura Chinchilla a participar la semana pasada en una marcha para defender su territorio.<\/p>\n<p>Colombia tambi\u00e9n tiene un viejo litigio con Nicaragua en el Caribe, sobre el cual fall\u00f3 en noviembre de 2012 la CIJ, pero esa decisi\u00f3n, lejos de poner punto final al diferendo, ha avivado las tensiones entre los dos pa\u00edses.<\/p>\n<p>El fallo de la CIJ concedi\u00f3 a Nicaragua 75.000 kil\u00f3metros cuadrados de mar Caribe y confirm\u00f3 la soberan\u00eda de Colombia sobre siete cayos, dos de ellos enclavados, que hacen parte del archipi\u00e9lago de San Andr\u00e9s.<\/p>\n<p>Sin embargo, las diferencias entre los dos pa\u00edses han tomado fuerza en las \u00faltimas semanas por la decisi\u00f3n de Nicaragua de adjudicar licencias para la exploraci\u00f3n de hidrocarburos en la zona, de querer ampliar su plataforma continental y de buscar construir un canal interoce\u00e1nico en su territorio en sociedad con una empresa china.<\/p>\n","protected":false},"excerpt":{"rendered":"<p>* Canciller Holgu\u00edn empieza a reclutar a pa\u00edses \u201cm\u00e1rtires\u201d del presunto expansionismo pinolero La ministra de Relaciones Exteriores, Mar\u00eda \u00c1ngela Holgu\u00edn, asegur\u00f3 que no se pueden permitir las ambiciones expansionistas de Nicaragua, al expresar el apoyo a Costa Rica en su litigio fronterizo con ese pa\u00eds. \u00abColombia es totalmente solidaria con Costa Rica en este [&hellip;]<\/p>\n","protected":false},"author":1,"featured_media":22212,"comment_status":"open","ping_status":"open","sticky":false,"template":"","format":"standard","meta":{"om_disable_all_campaigns":false,"_monsterinsights_skip_tracking":false,"_monsterinsights_sitenote_active":false,"_monsterinsights_sitenote_note":"","_monsterinsights_sitenote_category":0,"footnotes":""},"categories":[3],"tags":[],"class_list":["post-22211","post","type-post","status-publish","format-standard","has-post-thumbnail","hentry","category-nacionales"],"aioseo_notices":[],"_links":{"self":[{"href":"https:\/\/elcronistadigital.com\/index.php?rest_route=\/wp\/v2\/posts\/22211","targetHints":{"allow":["GET"]}}],"collection":[{"href":"https:\/\/elcronistadigital.com\/index.php?rest_route=\/wp\/v2\/posts"}],"about":[{"href":"https:\/\/elcronistadigital.com\/index.php?rest_route=\/wp\/v2\/types\/post"}],"author":[{"embeddable":true,"href":"https:\/\/elcronistadigital.com\/index.php?rest_route=\/wp\/v2\/users\/1"}],"replies":[{"embeddable":true,"href":"https:\/\/elcronistadigital.com\/index.php?rest_route=%2Fwp%2Fv2%2Fcomments&post=22211"}],"version-history":[{"count":3,"href":"https:\/\/elcronistadigital.com\/index.php?rest_route=\/wp\/v2\/posts\/22211\/revisions"}],"predecessor-version":[{"id":22215,"href":"https:\/\/elcronistadigital.com\/index.php?rest_route=\/wp\/v2\/posts\/22211\/revisions\/22215"}],"wp:featuredmedia":[{"embeddable":true,"href":"https:\/\/elcronistadigital.com\/index.php?rest_route=\/wp\/v2\/media\/22212"}],"wp:attachment":[{"href":"https:\/\/elcronistadigital.com\/index.php?rest_route=%2Fwp%2Fv2%2Fmedia&parent=22211"}],"wp:term":[{"taxonomy":"category","embeddable":true,"href":"https:\/\/elcronistadigital.com\/index.php?rest_route=%2Fwp%2Fv2%2Fcategories&post=22211"},{"taxonomy":"post_tag","embeddable":true,"href":"https:\/\/elcronistadigital.com\/index.php?rest_route=%2Fwp%2Fv2%2Ftags&post=22211"}],"curies":[{"name":"wp","href":"https:\/\/api.w.org\/{rel}","templated":true}]}}