{"id":22216,"date":"2013-08-26T17:02:12","date_gmt":"2013-08-26T23:02:12","guid":{"rendered":"http:\/\/elcronistadigital.com\/?p=22216"},"modified":"2013-08-26T17:02:12","modified_gmt":"2013-08-26T23:02:12","slug":"nicaragua-pedira-a-unesco-su-parte-de-seaflower","status":"publish","type":"post","link":"https:\/\/elcronistadigital.com\/?p=22216","title":{"rendered":"Nicaragua pedir\u00e1 a Unesco su parte de Seaflower"},"content":{"rendered":"<p><a href=\"https:\/\/elcronistadigital.com\/?attachment_id=22217\" rel=\"attachment wp-att-22217\"><img loading=\"lazy\" decoding=\"async\" class=\"alignleft size-medium wp-image-22217\" title=\"seaflower\" src=\"https:\/\/elcronistadigital.com\/wp-content\/uploads\/2013\/08\/seaflower-300x201.jpg\" alt=\"\" width=\"300\" height=\"201\" srcset=\"https:\/\/elcronistadigital.com\/wp-content\/uploads\/2013\/08\/seaflower-300x201.jpg 300w, https:\/\/elcronistadigital.com\/wp-content\/uploads\/2013\/08\/seaflower-342x229.jpg 342w, https:\/\/elcronistadigital.com\/wp-content\/uploads\/2013\/08\/seaflower.jpg 418w\" sizes=\"auto, (max-width: 300px) 100vw, 300px\" \/><\/a>* Colombia tiene la otra parte y la idea es que haya, gracias a La Haya, un manejo conjunto de dicha reserva<\/p>\n<p>Nicaragua pedir\u00e1 a la Organizaci\u00f3n de las Naciones Unidas para la Educaci\u00f3n, la Ciencia y la Cultura (Unesco) le confirme como suya parte de la reserva de la biosfera Seaflower, en el mar Caribe y que ahora comparte con Colombia, inform\u00f3 este lunes un alto funcionario del Marena.<\/p>\n<p>El viceministro nicarag\u00fcense del Ambiente y Recursos Naturales (Marena), Roberto Araquistain, dijo que har\u00e1n esa petici\u00f3n a la Unesco con base en la sentencia de la Corte Internacional de Justicia (CIJ), que el 19 de noviembre pasado redefini\u00f3 los l\u00edmites mar\u00edtimos con Colombia.<\/p>\n<p>Explic\u00f3 que el Ejecutivo y la Asamblea Nacional nicarag\u00fcense preparan un decreto para nombrar una parte de Seaflower como reserva de biosfera de Nicaragua, y luego pedir\u00e1n el \u00abrenombramiento\u00bb a la Unesco sobre ese sitio rico por su diversidad de especies marinas y sus arrecifes.<\/p>\n<p>Seaflower, con 349.800 kil\u00f3metros cuadrados de mar, es el h\u00e1bitat de m\u00e1s de 400 especies de peces, tiene ecosistemas completos e interconectados con la presencia de un amplio y diverso rango de h\u00e1bitats y complejas formaciones coralinas resistentes a fen\u00f3menos clim\u00e1ticos severos que sirven de investigaci\u00f3n cient\u00edfica para la adaptaci\u00f3n al cambio clim\u00e1tico.<\/p>\n<p>\u00abLo que estamos queriendo decirle a la Unesco es que de este pedacito (porci\u00f3n) que nos dieron (la CIJ) para ac\u00e1, ahora la que era la reserva de biosfera (s\u00f3lo de Colombia), ahora (tambi\u00e9n) es reserva de biosfera de Nicaragua y queremos que nos la confirmen\u00bb, indic\u00f3, aunque no precis\u00f3 qu\u00e9 extensi\u00f3n tiene.<\/p>\n<p>Sostuvo que el presidente de Nicaragua, Daniel Ortega, ha dicho que la reserva de la biosfera Seaflower la pueden manejar de forma conjunta ambos pa\u00edses, seg\u00fan informa Efe.<\/p>\n<p>La CIJ dej\u00f3 en manos de Colombia siete cayos del archipi\u00e9lago de San Andr\u00e9s, cuyas islas mayores ya se hab\u00edan concedido a este pa\u00eds en 2007, y otorg\u00f3 a Nicaragua una franja marina en esa zona que Bogot\u00e1 calcula en unos 70.000 kil\u00f3metros cuadrados y Managua en m\u00e1s de 90.000 kil\u00f3metros cuadrados, y que incluye parte de Seaflower.<\/p>\n<p>Araquistain dijo que ahora Nicaragua cuenta con cuatro sitios de reserva de biosfera declarados por la Unesco.<\/p>\n<p>Las otras son las reservas de la biosfera del r\u00edo San Juan, al sureste del pa\u00eds, y uno de los eslabones m\u00e1s importantes del corredor biol\u00f3gico mesoamericano, que se extiende desde M\u00e9xico hasta Panam\u00e1; y Ometepe, \u00fanica isla en el mundo con dos volcanes en medio de un lago de agua dulce.<\/p>\n<p>Adem\u00e1s, Bosaw\u00e1s, la mayor reserva forestal de Centroam\u00e9rica que concentra el 14 % del territorio nicarag\u00fcense y al menos un 10 % de la biodiversidad mundial, considerada uno de los mejores ejemplos de bosque tropical h\u00famedo y de bosques nubosos de la regi\u00f3n.<\/p>\n<p>\u00abAhora adquirimos el cuarto sitio, el Seaflower, en la plataforma continental\u00bb, reiter\u00f3.<\/p>\n","protected":false},"excerpt":{"rendered":"<p>* Colombia tiene la otra parte y la idea es que haya, gracias a La Haya, un manejo conjunto de dicha reserva Nicaragua pedir\u00e1 a la Organizaci\u00f3n de las Naciones Unidas para la Educaci\u00f3n, la Ciencia y la Cultura (Unesco) le confirme como suya parte de la reserva de la biosfera Seaflower, en el mar [&hellip;]<\/p>\n","protected":false},"author":1,"featured_media":22217,"comment_status":"open","ping_status":"open","sticky":false,"template":"","format":"standard","meta":{"om_disable_all_campaigns":false,"_monsterinsights_skip_tracking":false,"_monsterinsights_sitenote_active":false,"_monsterinsights_sitenote_note":"","_monsterinsights_sitenote_category":0,"footnotes":""},"categories":[3,13],"tags":[],"class_list":["post-22216","post","type-post","status-publish","format-standard","has-post-thumbnail","hentry","category-nacionales","category-portada"],"aioseo_notices":[],"_links":{"self":[{"href":"https:\/\/elcronistadigital.com\/index.php?rest_route=\/wp\/v2\/posts\/22216","targetHints":{"allow":["GET"]}}],"collection":[{"href":"https:\/\/elcronistadigital.com\/index.php?rest_route=\/wp\/v2\/posts"}],"about":[{"href":"https:\/\/elcronistadigital.com\/index.php?rest_route=\/wp\/v2\/types\/post"}],"author":[{"embeddable":true,"href":"https:\/\/elcronistadigital.com\/index.php?rest_route=\/wp\/v2\/users\/1"}],"replies":[{"embeddable":true,"href":"https:\/\/elcronistadigital.com\/index.php?rest_route=%2Fwp%2Fv2%2Fcomments&post=22216"}],"version-history":[{"count":3,"href":"https:\/\/elcronistadigital.com\/index.php?rest_route=\/wp\/v2\/posts\/22216\/revisions"}],"predecessor-version":[{"id":22220,"href":"https:\/\/elcronistadigital.com\/index.php?rest_route=\/wp\/v2\/posts\/22216\/revisions\/22220"}],"wp:featuredmedia":[{"embeddable":true,"href":"https:\/\/elcronistadigital.com\/index.php?rest_route=\/wp\/v2\/media\/22217"}],"wp:attachment":[{"href":"https:\/\/elcronistadigital.com\/index.php?rest_route=%2Fwp%2Fv2%2Fmedia&parent=22216"}],"wp:term":[{"taxonomy":"category","embeddable":true,"href":"https:\/\/elcronistadigital.com\/index.php?rest_route=%2Fwp%2Fv2%2Fcategories&post=22216"},{"taxonomy":"post_tag","embeddable":true,"href":"https:\/\/elcronistadigital.com\/index.php?rest_route=%2Fwp%2Fv2%2Ftags&post=22216"}],"curies":[{"name":"wp","href":"https:\/\/api.w.org\/{rel}","templated":true}]}}