{"id":22238,"date":"2013-08-27T06:49:08","date_gmt":"2013-08-27T12:49:08","guid":{"rendered":"http:\/\/elcronistadigital.com\/?p=22238"},"modified":"2013-08-27T06:49:08","modified_gmt":"2013-08-27T12:49:08","slug":"deberia-estar-en-carcel-y-aparecio-asaltando-negocio-en-costa-rica","status":"publish","type":"post","link":"https:\/\/elcronistadigital.com\/?p=22238","title":{"rendered":"Deber\u00eda estar en c\u00e1rcel y apareci\u00f3 asaltando negocio en Costa Rica"},"content":{"rendered":"<div id=\"attachment_22239\" style=\"width: 233px\" class=\"wp-caption alignright\"><a href=\"https:\/\/elcronistadigital.com\/?attachment_id=22239\" rel=\"attachment wp-att-22239\"><img loading=\"lazy\" decoding=\"async\" aria-describedby=\"caption-attachment-22239\" class=\"size-full wp-image-22239\" title=\"Julio C\u00e9sar Vega secuestrador\" src=\"https:\/\/elcronistadigital.com\/wp-content\/uploads\/2013\/08\/Julio-C\u00e9sar-Vega-secuestrador.jpg\" alt=\"\" width=\"223\" height=\"223\" srcset=\"https:\/\/elcronistadigital.com\/wp-content\/uploads\/2013\/08\/Julio-C\u00e9sar-Vega-secuestrador.jpg 223w, https:\/\/elcronistadigital.com\/wp-content\/uploads\/2013\/08\/Julio-C\u00e9sar-Vega-secuestrador-150x150.jpg 150w, https:\/\/elcronistadigital.com\/wp-content\/uploads\/2013\/08\/Julio-C\u00e9sar-Vega-secuestrador-50x50.jpg 50w, https:\/\/elcronistadigital.com\/wp-content\/uploads\/2013\/08\/Julio-C\u00e9sar-Vega-secuestrador-70x70.jpg 70w, https:\/\/elcronistadigital.com\/wp-content\/uploads\/2013\/08\/Julio-C\u00e9sar-Vega-secuestrador-55x55.jpg 55w\" sizes=\"auto, (max-width: 223px) 100vw, 223px\" \/><\/a><p id=\"caption-attachment-22239\" class=\"wp-caption-text\">Julio C\u00e9sar Vega, alias &quot;Julio Loco&quot;.<\/p><\/div>\n<p>* \u201cJulio Loco\u201d fue condenado a 30 a\u00f1os por secuestrar a dos europeas en 1996 y fue repatriado a Nicaragua para que cumpliera la condena aqu\u00ed<\/p>\n<p>Un nicarag\u00fcense que hab\u00eda sido repatriado a nuestro pa\u00eds desde Costa Rica en 2007 para que terminara de cumplir aqu\u00ed una condena de 30 a\u00f1os por secuestro a dos ciudadanas europeas, apareci\u00f3 realizando un asalto en la naci\u00f3n vecina, donde volvi\u00f3 a la c\u00e1rcel.<\/p>\n<p>Julio C\u00e9sar Vega Rojas, conocido como \u201cJulio Loco\u201d, quien adquiri\u00f3 renombre cuando en 1996 particip\u00f3 en el secuestro de una suiza y una alemana en Boca Tapada en San Carlos, volvi\u00f3 a caer preso en Costa Rica, esta vez por un asalto a unas cabinas en Esterillos, cant\u00f3n de Parrita.<\/p>\n<p>La captura la realizaron el s\u00e1bado en horas de la noche oficiales de la Fuerza P\u00fablica y del Organismo de Investigaci\u00f3n Judicial (OIJ) en Jac\u00f3, cant\u00f3n de Garabito, Puntarenas, seg\u00fan el diario La Naci\u00f3n.<\/p>\n<p>Seg\u00fan el informe oficial, Vega junto con otros dos sujetos lleg\u00f3 como cliente el s\u00e1bado en la noche a las cabinas La Flor en Esterillos. Cuando se realizaba el tr\u00e1mite para darles una cabina, los sujetos sacaron armas de grueso calibre y amenazaron a los empleados y las otras personas que estaban en el centro tur\u00edstico.<\/p>\n<p>A todos los amarraron y procedieron a saquear el lugar. Se apoderaron de computadoras, tel\u00e9fonos celulares y dinero en efecto. El monto de lo robado lo estim\u00f3 la polic\u00eda en 5 millones de colones.<\/p>\n<p>Los asaltantes escaparon en un autom\u00f3vil marca Hyundai. Uno de los empleados logr\u00f3 quitarse las amarras y dio aviso a la Polic\u00eda que de inmediato hizo cierres de carretera. Fueron atrapados en uno de los retenes.<\/p>\n<p>En el sitio se produjo un intercambio de disparos. Fueron detenidos Vega y un costarricense de apellido Mar\u00edn, de 48 a\u00f1os. Otra persona que viajaba en el carro logr\u00f3 escapar, inform\u00f3 la Polic\u00eda.<\/p>\n<p>Julio C\u00e9sar Vega fue condenado a 30 a\u00f1os de prisi\u00f3n, el 21 de marzo de 1997, por el secuestro de la alemana Nicola Fleuchaus y a la suiza nacionalizada costarricense, Susana Siegfried.<\/p>\n<p>Empero en octubre del 2007 fue repatriado a Nicaragua para que terminara de cumplir pena. Sin embargo, en una fecha no precisada obtuvo el indulto e ingreso a Costa Rica en enero del 2011. Estaba trabajando supuestamente como pe\u00f3n en una construcci\u00f3n.<\/p>\n","protected":false},"excerpt":{"rendered":"<p>* \u201cJulio Loco\u201d fue condenado a 30 a\u00f1os por secuestrar a dos europeas en 1996 y fue repatriado a Nicaragua para que cumpliera la condena aqu\u00ed Un nicarag\u00fcense que hab\u00eda sido repatriado a nuestro pa\u00eds desde Costa Rica en 2007 para que terminara de cumplir aqu\u00ed una condena de 30 a\u00f1os por secuestro a dos [&hellip;]<\/p>\n","protected":false},"author":1,"featured_media":22239,"comment_status":"open","ping_status":"open","sticky":false,"template":"","format":"standard","meta":{"om_disable_all_campaigns":false,"_monsterinsights_skip_tracking":false,"_monsterinsights_sitenote_active":false,"_monsterinsights_sitenote_note":"","_monsterinsights_sitenote_category":0,"footnotes":""},"categories":[3],"tags":[],"class_list":["post-22238","post","type-post","status-publish","format-standard","has-post-thumbnail","hentry","category-nacionales"],"aioseo_notices":[],"_links":{"self":[{"href":"https:\/\/elcronistadigital.com\/index.php?rest_route=\/wp\/v2\/posts\/22238","targetHints":{"allow":["GET"]}}],"collection":[{"href":"https:\/\/elcronistadigital.com\/index.php?rest_route=\/wp\/v2\/posts"}],"about":[{"href":"https:\/\/elcronistadigital.com\/index.php?rest_route=\/wp\/v2\/types\/post"}],"author":[{"embeddable":true,"href":"https:\/\/elcronistadigital.com\/index.php?rest_route=\/wp\/v2\/users\/1"}],"replies":[{"embeddable":true,"href":"https:\/\/elcronistadigital.com\/index.php?rest_route=%2Fwp%2Fv2%2Fcomments&post=22238"}],"version-history":[{"count":3,"href":"https:\/\/elcronistadigital.com\/index.php?rest_route=\/wp\/v2\/posts\/22238\/revisions"}],"predecessor-version":[{"id":22242,"href":"https:\/\/elcronistadigital.com\/index.php?rest_route=\/wp\/v2\/posts\/22238\/revisions\/22242"}],"wp:featuredmedia":[{"embeddable":true,"href":"https:\/\/elcronistadigital.com\/index.php?rest_route=\/wp\/v2\/media\/22239"}],"wp:attachment":[{"href":"https:\/\/elcronistadigital.com\/index.php?rest_route=%2Fwp%2Fv2%2Fmedia&parent=22238"}],"wp:term":[{"taxonomy":"category","embeddable":true,"href":"https:\/\/elcronistadigital.com\/index.php?rest_route=%2Fwp%2Fv2%2Fcategories&post=22238"},{"taxonomy":"post_tag","embeddable":true,"href":"https:\/\/elcronistadigital.com\/index.php?rest_route=%2Fwp%2Fv2%2Ftags&post=22238"}],"curies":[{"name":"wp","href":"https:\/\/api.w.org\/{rel}","templated":true}]}}