{"id":22243,"date":"2013-08-27T07:04:02","date_gmt":"2013-08-27T13:04:02","guid":{"rendered":"http:\/\/elcronistadigital.com\/?p=22243"},"modified":"2013-08-27T07:04:02","modified_gmt":"2013-08-27T13:04:02","slug":"costa-rica-trata-de-enemistarnos-con-honduras","status":"publish","type":"post","link":"https:\/\/elcronistadigital.com\/?p=22243","title":{"rendered":"Costa Rica trata de enemistarnos con Honduras"},"content":{"rendered":"<div id=\"attachment_22244\" style=\"width: 310px\" class=\"wp-caption alignright\"><a href=\"https:\/\/elcronistadigital.com\/?attachment_id=22244\" rel=\"attachment wp-att-22244\"><img loading=\"lazy\" decoding=\"async\" aria-describedby=\"caption-attachment-22244\" class=\"size-full wp-image-22244\" title=\"Enrique Barrantes Castillo canciller tico\" src=\"https:\/\/elcronistadigital.com\/wp-content\/uploads\/2013\/08\/Enrique-Barrantes-Castillo-canciller-tico.jpg\" alt=\"\" width=\"300\" height=\"300\" srcset=\"https:\/\/elcronistadigital.com\/wp-content\/uploads\/2013\/08\/Enrique-Barrantes-Castillo-canciller-tico.jpg 300w, https:\/\/elcronistadigital.com\/wp-content\/uploads\/2013\/08\/Enrique-Barrantes-Castillo-canciller-tico-150x150.jpg 150w, https:\/\/elcronistadigital.com\/wp-content\/uploads\/2013\/08\/Enrique-Barrantes-Castillo-canciller-tico-50x50.jpg 50w, https:\/\/elcronistadigital.com\/wp-content\/uploads\/2013\/08\/Enrique-Barrantes-Castillo-canciller-tico-70x70.jpg 70w, https:\/\/elcronistadigital.com\/wp-content\/uploads\/2013\/08\/Enrique-Barrantes-Castillo-canciller-tico-55x55.jpg 55w\" sizes=\"auto, (max-width: 300px) 100vw, 300px\" \/><\/a><p id=\"caption-attachment-22244\" class=\"wp-caption-text\">El canciller tico, Enrique Castillo, se sum\u00f3 a la campa\u00f1a de Colombia contra Nicaragua.<\/p><\/div>\n<p>* Canciller tico en consonancia total con Colombia repite acusaci\u00f3n de que Nicaragua es expansionista y advierte a nuestra vecina del norte sobre el presunto peligro que corre<\/p>\n<p>En fiel seguimiento al plan de Colombia para desconocer el fallo de la Corte Internacional de Justicia (CIJ), el canciller costarricense, Enrique Castillo, se sum\u00f3 el lunes a se\u00f1alar \u00abla pol\u00edtica expansionista de Nicaragua\u00bb y afirm\u00f3 que otros pa\u00edses de la regi\u00f3n deber\u00edan tener cuidado con los pasos del presidente Daniel Ortega.<\/p>\n<p>Al no encontrar asideros jur\u00eddicos para rechazar el fallo de La Haya, Colombia intenta convencer a varios pa\u00edses que la decisi\u00f3n de la CIJ les afecta y Costa Rica parec\u00eda estar rogando que la naci\u00f3n sudamericana la tomara en cuenta en su cruzada anti nicarag\u00fcense.<\/p>\n<p>\u00abHay varios posibles afectados con la pol\u00edtica expansionista de Nicaragua. En realidad todos deber\u00edan sentirse afectados, hasta Honduras\u00bb, manifest\u00f3 Castillo en rueda de prensa con corresponsales de agencias internacionales.<\/p>\n<p>Costa Rica y Colombia han denunciado que Managua ofrece bloques marinos en el Caribe y el Pac\u00edfico para exploraci\u00f3n petrolera, ubicados en aguas que ambas naciones consideran propias, lo que el Gobierno nicarag\u00fcense ha rechazado.<\/p>\n<p>Para Castillo, la decisi\u00f3n de Nicaragua de trazar una l\u00ednea en el mar para definir la frontera con Costa Rica fue \u00abunilateral\u00bb y nada tuvo que ver un reciente fallo de la Corte Internacional de Justicia (CIJ) que defini\u00f3 los l\u00edmites entre Colombia y Nicaragua, seg\u00fan la Afp.<\/p>\n<p>\u00abEse fallo garantiz\u00f3 los derechos de Costa Rica\u00bb de que su territorio mar\u00edtimo no sufrir\u00eda \u00abmerma alguna\u00bb, enfatiz\u00f3 el canciller.<\/p>\n<p>El Gobierno costarricense propuso a Nicaragua acudir juntos a la ONU para que defina de forma temporal los l\u00edmites mar\u00edtimos. Aunque Managua rechaz\u00f3 la posibilidad, Castillo dijo que la oferta sigue abierta.<\/p>\n<p>Los dos pa\u00edses enfrentan una complicada situaci\u00f3n diplom\u00e1tica tras denuncias mutuas.<\/p>\n<p>Costa Rica por la ocupaci\u00f3n por parte de Nicaragua de una peque\u00f1a isla pluvial conocida como Isla Calero o Isla Portillo, y luego Managua denunci\u00f3 afectaci\u00f3n en el fronterizo r\u00edo San Juan por la construcci\u00f3n de una carretera del lado costarricense, a lo que se sum\u00f3 el anuncio del plan para construir un canal interoce\u00e1nico que pasar\u00eda por el r\u00edo, lo que luego fue descartado por el Gobierno de Ortega.<\/p>\n<p>\u00abOtras posibles rutas (para el Canal) llegan al Lago de Nicaragua y si tocan el lago dif\u00edcilmente no se afectar\u00e1 el r\u00edo\u00bb, coment\u00f3 el canciller, quien consider\u00f3 \u00abmuy improbable\u00bb que el proyecto se realice.<\/p>\n<p>Aunque admiti\u00f3 que hubo invitaciones nicarag\u00fcenses para dialogar, apunt\u00f3 que fueron rechazadas. \u00abNo estamos dispuestos a negociar teniendo la Isla Portillo ocupada (&#8230;) en eso somos inflexibles\u00bb, asegur\u00f3 el diplom\u00e1tico.<\/p>\n","protected":false},"excerpt":{"rendered":"<p>* Canciller tico en consonancia total con Colombia repite acusaci\u00f3n de que Nicaragua es expansionista y advierte a nuestra vecina del norte sobre el presunto peligro que corre En fiel seguimiento al plan de Colombia para desconocer el fallo de la Corte Internacional de Justicia (CIJ), el canciller costarricense, Enrique Castillo, se sum\u00f3 el lunes [&hellip;]<\/p>\n","protected":false},"author":1,"featured_media":22244,"comment_status":"open","ping_status":"open","sticky":false,"template":"","format":"standard","meta":{"om_disable_all_campaigns":false,"_monsterinsights_skip_tracking":false,"_monsterinsights_sitenote_active":false,"_monsterinsights_sitenote_note":"","_monsterinsights_sitenote_category":0,"footnotes":""},"categories":[3,13],"tags":[],"class_list":["post-22243","post","type-post","status-publish","format-standard","has-post-thumbnail","hentry","category-nacionales","category-portada"],"aioseo_notices":[],"_links":{"self":[{"href":"https:\/\/elcronistadigital.com\/index.php?rest_route=\/wp\/v2\/posts\/22243","targetHints":{"allow":["GET"]}}],"collection":[{"href":"https:\/\/elcronistadigital.com\/index.php?rest_route=\/wp\/v2\/posts"}],"about":[{"href":"https:\/\/elcronistadigital.com\/index.php?rest_route=\/wp\/v2\/types\/post"}],"author":[{"embeddable":true,"href":"https:\/\/elcronistadigital.com\/index.php?rest_route=\/wp\/v2\/users\/1"}],"replies":[{"embeddable":true,"href":"https:\/\/elcronistadigital.com\/index.php?rest_route=%2Fwp%2Fv2%2Fcomments&post=22243"}],"version-history":[{"count":3,"href":"https:\/\/elcronistadigital.com\/index.php?rest_route=\/wp\/v2\/posts\/22243\/revisions"}],"predecessor-version":[{"id":22247,"href":"https:\/\/elcronistadigital.com\/index.php?rest_route=\/wp\/v2\/posts\/22243\/revisions\/22247"}],"wp:featuredmedia":[{"embeddable":true,"href":"https:\/\/elcronistadigital.com\/index.php?rest_route=\/wp\/v2\/media\/22244"}],"wp:attachment":[{"href":"https:\/\/elcronistadigital.com\/index.php?rest_route=%2Fwp%2Fv2%2Fmedia&parent=22243"}],"wp:term":[{"taxonomy":"category","embeddable":true,"href":"https:\/\/elcronistadigital.com\/index.php?rest_route=%2Fwp%2Fv2%2Fcategories&post=22243"},{"taxonomy":"post_tag","embeddable":true,"href":"https:\/\/elcronistadigital.com\/index.php?rest_route=%2Fwp%2Fv2%2Ftags&post=22243"}],"curies":[{"name":"wp","href":"https:\/\/api.w.org\/{rel}","templated":true}]}}