{"id":22248,"date":"2013-08-27T09:27:29","date_gmt":"2013-08-27T15:27:29","guid":{"rendered":"http:\/\/elcronistadigital.com\/?p=22248"},"modified":"2013-08-27T09:27:29","modified_gmt":"2013-08-27T15:27:29","slug":"reinas-de-belleza-centroamericanas-en-chicago","status":"publish","type":"post","link":"https:\/\/elcronistadigital.com\/?p=22248","title":{"rendered":"Reinas de belleza centroamericanas en Chicago"},"content":{"rendered":"<div id=\"attachment_22249\" style=\"width: 310px\" class=\"wp-caption alignleft\"><a href=\"https:\/\/elcronistadigital.com\/?attachment_id=22249\" rel=\"attachment wp-att-22249\"><img loading=\"lazy\" decoding=\"async\" aria-describedby=\"caption-attachment-22249\" class=\"size-medium wp-image-22249\" title=\"reinas\" src=\"https:\/\/elcronistadigital.com\/wp-content\/uploads\/2013\/08\/reinas-300x210.jpg\" alt=\"\" width=\"300\" height=\"210\" srcset=\"https:\/\/elcronistadigital.com\/wp-content\/uploads\/2013\/08\/reinas-300x210.jpg 300w, https:\/\/elcronistadigital.com\/wp-content\/uploads\/2013\/08\/reinas-342x240.jpg 342w, https:\/\/elcronistadigital.com\/wp-content\/uploads\/2013\/08\/reinas.jpg 640w\" sizes=\"auto, (max-width: 300px) 100vw, 300px\" \/><\/a><p id=\"caption-attachment-22249\" class=\"wp-caption-text\">De izq. a der., Srta. Belice, Jenna Kerr; Srta. Guatemala, Mar\u00eda Inez Valdez; Srta. Nicaragua, MariCruz Su\u00e1rez; Srta. Costa Rica, Genevieve Cruz; Srta. El Salvador, Yancy Garc\u00eda; y Srta. Honduras, Ana Elizabeth Vega. Foto: Eduardo Rodr\u00edguez.<\/p><\/div>\n<p>Chicago.- Las nuevas reinas centroamericanas fueron coronadas este fin de semana en un evento organizado por la Sociedad C\u00edvica Cultural Centroamericana, grupo que se encuentra celebrando 25 a\u00f1os de existencia, seg\u00fan informaron.<\/p>\n<p>La coronaci\u00f3n se realiz\u00f3 el s\u00e1bado en el sal\u00f3n Galaxy Banquets, en Schiller Park, se\u00f1ala la publicaci\u00f3n La Raza.<\/p>\n<p>La nueva Srta. Centroam\u00e9rica 2013-14 es Jenna Kerr (Srta. Belice), quien tambi\u00e9n recibi\u00f3 el t\u00edtulo de Srta. Simpat\u00eda y el trofeo por el mejor traje de fantas\u00eda 2013.<\/p>\n<p>Asimismo, las otras reinas representantes de los pa\u00edses centroamericanos son Mar\u00eda Inez Valdez (Srta. Guatemala), MariCruz Su\u00e1rez (Srta. Nicaragua), Genevieve Cruz (Srta. Costa Rica), Yancy Garc\u00eda (Srta. El Salvador) y Ana Elizabeth Vega (Srta. Honduras).<br \/>\nEl reverendo Jos\u00e9 Sigfredo Landaverde, nacido en El Salvador, recibi\u00f3 el reconocimiento Ciudadano Centroamericano 2013, se indic\u00f3 en un comunicado.<\/p>\n<p>Desfile y festival<\/p>\n<p>La Sociedad C\u00edvica Cultural Centroamericana tambi\u00e9n inform\u00f3 que el pr\u00f3ximo domingo 8 de septiembre se realizar\u00e1 un desfile en conmemoraci\u00f3n de la Independencia de Centroam\u00e9rica, a partir de las 11 am. La salida ser\u00e1 en las avenidas Montrose y California, hacia el oeste y finalizar\u00e1 en las avenidas Kimball y Wilson.<\/p>\n<p>Ese mismo d\u00eda se llevar\u00e1 a cabo el festival \u201cSabor a Centroam\u00e9rica, de 12 pm. a 7 pm. en la Bagh Woods (Foster y Cicero).<\/p>\n","protected":false},"excerpt":{"rendered":"<p>Chicago.- Las nuevas reinas centroamericanas fueron coronadas este fin de semana en un evento organizado por la Sociedad C\u00edvica Cultural Centroamericana, grupo que se encuentra celebrando 25 a\u00f1os de existencia, seg\u00fan informaron. La coronaci\u00f3n se realiz\u00f3 el s\u00e1bado en el sal\u00f3n Galaxy Banquets, en Schiller Park, se\u00f1ala la publicaci\u00f3n La Raza. La nueva Srta. Centroam\u00e9rica [&hellip;]<\/p>\n","protected":false},"author":1,"featured_media":22249,"comment_status":"open","ping_status":"open","sticky":false,"template":"","format":"standard","meta":{"om_disable_all_campaigns":false,"_monsterinsights_skip_tracking":false,"_monsterinsights_sitenote_active":false,"_monsterinsights_sitenote_note":"","_monsterinsights_sitenote_category":0,"footnotes":""},"categories":[3],"tags":[],"class_list":["post-22248","post","type-post","status-publish","format-standard","has-post-thumbnail","hentry","category-nacionales"],"aioseo_notices":[],"_links":{"self":[{"href":"https:\/\/elcronistadigital.com\/index.php?rest_route=\/wp\/v2\/posts\/22248","targetHints":{"allow":["GET"]}}],"collection":[{"href":"https:\/\/elcronistadigital.com\/index.php?rest_route=\/wp\/v2\/posts"}],"about":[{"href":"https:\/\/elcronistadigital.com\/index.php?rest_route=\/wp\/v2\/types\/post"}],"author":[{"embeddable":true,"href":"https:\/\/elcronistadigital.com\/index.php?rest_route=\/wp\/v2\/users\/1"}],"replies":[{"embeddable":true,"href":"https:\/\/elcronistadigital.com\/index.php?rest_route=%2Fwp%2Fv2%2Fcomments&post=22248"}],"version-history":[{"count":3,"href":"https:\/\/elcronistadigital.com\/index.php?rest_route=\/wp\/v2\/posts\/22248\/revisions"}],"predecessor-version":[{"id":22252,"href":"https:\/\/elcronistadigital.com\/index.php?rest_route=\/wp\/v2\/posts\/22248\/revisions\/22252"}],"wp:featuredmedia":[{"embeddable":true,"href":"https:\/\/elcronistadigital.com\/index.php?rest_route=\/wp\/v2\/media\/22249"}],"wp:attachment":[{"href":"https:\/\/elcronistadigital.com\/index.php?rest_route=%2Fwp%2Fv2%2Fmedia&parent=22248"}],"wp:term":[{"taxonomy":"category","embeddable":true,"href":"https:\/\/elcronistadigital.com\/index.php?rest_route=%2Fwp%2Fv2%2Fcategories&post=22248"},{"taxonomy":"post_tag","embeddable":true,"href":"https:\/\/elcronistadigital.com\/index.php?rest_route=%2Fwp%2Fv2%2Ftags&post=22248"}],"curies":[{"name":"wp","href":"https:\/\/api.w.org\/{rel}","templated":true}]}}