{"id":22258,"date":"2013-08-27T10:25:53","date_gmt":"2013-08-27T16:25:53","guid":{"rendered":"http:\/\/elcronistadigital.com\/?p=22258"},"modified":"2013-08-27T10:25:54","modified_gmt":"2013-08-27T16:25:54","slug":"canal-de-nicaragua-unos-apoyan-otros-reprochan","status":"publish","type":"post","link":"https:\/\/elcronistadigital.com\/?p=22258","title":{"rendered":"Canal de Nicaragua, unos apoyan otros reprochan"},"content":{"rendered":"<p><a href=\"https:\/\/elcronistadigital.com\/?attachment_id=22259\" rel=\"attachment wp-att-22259\"><img loading=\"lazy\" decoding=\"async\" class=\"alignleft size-medium wp-image-22259\" title=\"canal ruta\" src=\"https:\/\/elcronistadigital.com\/wp-content\/uploads\/2013\/08\/canal-ruta-300x193.jpg\" alt=\"\" width=\"300\" height=\"193\" srcset=\"https:\/\/elcronistadigital.com\/wp-content\/uploads\/2013\/08\/canal-ruta-300x193.jpg 300w, https:\/\/elcronistadigital.com\/wp-content\/uploads\/2013\/08\/canal-ruta-342x220.jpg 342w, https:\/\/elcronistadigital.com\/wp-content\/uploads\/2013\/08\/canal-ruta.jpg 700w\" sizes=\"auto, (max-width: 300px) 100vw, 300px\" \/><\/a>* Aparte de que goza del respaldo del Foro de Sao Paulo, la diferencia est\u00e1 en que China hace negocios y no se conoce que busque la injerencia pol\u00edtica en los Estados donde invierte, afirma especialista en desarrollo de la Universidad Complutense de Madrid<\/p>\n<p>Su crecimiento del 5% en 2013 es la prueba de que la econom\u00eda de Nicaragua atraviesa por un buen momento. Seg\u00fan la CEPAL, esto se debe entre otras cosas a la buena captaci\u00f3n de la inversi\u00f3n extranjera directa y a una cartera de megaproyectos interesante.<\/p>\n<p>Entre estos \u00faltimos llaman especialmente la atenci\u00f3n el proyecto de un Canal que una el Pac\u00edfico con el Caribe, con capital chino, y, con empresas estadounidenses, la exploraci\u00f3n de petrolera en espacios del mar Caribe recientemente recuperados. Los proyectos abren interrogantes, seg\u00fan Deutsche Welle Espa\u00f1ol.<\/p>\n<p>\u00bfPodr\u00edan representar que el segundo pa\u00eds m\u00e1s pobre de Am\u00e9rica Latina deje de serlo en un plazo previsible? \u00bfIncidir\u00e1n en la integraci\u00f3n regional? Por lo pronto, las voces cr\u00edticas hablan de una cesi\u00f3n de soberan\u00eda, de \u201cventa del pa\u00eds\u201d, de efectos negativos en las relaciones con los vecinos y de impactos ambientales irreparables.<\/p>\n<p>Proyectos cuestionados<\/p>\n<p>\u201cEs importante tener en cuenta que el proyecto del Canal ha sido apoyado por el Foro de Sao Paulo, en el que confluyen los movimientos de izquierda del 90 y en el que hay muchos trabajadores pobres inmiscuidos\u201d, explica a DW, Tom\u00e1s P\u00e9rez Rosa, polit\u00f3logo especializado en desarrollo de la Universidad Complutense de Madrid.<\/p>\n<p>Por otro lado, seg\u00fan datos oficiales, \u201cel 51% del canal va a pertenecer al Estado, con lo cual la soberan\u00eda nacional, prevista en la Constituci\u00f3n, estar\u00eda asegurada. Y eso es lo importante, pues si no guardas soberan\u00eda da igual que sea Estados Unidos o China. No obstante, la diferencia est\u00e1 en que China hace negocios y no se conoce que busque la injerencia pol\u00edtica en los Estados donde invierte\u201d, afirma P\u00e9rez Rosa.<\/p>\n<p>Seg\u00fan este investigador espa\u00f1ol, el lema de Nicaragua ser\u00e1 \u201cintentar utilizar los recursos con cabeza y que los beneficios de estos sean destinados a un desarrollo social, para legar a lo m\u00e1s pr\u00f3ximo de un estado de bienestar. El gran desaf\u00edo estar\u00e1 en cuidar de que el costo ambiental de esos proyectos no sea tan alto\u201d. Las numerosas cr\u00edticas a Daniel Ortega provenientes de los \u201cviejos poderes\u201d \u2013Estados Unidos y Europa- se originan a su juicio en el efecto negativo en sus intereses econ\u00f3micos que suponen tanto su posici\u00f3n pol\u00edtica como la presencia asi\u00e1tica.<\/p>\n<p>Un viejo proyecto<\/p>\n<p>Por el contrario, seg\u00fan Karen B\u00e4hr-Caballero, investigadora del Centro de Investigaci\u00f3n Interdisciplinaria Democracia, Instituciones, Subjetividad (CRIDIS) de la Universidad de Lovaina, los nuevos proyectos nicarag\u00fcenses no cambiar\u00e1n el nivel de desarrollo, ni nicarag\u00fcense ni centroamericano.<\/p>\n<p>El actual proyecto del Canal nicarag\u00fcense no difiere de otros planes similares en la regi\u00f3n que se vienen urdiendo desde las primeras revoluciones liberales del siglo XIX, \u201ccuando se comenz\u00f3 a consolidar el todav\u00eda vigente modelo de desarrollo basado en la modernizaci\u00f3n: cambio de toda la estructura econ\u00f3mica, pol\u00edtica, social del pa\u00eds para que los pa\u00edses y las sociedades centroamericanas salgan de su retraso y alcancen un estado de desarrollo que los llevar\u00eda a ser iguales a las econom\u00edas desarrolladas y modernas, como Estados Unidos y Europa. Seg\u00fan ese modelo, Centroam\u00e9rica tiene que dejar de ser Centroam\u00e9rica para desarrollarse\u201d, afirma B\u00e4hr-Caballero.<\/p>\n<p>Los nuevos proyectos de desarrollo no supondr\u00e1n \u201cuna ruptura porque lo que proponen hacer no es muy distinto de lo que se ha venido haciendo en la regi\u00f3n, s\u00f3lo cambian de nacionalidad los inversionistas\u201d. Estos proyectos, explica la experta en desarrollo y g\u00e9nero, se llevan a cabo en \u201cen zonas francas en donde no se aplica la legislaci\u00f3n nacional y donde rige la voluntad de las empresas\u201d.<\/p>\n<p>La excepci\u00f3n se volvi\u00f3 norma<\/p>\n<p>Las \u201czonas de empleo y desarrollo econ\u00f3mico\u201d se implementaron en el marco de las pol\u00edticas de ajuste estructural con la idea de relanzar la econom\u00eda de Nicaragua, Honduras, Guatemala y El Salvador despu\u00e9s del conflicto armado.<br \/>\nLago de Nicaragua<\/p>\n<p>Aunque estaban previstas como medida de excepci\u00f3n, \u201cse fueron instalando como un modelo de desarrollo y la tendencia ha sido desvincular a\u00fan m\u00e1s el \u00e1mbito econ\u00f3mico de todos los dem\u00e1s \u00e1mbitos del desarrollo, el social, pol\u00edtico, cultural, y cada vez m\u00e1s supeditar lo segundo al primero\u201d, puntualiza B\u00e4hr-Caballero.<\/p>\n<p>Veinte a\u00f1os despu\u00e9s \u2013y a pesar de innegables avances- \u201clos altos \u00edndices de pobreza, las violaciones a los derechos humanos, la precariedad del trabajo y la ausencia de pol\u00edticas p\u00fablicas coherentes en salud y educaci\u00f3n hablan del fracaso humano del modelo\u201d, asevera.<\/p>\n<p>\u00bfSe necesita un canal?<\/p>\n<p>Es m\u00e1s, \u201cla regi\u00f3n asiste al debilitamiento cada vez m\u00e1s mayor de los procesos de democratizaci\u00f3n de la posguerra, lo que explica por qu\u00e9 esta regi\u00f3n se ha vuelto la v\u00edctima m\u00e1s f\u00e1cil del narcotr\u00e1fico internacional que controla regiones enteras\u201d, a\u00f1ade B\u00e4hr-Caballero y vaticina que, dado que obedecen a la misma visi\u00f3n de desarrollo, los nuevos proyectos de Nicaragua \u2013aunque disparasen su crecimiento econ\u00f3mico- no tendr\u00e1n un efecto m\u00e1s favorable en la regi\u00f3n que otros proyectos extractivos o de infraestructura.<\/p>\n<p>Por el contrario, afirma B\u00e4hr-Caballero, el caso de Costa Rica \u2013que con los mismos recursos que todos los otros pa\u00edses centroamericanos decidi\u00f3 invertir en educaci\u00f3n- demuestra hoy con su alto \u00edndice de desarrollo humano que \u201cno hay que esperar a ser un pa\u00eds con tasas de crecimiento s\u00faper elevado para empezar a dar respuestas a todas las otras necesidades de desarrollo\u00bb.<\/p>\n<p>En este contexto, \u201cla pregunta deber\u00eda ser: \u00bfse necesita el canal?\u201d, concluye B\u00e4hr-Caballero, \u201cy la respuesta deber\u00edan darla no expertos, sino la poblaci\u00f3n que se ver\u00e1 directamente afectada\u201d.<\/p>\n<p>Impacto en la \u201cbuena vecindad\u201d y la integraci\u00f3n<\/p>\n<p>Por otro lado, supuestas reivindicaciones territoriales y mar\u00edtimas nicarag\u00fcenses generan titulares inquietantes, sobre todo en la vecina Costa Rica. A pesar de la inquietud por el pendiente fallo de la Corte de Justicia Internacional de La Haya relativo a la extensi\u00f3n de la plataforma continental de Nicaragua, el polit\u00f3logo P\u00e9rez-Rosa cree poco probable que esto llegue a afectar realmente la \u201cbuena vecindad\u201d en la regi\u00f3n, m\u00e1s a\u00fan cuando favorecer la integraci\u00f3n centroamericana est\u00e1 inscrito en la Constituci\u00f3n del pa\u00eds centroamericano.<\/p>\n<p>\u201cCrear fricciones ser\u00eda un contrasentido del gobierno de Daniel Ortega\u201d, opina P\u00e9rez-Rosa, que ver\u00eda m\u00e1s beneficioso que el proyecto del canal fuese binacional aunque, por el momento, es muy dif\u00edcil prever cu\u00e1l va a ser el impacto a futuro.<\/p>\n","protected":false},"excerpt":{"rendered":"<p>* Aparte de que goza del respaldo del Foro de Sao Paulo, la diferencia est\u00e1 en que China hace negocios y no se conoce que busque la injerencia pol\u00edtica en los Estados donde invierte, afirma especialista en desarrollo de la Universidad Complutense de Madrid Su crecimiento del 5% en 2013 es la prueba de que [&hellip;]<\/p>\n","protected":false},"author":1,"featured_media":22259,"comment_status":"open","ping_status":"open","sticky":false,"template":"","format":"standard","meta":{"om_disable_all_campaigns":false,"_monsterinsights_skip_tracking":false,"_monsterinsights_sitenote_active":false,"_monsterinsights_sitenote_note":"","_monsterinsights_sitenote_category":0,"footnotes":""},"categories":[3,13],"tags":[],"class_list":["post-22258","post","type-post","status-publish","format-standard","has-post-thumbnail","hentry","category-nacionales","category-portada"],"aioseo_notices":[],"_links":{"self":[{"href":"https:\/\/elcronistadigital.com\/index.php?rest_route=\/wp\/v2\/posts\/22258","targetHints":{"allow":["GET"]}}],"collection":[{"href":"https:\/\/elcronistadigital.com\/index.php?rest_route=\/wp\/v2\/posts"}],"about":[{"href":"https:\/\/elcronistadigital.com\/index.php?rest_route=\/wp\/v2\/types\/post"}],"author":[{"embeddable":true,"href":"https:\/\/elcronistadigital.com\/index.php?rest_route=\/wp\/v2\/users\/1"}],"replies":[{"embeddable":true,"href":"https:\/\/elcronistadigital.com\/index.php?rest_route=%2Fwp%2Fv2%2Fcomments&post=22258"}],"version-history":[{"count":3,"href":"https:\/\/elcronistadigital.com\/index.php?rest_route=\/wp\/v2\/posts\/22258\/revisions"}],"predecessor-version":[{"id":22262,"href":"https:\/\/elcronistadigital.com\/index.php?rest_route=\/wp\/v2\/posts\/22258\/revisions\/22262"}],"wp:featuredmedia":[{"embeddable":true,"href":"https:\/\/elcronistadigital.com\/index.php?rest_route=\/wp\/v2\/media\/22259"}],"wp:attachment":[{"href":"https:\/\/elcronistadigital.com\/index.php?rest_route=%2Fwp%2Fv2%2Fmedia&parent=22258"}],"wp:term":[{"taxonomy":"category","embeddable":true,"href":"https:\/\/elcronistadigital.com\/index.php?rest_route=%2Fwp%2Fv2%2Fcategories&post=22258"},{"taxonomy":"post_tag","embeddable":true,"href":"https:\/\/elcronistadigital.com\/index.php?rest_route=%2Fwp%2Fv2%2Ftags&post=22258"}],"curies":[{"name":"wp","href":"https:\/\/api.w.org\/{rel}","templated":true}]}}