{"id":22268,"date":"2013-08-27T11:09:04","date_gmt":"2013-08-27T17:09:04","guid":{"rendered":"http:\/\/elcronistadigital.com\/?p=22268"},"modified":"2013-08-27T11:09:04","modified_gmt":"2013-08-27T17:09:04","slug":"cable-subacuatico-modernizara-a-ometepe","status":"publish","type":"post","link":"https:\/\/elcronistadigital.com\/?p=22268","title":{"rendered":"Cable subacu\u00e1tico modernizar\u00e1 a Ometepe"},"content":{"rendered":"<p><a href=\"https:\/\/elcronistadigital.com\/?attachment_id=22269\" rel=\"attachment wp-att-22269\"><img loading=\"lazy\" decoding=\"async\" class=\"alignleft size-medium wp-image-22269\" title=\"Isla-de-Ometepe\" src=\"https:\/\/elcronistadigital.com\/wp-content\/uploads\/2013\/08\/Isla-de-Ometepe-300x196.jpg\" alt=\"\" width=\"300\" height=\"196\" srcset=\"https:\/\/elcronistadigital.com\/wp-content\/uploads\/2013\/08\/Isla-de-Ometepe-300x196.jpg 300w, https:\/\/elcronistadigital.com\/wp-content\/uploads\/2013\/08\/Isla-de-Ometepe-342x224.jpg 342w, https:\/\/elcronistadigital.com\/wp-content\/uploads\/2013\/08\/Isla-de-Ometepe.jpg 500w\" sizes=\"auto, (max-width: 300px) 100vw, 300px\" \/><\/a>* Ser\u00e1n contratados buzos extranjeros para colocarlo y llevar\u00e1 energ\u00eda el\u00e9ctrica las 24 horas, lo mismo que permitir\u00e1 conexi\u00f3n en banda ancha a internet, telefon\u00eda celular y televisi\u00f3n digital<\/p>\n<p>Si se cumplen los planes, Ometepe ser\u00e1 a finales de 2014 una isla integrada a la modernidad con energ\u00eda el\u00e9ctrica estable y tecnolog\u00eda de punta en telecomunicaciones que permitir\u00e1 mayores velocidades en internet, celulares y televisi\u00f3n digital.<\/p>\n<p>Son las proyecciones que ha realizado la empresa distribuidora de energ\u00eda el\u00e9ctrica Disnorte-Dissur en el contexto de la IV Edici\u00f3n de la Expo Ometepe, que se realiz\u00f3 el fin de semana pasado.<\/p>\n<p>El proyecto incluye la instalaci\u00f3n de un cable sub-acu\u00e1tico de 69 kilovoltios que tendr\u00e1 su punto de partida en el Puerto de San Jorge y atravesar\u00e1 el Lago Cocibolca, logrando por primera vez en la historia interconectar a la paradisiaca isla con el sistema el\u00e9ctrico nacional, seg\u00fan dijeron a la prensa oficial funcionarios de la espa\u00f1ola compa\u00f1\u00eda el\u00e9ctrica.<\/p>\n<p>El equipo de t\u00e9cnicos y especialistas de la empresa espa\u00f1ola, indicaron que este cable sub acu\u00e1tico va a contener fibra \u00f3ptica, por lo que no se trata solo de una interconexi\u00f3n el\u00e9ctrica, sino que tambi\u00e9n vendr\u00eda a instalarse por primera vez una conexi\u00f3n f\u00edsica para las telecomunicaciones, propiciando mayores velocidades en las pistas de internet, tecnolog\u00eda celular y televisi\u00f3n digital.<\/p>\n<p>Inversi\u00f3n de US$ 7 millones<\/p>\n<p>Carlos Fern\u00e1ndez, Director de Distribuci\u00f3n de Disnorte-Dissur, sostuvo durante su ponencia en la Expo Ometepe, que el lanzamiento del proyecto se har\u00e1 en las pr\u00f3ximas semanas, para que la concreci\u00f3n del mismo sea en 2014, debido a que la obra llevar\u00e1 un tiempo de ejecuci\u00f3n de 10 a 12 meses. Adem\u00e1s se\u00f1al\u00f3 que la obra se consolidar\u00e1 en coordinaci\u00f3n con la Empresa Nacional de Transmisi\u00f3n El\u00e9ctrica (Enatrel).<\/p>\n<p>\u201cYa est\u00e1 bastante aterrizado el proyecto, ya lo tenemos bastante estudiado. Tenemos que pasar todav\u00eda una serie de requisitos, tanto legales, administrativos y t\u00e9cnicos; incluso de fabricaci\u00f3n y suministro de materiales. Pero s\u00ed estamos marcados que el 2014 sea la inauguraci\u00f3n de esta nueva etapa en el suministro el\u00e9ctrico de la isla\u201d, expres\u00f3.<\/p>\n<p>Fern\u00e1ndez anunci\u00f3 que todav\u00eda hay muchas variables en relaci\u00f3n al monto de inversi\u00f3n de este importante proyecto, sin embargo hasta la fecha se ha considerado que el mismo puede rondar entre los 7 y 7.5 millones de d\u00f3lares, cuyo objetivo final es aportar a la capacidad de protecci\u00f3n de la propia red y potenciar el tema de las telecomunicaciones.<\/p>\n<p>Los expertos en ingenier\u00eda el\u00e9ctrica y de telecomunicaciones, han explicado que este cable sub-acu\u00e1tico (coaxial: tres cables en uno) tendr\u00e1 una extensi\u00f3n de 185 mil metros cuadrados y tendr\u00e1 un peso de 27 toneladas por cada kil\u00f3metro recorrido en las profundidades del Lago Cocibolca, seg\u00fan la publicaci\u00f3n El 19.<\/p>\n<p>Ya no habr\u00e1 m\u00e1s apagones<\/p>\n<p>Mayra Salinas, Presidenta Ejecutiva del Instituto Nicarag\u00fcense de Turismo (Intur), manifest\u00f3 que lo importante de la instalaci\u00f3n de este sistema de interconectado es precisamente que dar\u00e1 respuesta a una de las grandes preocupaciones que tienen las familias de Ometepe, que es c\u00f3mo se mejora la calidad de la energ\u00eda.<\/p>\n<p>\u201cNosotros lo valoramos muy positivamente (el proyecto) porque compart\u00edan ellos (los t\u00e9cnicos) que han contabilizado 134 apagones totales en lo que va de este a\u00f1o (2013), y eso l\u00f3gicamente afecta los servicios tur\u00edsticos de la isla\u201d, refiri\u00f3.<\/p>\n<p>Buzos instalar\u00e1n cable<\/p>\n<p>Para la concreci\u00f3n de esta red el\u00e9ctrica y fibra \u00f3ptica, la empresa Disnorte-Dissur tendr\u00e1 que contratar a buzos extranjeros para la instalaci\u00f3n de 11 segmentos de cables que llevar\u00e1n un empalme muy espec\u00edfico (porque va dentro del agua).<\/p>\n<p>En un inicio, el cable sub acu\u00e1tico operar\u00e1 en 24.9 kilovoltios, que son suficientes para abastecer la demanda energ\u00e9tica actual de toda la isla. Sin embargo, en la medida que vayan creciendo otros proyectos e\u00f3licos, hidroel\u00e9ctricos o geot\u00e9rmicos, el interconectado podr\u00e1 funcionar en su capacidad m\u00e1xima de 69 kilovoltios, garantizando la evacuaci\u00f3n de la generaci\u00f3n de esta energ\u00eda hacia Rivas y todo el continente.<\/p>\n","protected":false},"excerpt":{"rendered":"<p>* Ser\u00e1n contratados buzos extranjeros para colocarlo y llevar\u00e1 energ\u00eda el\u00e9ctrica las 24 horas, lo mismo que permitir\u00e1 conexi\u00f3n en banda ancha a internet, telefon\u00eda celular y televisi\u00f3n digital Si se cumplen los planes, Ometepe ser\u00e1 a finales de 2014 una isla integrada a la modernidad con energ\u00eda el\u00e9ctrica estable y tecnolog\u00eda de punta en [&hellip;]<\/p>\n","protected":false},"author":1,"featured_media":22269,"comment_status":"open","ping_status":"open","sticky":false,"template":"","format":"standard","meta":{"om_disable_all_campaigns":false,"_monsterinsights_skip_tracking":false,"_monsterinsights_sitenote_active":false,"_monsterinsights_sitenote_note":"","_monsterinsights_sitenote_category":0,"footnotes":""},"categories":[3,13],"tags":[],"class_list":["post-22268","post","type-post","status-publish","format-standard","has-post-thumbnail","hentry","category-nacionales","category-portada"],"aioseo_notices":[],"_links":{"self":[{"href":"https:\/\/elcronistadigital.com\/index.php?rest_route=\/wp\/v2\/posts\/22268","targetHints":{"allow":["GET"]}}],"collection":[{"href":"https:\/\/elcronistadigital.com\/index.php?rest_route=\/wp\/v2\/posts"}],"about":[{"href":"https:\/\/elcronistadigital.com\/index.php?rest_route=\/wp\/v2\/types\/post"}],"author":[{"embeddable":true,"href":"https:\/\/elcronistadigital.com\/index.php?rest_route=\/wp\/v2\/users\/1"}],"replies":[{"embeddable":true,"href":"https:\/\/elcronistadigital.com\/index.php?rest_route=%2Fwp%2Fv2%2Fcomments&post=22268"}],"version-history":[{"count":3,"href":"https:\/\/elcronistadigital.com\/index.php?rest_route=\/wp\/v2\/posts\/22268\/revisions"}],"predecessor-version":[{"id":22272,"href":"https:\/\/elcronistadigital.com\/index.php?rest_route=\/wp\/v2\/posts\/22268\/revisions\/22272"}],"wp:featuredmedia":[{"embeddable":true,"href":"https:\/\/elcronistadigital.com\/index.php?rest_route=\/wp\/v2\/media\/22269"}],"wp:attachment":[{"href":"https:\/\/elcronistadigital.com\/index.php?rest_route=%2Fwp%2Fv2%2Fmedia&parent=22268"}],"wp:term":[{"taxonomy":"category","embeddable":true,"href":"https:\/\/elcronistadigital.com\/index.php?rest_route=%2Fwp%2Fv2%2Fcategories&post=22268"},{"taxonomy":"post_tag","embeddable":true,"href":"https:\/\/elcronistadigital.com\/index.php?rest_route=%2Fwp%2Fv2%2Ftags&post=22268"}],"curies":[{"name":"wp","href":"https:\/\/api.w.org\/{rel}","templated":true}]}}