{"id":22283,"date":"2013-08-27T17:11:27","date_gmt":"2013-08-27T23:11:27","guid":{"rendered":"http:\/\/elcronistadigital.com\/?p=22283"},"modified":"2013-08-27T17:11:27","modified_gmt":"2013-08-27T23:11:27","slug":"reactivaran-ferry-entre-el-salvador-y-nicaragua","status":"publish","type":"post","link":"https:\/\/elcronistadigital.com\/?p=22283","title":{"rendered":"Reactivar\u00e1n ferry entre El Salvador y Nicaragua"},"content":{"rendered":"<p><a href=\"https:\/\/elcronistadigital.com\/?attachment_id=22284\" rel=\"attachment wp-att-22284\"><img loading=\"lazy\" decoding=\"async\" class=\"alignleft size-full wp-image-22284\" title=\"ferry\" src=\"https:\/\/elcronistadigital.com\/wp-content\/uploads\/2013\/08\/ferry.jpg\" alt=\"\" width=\"220\" height=\"165\" srcset=\"https:\/\/elcronistadigital.com\/wp-content\/uploads\/2013\/08\/ferry.jpg 220w, https:\/\/elcronistadigital.com\/wp-content\/uploads\/2013\/08\/ferry-60x45.jpg 60w, https:\/\/elcronistadigital.com\/wp-content\/uploads\/2013\/08\/ferry-150x113.jpg 150w\" sizes=\"auto, (max-width: 220px) 100vw, 220px\" \/><\/a>El Gobierno salvadore\u00f1o est\u00e1 en negociaciones con una empresa naviera internacional para que opere un servicio de transbordador entre El Salvador y Nicaragua a trav\u00e9s del golfo de Fonseca, en el Pac\u00edfico, dijo este martes una fuente oficial citada por Acan Efe.<\/p>\n<p>Seg\u00fan el presidente de la estatal Comisi\u00f3n Ejecutiva Portuaria Aut\u00f3noma (CEPA), Alberto Arene, la negociaci\u00f3n con la empresa, de la que no facilit\u00f3 el nombre, pero dijo que es \u00abmuy buena\u00bb, est\u00e1 avanzada e incluso ya se notific\u00f3 a las autoridades de Nicaragua.<\/p>\n<p>\u00abNo hemos firmado nada todav\u00eda\u00bb, aunque \u00abya estuve hablando con las autoridades nicarag\u00fcenses\u00bb, dijo Arene a los periodistas.<\/p>\n<p>Sin embargo, \u00absiendo realistas, esperamos que podamos inaugurar este ferry antes que concluya este a\u00f1o\u00bb, agreg\u00f3 el funcionario.<\/p>\n<p>Tras varios a\u00f1os de negociaciones, el estudio de viabilidad del servicio de transbordador para conectar los puertos de La Uni\u00f3n (El Salvador) y Corinto (Nicaragua) fue entregado a los dos pa\u00edses en 2002, pero desde entonces el proyecto no tuvo continuidad.<\/p>\n<p>Arene argument\u00f3 que el servicio no se ha puesto en marcha porque hasta ahora \u00abno aparec\u00eda una empresa interesada\u00bb en manejarlo.<\/p>\n<p>El transbordador podr\u00e1 transportar pasajeros, autom\u00f3viles, autobuses y camiones de carga entre los dos pa\u00edses, lo que permitir\u00e1 ahorro de tiempo y costos en relaci\u00f3n al trayecto por carretera, que debe hacerse por Honduras, dijo.<\/p>\n<p>El servicio de transbordador \u00abser\u00eda una antesala\u00bb del beneficio que recibir\u00e1 El Salvador \u00abya cuando est\u00e9 operando plenamente\u00bb el puerto de La Uni\u00f3n, cuyo proceso de concesi\u00f3n est\u00e1 en marcha, a\u00f1adi\u00f3 el presidente de la CEPA.<\/p>\n","protected":false},"excerpt":{"rendered":"<p>El Gobierno salvadore\u00f1o est\u00e1 en negociaciones con una empresa naviera internacional para que opere un servicio de transbordador entre El Salvador y Nicaragua a trav\u00e9s del golfo de Fonseca, en el Pac\u00edfico, dijo este martes una fuente oficial citada por Acan Efe. Seg\u00fan el presidente de la estatal Comisi\u00f3n Ejecutiva Portuaria Aut\u00f3noma (CEPA), Alberto Arene, [&hellip;]<\/p>\n","protected":false},"author":1,"featured_media":22284,"comment_status":"open","ping_status":"open","sticky":false,"template":"","format":"standard","meta":{"om_disable_all_campaigns":false,"_monsterinsights_skip_tracking":false,"_monsterinsights_sitenote_active":false,"_monsterinsights_sitenote_note":"","_monsterinsights_sitenote_category":0,"footnotes":""},"categories":[15],"tags":[],"class_list":["post-22283","post","type-post","status-publish","format-standard","has-post-thumbnail","hentry","category-politca"],"aioseo_notices":[],"_links":{"self":[{"href":"https:\/\/elcronistadigital.com\/index.php?rest_route=\/wp\/v2\/posts\/22283","targetHints":{"allow":["GET"]}}],"collection":[{"href":"https:\/\/elcronistadigital.com\/index.php?rest_route=\/wp\/v2\/posts"}],"about":[{"href":"https:\/\/elcronistadigital.com\/index.php?rest_route=\/wp\/v2\/types\/post"}],"author":[{"embeddable":true,"href":"https:\/\/elcronistadigital.com\/index.php?rest_route=\/wp\/v2\/users\/1"}],"replies":[{"embeddable":true,"href":"https:\/\/elcronistadigital.com\/index.php?rest_route=%2Fwp%2Fv2%2Fcomments&post=22283"}],"version-history":[{"count":3,"href":"https:\/\/elcronistadigital.com\/index.php?rest_route=\/wp\/v2\/posts\/22283\/revisions"}],"predecessor-version":[{"id":22287,"href":"https:\/\/elcronistadigital.com\/index.php?rest_route=\/wp\/v2\/posts\/22283\/revisions\/22287"}],"wp:featuredmedia":[{"embeddable":true,"href":"https:\/\/elcronistadigital.com\/index.php?rest_route=\/wp\/v2\/media\/22284"}],"wp:attachment":[{"href":"https:\/\/elcronistadigital.com\/index.php?rest_route=%2Fwp%2Fv2%2Fmedia&parent=22283"}],"wp:term":[{"taxonomy":"category","embeddable":true,"href":"https:\/\/elcronistadigital.com\/index.php?rest_route=%2Fwp%2Fv2%2Fcategories&post=22283"},{"taxonomy":"post_tag","embeddable":true,"href":"https:\/\/elcronistadigital.com\/index.php?rest_route=%2Fwp%2Fv2%2Ftags&post=22283"}],"curies":[{"name":"wp","href":"https:\/\/api.w.org\/{rel}","templated":true}]}}