{"id":22289,"date":"2013-08-28T07:46:00","date_gmt":"2013-08-28T13:46:00","guid":{"rendered":"http:\/\/elcronistadigital.com\/?p=22289"},"modified":"2013-08-28T07:46:00","modified_gmt":"2013-08-28T13:46:00","slug":"piden-que-golfo-de-fonseca-sea-reserva-trinacional-de-la-biosfera","status":"publish","type":"post","link":"https:\/\/elcronistadigital.com\/?p=22289","title":{"rendered":"Piden que Golfo de Fonseca sea \u201creserva trinacional de la biosfera\u201d"},"content":{"rendered":"<p><a href=\"https:\/\/elcronistadigital.com\/?attachment_id=22290\" rel=\"attachment wp-att-22290\"><img loading=\"lazy\" decoding=\"async\" class=\"alignleft size-full wp-image-22290\" title=\"Golfo de Fonseca\" src=\"https:\/\/elcronistadigital.com\/wp-content\/uploads\/2013\/08\/Golfo-de-Fonseca.jpg\" alt=\"\" width=\"280\" height=\"210\" srcset=\"https:\/\/elcronistadigital.com\/wp-content\/uploads\/2013\/08\/Golfo-de-Fonseca.jpg 280w, https:\/\/elcronistadigital.com\/wp-content\/uploads\/2013\/08\/Golfo-de-Fonseca-60x45.jpg 60w, https:\/\/elcronistadigital.com\/wp-content\/uploads\/2013\/08\/Golfo-de-Fonseca-150x113.jpg 150w, https:\/\/elcronistadigital.com\/wp-content\/uploads\/2013\/08\/Golfo-de-Fonseca-269x201.jpg 269w\" sizes=\"auto, (max-width: 280px) 100vw, 280px\" \/><\/a>Centenares de habitantes de Chinandega participaron en una marcha para pedir a la Unesco declare Reserva Trinacional de la Biosfera al Golfo de Fonseca, que comparten Nicaragua, Honduras y El Salvador, en el Pac\u00edfico.<\/p>\n<p>En la caminata, de casi cinco kil\u00f3metros y que sali\u00f3 del centro del municipio de Chinandega, y fue encabezada por las autoridades locales, del ambiente, grupos ecologistas y estudiantes, demandaron tambi\u00e9n la preservaci\u00f3n y conservaci\u00f3n de la tortuga carey, seg\u00fan inform\u00f3 Efe.<\/p>\n<p>Hilario Mendoza, coordinador del proyecto Ecopesca ejecutado en los tres pa\u00edses centroamericanos por el grupo ecologista Amigos de la Tierra de Espa\u00f1a, explic\u00f3 a Efe que el objetivo de la marcha fue demostrar que \u00abel Golfo de Fonseca merece ser elevado a la categor\u00eda de Reserva de Biosfera por todos los valores naturales, ecol\u00f3gicos y culturales que posee\u00bb.<\/p>\n<p>\u00abPor ser un ecosistema compartido por tres pa\u00edses (El Salvador, Honduras y Nicaragua) ya tiene un valor natural, un valor pol\u00edtico, social y ambiental\u00bb, valor\u00f3.<\/p>\n<p>Seg\u00fan el ambientalista, el Golfo de Fonseca es una zona en la que los pescadores de las tres naciones interact\u00faan, por lo cual, dijo, es vital la regulaci\u00f3n y optimizaci\u00f3n de la explotaci\u00f3n de recursos marinos.<\/p>\n<p>El delegado del Ministerio de Ambiente y los Recursos Naturales de la provincia de Chinandega, Presentaci\u00f3n Rodr\u00edguez, declar\u00f3 a Efe que si esa zona es declarada Reserva Trinacional de la Biosfera por la Unesco, permitir\u00eda que \u00abhaya mayor equilibrio y conservaci\u00f3n de los recursos de esta reserva\u00bb.<\/p>\n<p>Tambi\u00e9n facilitar\u00eda que \u00abhaya una explotaci\u00f3n m\u00e1s sostenible por parte de las comunidades que habitan la zona\u00bb, agreg\u00f3.<\/p>\n<p>El funcionario dijo que la caminata tambi\u00e9n fue en respaldo al acuerdo suscrito por los presidentes de El Salvador, Mauricio Funes; de Honduras, Porfirio Lobo, y de Nicaragua, Daniel Ortega, el 8 de mayo pasado en Managua.<\/p>\n<p>En ese encuentro los tres mandatarios acordaron estudiar la posibilidad de crear una autoridad trinacional para el Golfo de Fonseca, que comparten en el Pac\u00edfico y suele ser un foco de tensi\u00f3n para los tres pa\u00edses.<\/p>\n<p>Por su parte el vicealcalde del municipio El Viejo, Mauricio Rivera, dijo a Efe que las autoridades locales de la zona est\u00e1n comprometidas con la preservaci\u00f3n del medio ambiente y si se declara Reserva de la Biosfera al Golfo de Fonseca no s\u00f3lo ser\u00e1 un \u00abreconocimiento a nivel mundial\u00bb, sino que permitir\u00eda el desarrollo en ese lugar.<\/p>\n<p>Durante la caminata, que fue amenizada por ritmo de bandas escolares, los organizadores tambi\u00e9n demandaron promover la preservaci\u00f3n de especies en v\u00edas de extinci\u00f3n como la tortuga de carey.<\/p>\n","protected":false},"excerpt":{"rendered":"<p>Centenares de habitantes de Chinandega participaron en una marcha para pedir a la Unesco declare Reserva Trinacional de la Biosfera al Golfo de Fonseca, que comparten Nicaragua, Honduras y El Salvador, en el Pac\u00edfico. En la caminata, de casi cinco kil\u00f3metros y que sali\u00f3 del centro del municipio de Chinandega, y fue encabezada por las [&hellip;]<\/p>\n","protected":false},"author":1,"featured_media":22290,"comment_status":"open","ping_status":"open","sticky":false,"template":"","format":"standard","meta":{"om_disable_all_campaigns":false,"_monsterinsights_skip_tracking":false,"_monsterinsights_sitenote_active":false,"_monsterinsights_sitenote_note":"","_monsterinsights_sitenote_category":0,"footnotes":""},"categories":[3],"tags":[],"class_list":["post-22289","post","type-post","status-publish","format-standard","has-post-thumbnail","hentry","category-nacionales"],"aioseo_notices":[],"_links":{"self":[{"href":"https:\/\/elcronistadigital.com\/index.php?rest_route=\/wp\/v2\/posts\/22289","targetHints":{"allow":["GET"]}}],"collection":[{"href":"https:\/\/elcronistadigital.com\/index.php?rest_route=\/wp\/v2\/posts"}],"about":[{"href":"https:\/\/elcronistadigital.com\/index.php?rest_route=\/wp\/v2\/types\/post"}],"author":[{"embeddable":true,"href":"https:\/\/elcronistadigital.com\/index.php?rest_route=\/wp\/v2\/users\/1"}],"replies":[{"embeddable":true,"href":"https:\/\/elcronistadigital.com\/index.php?rest_route=%2Fwp%2Fv2%2Fcomments&post=22289"}],"version-history":[{"count":3,"href":"https:\/\/elcronistadigital.com\/index.php?rest_route=\/wp\/v2\/posts\/22289\/revisions"}],"predecessor-version":[{"id":22293,"href":"https:\/\/elcronistadigital.com\/index.php?rest_route=\/wp\/v2\/posts\/22289\/revisions\/22293"}],"wp:featuredmedia":[{"embeddable":true,"href":"https:\/\/elcronistadigital.com\/index.php?rest_route=\/wp\/v2\/media\/22290"}],"wp:attachment":[{"href":"https:\/\/elcronistadigital.com\/index.php?rest_route=%2Fwp%2Fv2%2Fmedia&parent=22289"}],"wp:term":[{"taxonomy":"category","embeddable":true,"href":"https:\/\/elcronistadigital.com\/index.php?rest_route=%2Fwp%2Fv2%2Fcategories&post=22289"},{"taxonomy":"post_tag","embeddable":true,"href":"https:\/\/elcronistadigital.com\/index.php?rest_route=%2Fwp%2Fv2%2Ftags&post=22289"}],"curies":[{"name":"wp","href":"https:\/\/api.w.org\/{rel}","templated":true}]}}