{"id":22299,"date":"2013-08-28T08:58:58","date_gmt":"2013-08-28T14:58:58","guid":{"rendered":"http:\/\/elcronistadigital.com\/?p=22299"},"modified":"2013-08-28T08:58:58","modified_gmt":"2013-08-28T14:58:58","slug":"panameno-gana-premio-a-la-excelencia-academica-ruben-dario-2013","status":"publish","type":"post","link":"https:\/\/elcronistadigital.com\/?p=22299","title":{"rendered":"Paname\u00f1o gana Premio a la Excelencia Acad\u00e9mica \u201cRub\u00e9n Dar\u00edo\u201d 2013"},"content":{"rendered":"<div id=\"attachment_22300\" style=\"width: 310px\" class=\"wp-caption alignleft\"><a href=\"https:\/\/elcronistadigital.com\/?attachment_id=22300\" rel=\"attachment wp-att-22300\"><img loading=\"lazy\" decoding=\"async\" aria-describedby=\"caption-attachment-22300\" class=\"size-medium wp-image-22300\" title=\"F\u00e9lix Mantilla\" src=\"https:\/\/elcronistadigital.com\/wp-content\/uploads\/2013\/08\/F\u00e9lix-Mantilla-300x159.jpg\" alt=\"\" width=\"300\" height=\"159\" srcset=\"https:\/\/elcronistadigital.com\/wp-content\/uploads\/2013\/08\/F\u00e9lix-Mantilla-300x159.jpg 300w, https:\/\/elcronistadigital.com\/wp-content\/uploads\/2013\/08\/F\u00e9lix-Mantilla-342x182.jpg 342w, https:\/\/elcronistadigital.com\/wp-content\/uploads\/2013\/08\/F\u00e9lix-Mantilla.jpg 770w\" sizes=\"auto, (max-width: 300px) 100vw, 300px\" \/><\/a><p id=\"caption-attachment-22300\" class=\"wp-caption-text\">F\u00e9lix Mantilla, ganador del premio Rub\u00e9n Dar\u00edo a la excelencia acad\u00e9mica.<\/p><\/div>\n<p>F\u00e9lix Mantilla, de tercer a\u00f1o de la Licenciatura en Arquitectura, quien posee 2.95 de \u00cdndice Acad\u00e9mico, es el estudiante de la Universidad de Panam\u00e1 al que le corresponde recibir el Premio Excelencia Acad\u00e9mica \u201cRub\u00e9n Dar\u00edo\u201d.<\/p>\n<p>La mencionada distinci\u00f3n la confiere cada a\u00f1o el Consejo Superior Universitario Centroamericano (Csuca), por medio del Consejo Regional de Vida Universitaria (Conreve) a los estudiantes con mayor \u00cdndice Acad\u00e9mico de las universidades estatales de Centroam\u00e9rica y del Caribe.<\/p>\n<p>Mantilla sue\u00f1a con ser escritor. La lectura es su \u201cpasatiempo\u201d favorito. Se\u00f1al\u00f3 que despu\u00e9s de terminar la carrera, probablemente conseguir\u00e1 un trabajo. Si se le presenta la oportunidad de especializarse en el extranjero, la tomar\u00e1. Enfatiz\u00f3 que no quiere dejar de estudiar.<\/p>\n<p>Al dar sus impresiones por el reconocimiento recibido, expres\u00f3 que fue algo inesperado. Manifest\u00f3 que le agrada saber que los logros y las virtudes de los estudiantes son objeto de reconocimiento.<\/p>\n<p>Percibe que esta instituci\u00f3n mantiene a disposici\u00f3n y en beneficio de los estudiantes muchas actividades y oportunidades para hacer valer y desarrollar sus capacidades, virtudes y talentos, aunque considera que no siempre los alumnos se enteran de \u00e9stas.<\/p>\n<p>Dirigi\u00f3 un mensaje a la juventud, y en especial, a los estudiantes de la Universidad de Panam\u00e1, meditando que quienes reciben educaci\u00f3n deben considerarse afortunados. No s\u00f3lo por lo valioso que es luchar hasta culminar una carrera y abrirse camino hacia una vida de buena calidad; sino por la formaci\u00f3n que ofrece el mundo, la vida y sus lecciones.<\/p>\n<p>Concluy\u00f3 que deber\u00edamos corresponder sacando el mejor provecho, actuando con reciprocidad y gratitud de la manera m\u00e1s atinada: manteniendo excelencia acad\u00e9mica.<br \/>\nLa VIII edici\u00f3n de esta premiaci\u00f3n se verificar\u00e1 este jueves 29 de agosto en Rep\u00fablica Dominicana.<\/p>\n","protected":false},"excerpt":{"rendered":"<p>F\u00e9lix Mantilla, de tercer a\u00f1o de la Licenciatura en Arquitectura, quien posee 2.95 de \u00cdndice Acad\u00e9mico, es el estudiante de la Universidad de Panam\u00e1 al que le corresponde recibir el Premio Excelencia Acad\u00e9mica \u201cRub\u00e9n Dar\u00edo\u201d. La mencionada distinci\u00f3n la confiere cada a\u00f1o el Consejo Superior Universitario Centroamericano (Csuca), por medio del Consejo Regional de Vida [&hellip;]<\/p>\n","protected":false},"author":1,"featured_media":22300,"comment_status":"open","ping_status":"open","sticky":false,"template":"","format":"standard","meta":{"om_disable_all_campaigns":false,"_monsterinsights_skip_tracking":false,"_monsterinsights_sitenote_active":false,"_monsterinsights_sitenote_note":"","_monsterinsights_sitenote_category":0,"footnotes":""},"categories":[15],"tags":[],"class_list":["post-22299","post","type-post","status-publish","format-standard","has-post-thumbnail","hentry","category-politca"],"aioseo_notices":[],"_links":{"self":[{"href":"https:\/\/elcronistadigital.com\/index.php?rest_route=\/wp\/v2\/posts\/22299","targetHints":{"allow":["GET"]}}],"collection":[{"href":"https:\/\/elcronistadigital.com\/index.php?rest_route=\/wp\/v2\/posts"}],"about":[{"href":"https:\/\/elcronistadigital.com\/index.php?rest_route=\/wp\/v2\/types\/post"}],"author":[{"embeddable":true,"href":"https:\/\/elcronistadigital.com\/index.php?rest_route=\/wp\/v2\/users\/1"}],"replies":[{"embeddable":true,"href":"https:\/\/elcronistadigital.com\/index.php?rest_route=%2Fwp%2Fv2%2Fcomments&post=22299"}],"version-history":[{"count":3,"href":"https:\/\/elcronistadigital.com\/index.php?rest_route=\/wp\/v2\/posts\/22299\/revisions"}],"predecessor-version":[{"id":22303,"href":"https:\/\/elcronistadigital.com\/index.php?rest_route=\/wp\/v2\/posts\/22299\/revisions\/22303"}],"wp:featuredmedia":[{"embeddable":true,"href":"https:\/\/elcronistadigital.com\/index.php?rest_route=\/wp\/v2\/media\/22300"}],"wp:attachment":[{"href":"https:\/\/elcronistadigital.com\/index.php?rest_route=%2Fwp%2Fv2%2Fmedia&parent=22299"}],"wp:term":[{"taxonomy":"category","embeddable":true,"href":"https:\/\/elcronistadigital.com\/index.php?rest_route=%2Fwp%2Fv2%2Fcategories&post=22299"},{"taxonomy":"post_tag","embeddable":true,"href":"https:\/\/elcronistadigital.com\/index.php?rest_route=%2Fwp%2Fv2%2Ftags&post=22299"}],"curies":[{"name":"wp","href":"https:\/\/api.w.org\/{rel}","templated":true}]}}